{"id":102970,"date":"2025-12-03T08:36:30","date_gmt":"2025-12-03T08:36:30","guid":{"rendered":"https:\/\/www.europesays.com\/no\/102970\/"},"modified":"2025-12-03T08:36:30","modified_gmt":"2025-12-03T08:36:30","slug":"india-krever-sikkerhetsapp-pa-alle-mobiler-far-tilgang-til-anropslogg-og-kamera","status":"publish","type":"post","link":"https:\/\/www.europesays.com\/no\/102970\/","title":{"rendered":"India krever sikkerhetsapp p\u00e5 alle mobiler: F\u00e5r tilgang til anropslogg og kamera"},"content":{"rendered":"<p>Indias telekommunikasjonsdepartement krever at Apple og andre mobilprodusenter forh\u00e5ndsinstallerer en statlig cybersikkerhetsapp p\u00e5 alle nye smarttelefoner som selges i India, melder Financial Times.\u00a0<\/p>\n<p>Kravet gjelder den statlige indiske appen Sanchar Saathi og har utl\u00f8st kritikk fra personvernforkjempere, som advarer mot \u00f8kt statlig innsyn i et av verdens st\u00f8rste mobilmarkeder med over 700 millioner brukere.<\/p>\n<p class=\"subhead\" data-element-type=\"subhead\" data-element-label=\"Mellomtittel\">\u2013 Dypt bekymringsfullt<\/p>\n<p>If\u00f8lge appens personvernerkl\u00e6ring vil Sanchar Saathi ha tilgang til blant annet anropslogg, telefonminne og kamera. Departementet sier form\u00e5let er \u00e5 hindre \u00abmisbruk av telekomressurser til cyberbedrageri\u00bb og \u00e5 styrke \u00abtelekom-cybersikkerhet\u00bb.<\/p>\n<p>I en instruks utstedt i forrige uke, og offentliggjort mandag, heter det at produsentene m\u00e5 s\u00f8rge for at appen er lett tilgjengelig under f\u00f8rstegangsoppsett, uten mulighet til \u00e5 deaktivere eller begrense funksjoner, if\u00f8lge FT.<\/p>\n<p><b>\u00abProdusentene m\u00e5 s\u00f8rge for at appen er lett tilgjengelig under enhetsoppsettet, uten at funksjonene dens kan deaktiveres eller begrenses\u00bb, heter det i p\u00e5legget.<br \/><\/b><\/p>\n<p>For telefoner som allerede er i bruk, \u00f8nsker myndighetene at appen installeres via programvareoppdateringer innen tre m\u00e5neder. Appen kan blant annet brukes til \u00e5 spore tapte og stj\u00e5lne enheter.<\/p>\n<p>Apar Gupta, direkt\u00f8r i Internet Freedom Foundation, mener direktivet inneb\u00e6rer en \u00abdypt bekymringsfull utvidelse\u00bb av myndighetenes kontroll over private digitale enheter. Han understreker at m\u00e5let om \u00e5 bekjempe svindel kan v\u00e6re legitimt, men mener virkemidlene er uforholdsmessige og svekker brukernes personvern og selvbestemmelse.<\/p>\n<p class=\"subhead\" data-element-type=\"subhead\" data-element-label=\"Mellomtittel\">\u2013 Helt frivillig<\/p>\n<p>Regjeringen opplyste i forrige m\u00e5ned at mer enn 700.000 tapte smarttelefoner er funnet ved hjelp av Sanchar Saathi siden appen ble lansert for frivillig bruk ved starten av \u00e5ret, if\u00f8lge FT.<\/p>\n<p><b>Etter kritikken har kommunikasjonsminister Jyotiraditya Scindia hevdet at bruken er \u00abhelt frivillig\u00bb, og at appen kan slettes n\u00e5r som helst.<\/b><\/p>\n<p data-is-last-node=\"\" data-is-only-node=\"\">En statlig unders\u00f8kelse viser at over 85 prosent av indiske husholdninger eier minst \u00e9n smarttelefon.\u00a0<\/p>\n","protected":false},"excerpt":{"rendered":"Indias telekommunikasjonsdepartement krever at Apple og andre mobilprodusenter forh\u00e5ndsinstallerer en statlig cybersikkerhetsapp p\u00e5 alle nye smarttelefoner som selges&hellip;\n","protected":false},"author":2,"featured_media":102971,"comment_status":"","ping_status":"","sticky":false,"template":"","format":"standard","meta":{"footnotes":""},"categories":[56],"tags":[60,61,62,30,28,29],"class_list":{"0":"post-102970","1":"post","2":"type-post","3":"status-publish","4":"format-standard","5":"has-post-thumbnail","7":"category-naeringsliv","8":"tag-business","9":"tag-economy","10":"tag-naeringsliv","11":"tag-no","12":"tag-norge","13":"tag-norway"},"share_on_mastodon":{"url":"https:\/\/pubeurope.com\/@no\/115654727016752700","error":""},"_links":{"self":[{"href":"https:\/\/www.europesays.com\/no\/wp-json\/wp\/v2\/posts\/102970","targetHints":{"allow":["GET"]}}],"collection":[{"href":"https:\/\/www.europesays.com\/no\/wp-json\/wp\/v2\/posts"}],"about":[{"href":"https:\/\/www.europesays.com\/no\/wp-json\/wp\/v2\/types\/post"}],"author":[{"embeddable":true,"href":"https:\/\/www.europesays.com\/no\/wp-json\/wp\/v2\/users\/2"}],"replies":[{"embeddable":true,"href":"https:\/\/www.europesays.com\/no\/wp-json\/wp\/v2\/comments?post=102970"}],"version-history":[{"count":0,"href":"https:\/\/www.europesays.com\/no\/wp-json\/wp\/v2\/posts\/102970\/revisions"}],"wp:featuredmedia":[{"embeddable":true,"href":"https:\/\/www.europesays.com\/no\/wp-json\/wp\/v2\/media\/102971"}],"wp:attachment":[{"href":"https:\/\/www.europesays.com\/no\/wp-json\/wp\/v2\/media?parent=102970"}],"wp:term":[{"taxonomy":"category","embeddable":true,"href":"https:\/\/www.europesays.com\/no\/wp-json\/wp\/v2\/categories?post=102970"},{"taxonomy":"post_tag","embeddable":true,"href":"https:\/\/www.europesays.com\/no\/wp-json\/wp\/v2\/tags?post=102970"}],"curies":[{"name":"wp","href":"https:\/\/api.w.org\/{rel}","templated":true}]}}