{"id":102982,"date":"2025-12-03T08:51:15","date_gmt":"2025-12-03T08:51:15","guid":{"rendered":"https:\/\/www.europesays.com\/no\/102982\/"},"modified":"2025-12-03T08:51:15","modified_gmt":"2025-12-03T08:51:15","slug":"usa-innvandringsbrems-nyt-usa-setter-soknader-om-opphold-og-statsborgerskap-pa-pause","status":"publish","type":"post","link":"https:\/\/www.europesays.com\/no\/102982\/","title":{"rendered":"USA, Innvandringsbrems | NYT: USA setter s\u00f8knader om opphold og statsborgerskap p\u00e5 pause"},"content":{"rendered":"\n<p>USA setter alle innvandringss\u00f8knader, blant dem s\u00f8knader om permanent opphold (green card) og statsborgerskap, p\u00e5 pause for folk fra 19 land.<\/p>\n<p>Pausen gjelder personer fra 19 land som president Donald Trumps administrasjon innf\u00f8rte innreisebegrensninger p\u00e5 tidligere i \u00e5r, skriver <a href=\"https:\/\/www.nytimes.com\/2025\/12\/02\/us\/politics\/trump-travel-ban-citizenship-green-cards-dc-shooting.html\" rel=\"nofollow noopener\" target=\"_blank\">The New York Times<\/a>.<\/p>\n<p>Avgj\u00f8relsen kommer etter at en immigrant fra Afghanistan skj\u00f8t flere soldater fra nasjonalgarden i n\u00e6rheten av Det hvite hus.<\/p>\n<p>Les ogs\u00e5: <a class=\"simple-relation related-teaser article--c-eRUmMG article--c-eRUmMG-fZoQSp-design-nettavisen article--c-eRUmMG-gwthdJ-cv\" href=\"https:\/\/www.nettavisen.no\/skjot-nasjonalgardister-na-er-han-siktet-for-drap\/s\/5-95-2759330\" rel=\"nofollow noopener\" target=\"_blank\">Skj\u00f8t nasjonalgardister: N\u00e5 er han siktet for drap<\/a><\/p>\n<p>Etter dette har Trump \u00f8kt retorikken mot innvandrere fra flere land. Tidligere denne uken kom han blant annet med kraftige utfall mot Somalia:<\/p>\n<p>&#8211; De bidrar ikke med noe. Jeg vil ikke ha dem i v\u00e5rt land, sa han if\u00f8lge<a href=\"https:\/\/www.theguardian.com\/us-news\/2025\/dec\/02\/trump-somali-immigrants-minnesota\" rel=\"Follow nofollow noopener\" target=\"_blank\"> The Guardian<\/a>.<\/p>\n<p>    Vil du se neste video?<\/p>\n<p>    <a href=\"https:\/\/www.nettavisen.no\/fredrik-solvang\/jonas-gahr-store\/debatten\/fredrik-solvang-himler-av-jonas-gahr-store-men-i-alle\/v\/5-95-2751917\" class=\"recommend-poster\" data-adp-clicklabel=\"video-recommend\" data-adp-clickvalue=\"poster\" rel=\"nofollow noopener\" target=\"_blank\"><br \/>\n      <img decoding=\"async\" width=\"200\" height=\"200\" loading=\"lazy\" src=\"https:\/\/www.europesays.com\/no\/wp-content\/uploads\/2025\/11\/Solvang+bredde.jpg\" alt=\"\" class=\"brick-c-cFOWSL\" style=\"--brick-image-ratio: 200 \/ 200;\"\/><\/p>\n<p>Himler av St\u00f8re: \u2013 Men i alle\u20261:06<\/p>\n<p>    <\/a><\/p>\n<p>Vil ha de beste av de beste<\/p>\n<p>\u2013 Trump-administrasjonen gj\u00f8r alt den kan for \u00e5 sikre at personer som blir borgere, er de beste av de beste. Statsborgerskap er et privilegium, ikke en rettighet, sier talsmann Matthew Tragesser i den amerikanske innvandringsmyndigheten U.S. Citizenship and Immigration Services.<\/p>\n<p>Han bekrefter pausen og sier:<\/p>\n<p>\u2013 Vi tar ingen sjanser n\u00e5r v\u00e5rt lands fremtid st\u00e5r p\u00e5 spill.<\/p>\n<p><b>Les ogs\u00e5: <a class=\"simple-relation related-teaser article--c-eRUmMG article--c-eRUmMG-fZoQSp-design-nettavisen article--c-eRUmMG-gwthdJ-cv\" href=\"https:\/\/www.nettavisen.no\/trump-sier-han-ikke-vil-ha-somaliere-i-usa-vi-gar-feil-vei\/s\/5-95-2759351\" rel=\"nofollow noopener\" target=\"_blank\">Trump sier han ikke vil ha somaliere i USA: \u2013 Vi g\u00e5r feil vei<\/a><\/b><\/p>\n<p>Landene som rammes<\/p>\n<p>Listen over land er som f\u00f8lger:<\/p>\n<p><b>Iran, Sudan, Eritrea, Somalia, Haiti, Venezuela, Libya, Sierra Leone, Togo, Ekvatorial-Guinea, Kongo-Brazzaville, Burundi, Tsjad, Libya, Jemen, Turkmenistan, Afghanistan, Myanmar og Laos.<\/b><\/p>\n<p>    Vil du se neste video?<\/p>\n<p>    <a href=\"https:\/\/www.nettavisen.no\/fredrik-solvang\/jonas-gahr-store\/debatten\/fredrik-solvang-himler-av-jonas-gahr-store-men-i-alle\/v\/5-95-2751917\" class=\"recommend-poster\" data-adp-clicklabel=\"video-recommend\" data-adp-clickvalue=\"poster\" rel=\"nofollow noopener\" target=\"_blank\"><br \/>\n      <img decoding=\"async\" width=\"200\" height=\"200\" loading=\"lazy\" src=\"https:\/\/www.europesays.com\/no\/wp-content\/uploads\/2025\/11\/Solvang+bredde.jpg\" alt=\"\" class=\"brick-c-cFOWSL\" style=\"--brick-image-ratio: 200 \/ 200;\"\/><\/p>\n<p>Himler av St\u00f8re: \u2013 Men i alle\u20261:06<\/p>\n<p>    <\/a><\/p>\n<p>I forrige uke varslet Trump at han vil jobbe for permanent innvandringspause.<\/p>\n<p>\u2013 Jeg vil permanent pause innvandring fra alle land i den tredje verden for \u00e5 la det amerikanske systemet komme seg fullstendig, skrev Trump p\u00e5 Truth Social.<\/p>\n<p>Han truet ogs\u00e5 med \u00e5 reversere \u00abmillioner\u00bb av innreiser som ble innvilget under hans forgjenger Joe Biden, og med \u00e5 \u00abfjerne alle som ikke er en netto gevinst for USA\u00bb.<\/p>\n<p>Trumps uttalelser kom etter at en soldat i nasjonalgarden d\u00f8de torsdag etter \u00e5 ha blitt skutt n\u00e6r Det hvite hus i et bakholdsangrep. Den antatte gjerningspersonen er afghansk statsborger.<\/p>\n","protected":false},"excerpt":{"rendered":"USA setter alle innvandringss\u00f8knader, blant dem s\u00f8knader om permanent opphold (green card) og statsborgerskap, p\u00e5 pause for folk&hellip;\n","protected":false},"author":2,"featured_media":102983,"comment_status":"","ping_status":"","sticky":false,"template":"","format":"standard","meta":{"footnotes":""},"categories":[12],"tags":[20,21,24,25,15,22,23,13,30,28,29,14,16,26,27,42,43,44,45],"class_list":{"0":"post-102982","1":"post","2":"type-post","3":"status-publish","4":"format-standard","5":"has-post-thumbnail","7":"category-verden","8":"tag-breaking-news","9":"tag-breakingnews","10":"tag-featured-news","11":"tag-featurednews","12":"tag-headlines","13":"tag-latest-news","14":"tag-latestnews","15":"tag-news","16":"tag-no","17":"tag-norge","18":"tag-norway","19":"tag-nyheter","20":"tag-overskrifter","21":"tag-top-stories","22":"tag-topstories","23":"tag-verden","24":"tag-world","25":"tag-world-news","26":"tag-worldnews"},"share_on_mastodon":{"url":"https:\/\/pubeurope.com\/@no\/115654786098303848","error":""},"_links":{"self":[{"href":"https:\/\/www.europesays.com\/no\/wp-json\/wp\/v2\/posts\/102982","targetHints":{"allow":["GET"]}}],"collection":[{"href":"https:\/\/www.europesays.com\/no\/wp-json\/wp\/v2\/posts"}],"about":[{"href":"https:\/\/www.europesays.com\/no\/wp-json\/wp\/v2\/types\/post"}],"author":[{"embeddable":true,"href":"https:\/\/www.europesays.com\/no\/wp-json\/wp\/v2\/users\/2"}],"replies":[{"embeddable":true,"href":"https:\/\/www.europesays.com\/no\/wp-json\/wp\/v2\/comments?post=102982"}],"version-history":[{"count":0,"href":"https:\/\/www.europesays.com\/no\/wp-json\/wp\/v2\/posts\/102982\/revisions"}],"wp:featuredmedia":[{"embeddable":true,"href":"https:\/\/www.europesays.com\/no\/wp-json\/wp\/v2\/media\/102983"}],"wp:attachment":[{"href":"https:\/\/www.europesays.com\/no\/wp-json\/wp\/v2\/media?parent=102982"}],"wp:term":[{"taxonomy":"category","embeddable":true,"href":"https:\/\/www.europesays.com\/no\/wp-json\/wp\/v2\/categories?post=102982"},{"taxonomy":"post_tag","embeddable":true,"href":"https:\/\/www.europesays.com\/no\/wp-json\/wp\/v2\/tags?post=102982"}],"curies":[{"name":"wp","href":"https:\/\/api.w.org\/{rel}","templated":true}]}}