{"id":102988,"date":"2025-12-03T09:10:08","date_gmt":"2025-12-03T09:10:08","guid":{"rendered":"https:\/\/www.europesays.com\/no\/102988\/"},"modified":"2025-12-03T09:10:08","modified_gmt":"2025-12-03T09:10:08","slug":"ny-siktelse-etter-drapet-pa-metkel-betew-nrk-norge-oversikt-over-nyheter-fra-ulike-deler-av-landet","status":"publish","type":"post","link":"https:\/\/www.europesays.com\/no\/102988\/","title":{"rendered":"Ny siktelse etter drapet p\u00e5 Metkel Betew \u2013 NRK Norge \u2013 Oversikt over nyheter fra ulike deler av landet"},"content":{"rendered":"<p>Av hensyn til etterforskningen er politiet sv\u00e6rt tilbakeholden med detaljer.<\/p>\n<p>Stig Millehaugen har fram til n\u00e5 v\u00e6rt den eneste kjente siktede i saken. Han ble p\u00e5grepet tre dager etter drapet p\u00e5 skj\u00e6rtorsdag i \u00e5r.<\/p>\n<p>Politiet har tidligere sagt at en sentral hypotese er drapet p\u00e5 Betew var et bestillingsdrap, og at <a href=\"https:\/\/www.nrk.no\/norge\/politiet-til-nrk_-mistanken-mot-stig-millehaugen-er-styrket-1.17425337\" ec-id=\"pp:article:1.17425337\" ec-name=\"flere personer har v\u00e6rt involvert\" rel=\"nofollow noopener\" target=\"_blank\">flere personer har v\u00e6rt involvert<\/a>.<\/p>\n<p>Den nye siktelsen kommer ogs\u00e5 frem i en fersk fengslingskjennelse der Oslo tingrett forlenget Millehaugens varetektsfengsling med fire uker.<\/p>\n<p>Samme siktelse som Millehaugen<\/p>\n<p>Da Millehaugen ble fremstilt for videre varetektsfengsling denne uken for drapet p\u00e5 Metkel Betew, sto det i kjennelsen at han undergis:<\/p>\n<ul>\n<li><strong>\u00abbrev- og bes\u00f8ksforbud mot medsiktede\u00bb<\/strong><\/li>\n<\/ul>\n<p>Politiadvokat Christian Hatlo bekrefter at det er tatt ut nye siktelser i saken. Av hensyn til etterforskningen er han sv\u00e6rt tilbakeholden med detaljer.<\/p>\n<p>\u2013 Jeg \u00f8nsker ikke \u00e5 kommentere hvor mange som er siktet, sier han til NRK.\n<\/p>\n<p><img decoding=\"async\"   src=\"data:image\/gif;base64,R0lGODlhAQABAIAAAAAAAP\/\/\/yH5BAEAAAAALAAAAAABAAEAAAIBRAA7\" loading=\"eager\" alt=\"Fengslingsm\u00f8te for Stig Millehaugen for drapet p\u00e5 Metkel Betew i Oslo tingrett. \" title=\"Foto: Aurora Ytreberg Mel\u00f8e \/ NRK\"\/><\/p>\n<p class=\"\">Politiadvokat Christian Hatlo under et fengslingsm\u00f8te for Stig Millehaugen for drapet p\u00e5 Metkel Betew i Oslo tingrett.<\/p>\n<p>Foto: Aurora Ytreberg Mel\u00f8e \/ NRK<\/p>\n<p>Politiadvokaten sier at den nye siktelsen gjelder drap eller medvirkning til drap. Det er det samme Stig Millehaugen er siktet for.<\/p>\n<p><strong>Hatlo \u00f8nsker ikke \u00e5 opplyse om hvem som er oppnevnt som forsvarer.<\/strong><\/p>\n<p>Hva som knytter den eller de nye personene som er siktet til drapet, \u00f8nsker ikke Hatlo \u00e5 kommentere.<\/p>\n<p>Hevder han var vitne til drapet<\/p>\n<p>Politiet vil ikke si hvem eller hvor mange de mener var involvert i drapet.<\/p>\n<p>Millehaugen er siktet for drap eller medvirkning til drap p\u00e5 tidligere Nokas-raner Metkel Betew i p\u00e5sken i \u00e5r. Han har nektet for \u00e5 ha noe med drapet \u00e5 gj\u00f8re.<\/p>\n<p>Drapssiktede Stig Millehaugen hevder han var vitne til drapet p\u00e5 Betew i Godliaskogen p\u00e5 Oppsal i Oslo i p\u00e5sken i \u00e5r. Det meldte <a href=\"https:\/\/www.vg.no\/nyheter\/i\/mP7MQL\/vgs-bilder-fra-rekonstruksjonen-av-drapet-paa-metkel-betew\" ec-id=\"https:\/\/www.vg.no\/nyheter\/i\/mP7MQL\/vgs-bilder-fra-rekonstruksjonen-av-drapet-paa-metkel-betew\" ec-name=\"VG\" rel=\"nofollow noopener\" target=\"_blank\">VG<\/a> nylig.<\/p>\n<p><strong>Det var skj\u00e6rtorsdag i \u00e5r at Nokas-raner Metkel Betew funnet skutt og drept i skogen p\u00e5 Oppsal.<\/strong><\/p>\n<p>Den p\u00e5f\u00f8lgende p\u00e5skehelgen ble Millehaugen p\u00e5grepet i saken.<\/p>\n<p>Publisert<\/p>\n<p>03.12.2025, kl. 09.47<\/p>\n<p>Oppdatert<\/p>\n<p>03.12.2025, kl. 10.10<\/p>\n","protected":false},"excerpt":{"rendered":"Av hensyn til etterforskningen er politiet sv\u00e6rt tilbakeholden med detaljer. Stig Millehaugen har fram til n\u00e5 v\u00e6rt den&hellip;\n","protected":false},"author":2,"featured_media":102989,"comment_status":"","ping_status":"","sticky":false,"template":"","format":"standard","meta":{"footnotes":""},"categories":[10],"tags":[20,21,24,25,15,22,23,13,30,28,29,14,16,26,27],"class_list":{"0":"post-102988","1":"post","2":"type-post","3":"status-publish","4":"format-standard","5":"has-post-thumbnail","7":"category-norge","8":"tag-breaking-news","9":"tag-breakingnews","10":"tag-featured-news","11":"tag-featurednews","12":"tag-headlines","13":"tag-latest-news","14":"tag-latestnews","15":"tag-news","16":"tag-no","17":"tag-norge","18":"tag-norway","19":"tag-nyheter","20":"tag-overskrifter","21":"tag-top-stories","22":"tag-topstories"},"share_on_mastodon":{"url":"https:\/\/pubeurope.com\/@no\/115654860671667833","error":""},"_links":{"self":[{"href":"https:\/\/www.europesays.com\/no\/wp-json\/wp\/v2\/posts\/102988","targetHints":{"allow":["GET"]}}],"collection":[{"href":"https:\/\/www.europesays.com\/no\/wp-json\/wp\/v2\/posts"}],"about":[{"href":"https:\/\/www.europesays.com\/no\/wp-json\/wp\/v2\/types\/post"}],"author":[{"embeddable":true,"href":"https:\/\/www.europesays.com\/no\/wp-json\/wp\/v2\/users\/2"}],"replies":[{"embeddable":true,"href":"https:\/\/www.europesays.com\/no\/wp-json\/wp\/v2\/comments?post=102988"}],"version-history":[{"count":0,"href":"https:\/\/www.europesays.com\/no\/wp-json\/wp\/v2\/posts\/102988\/revisions"}],"wp:featuredmedia":[{"embeddable":true,"href":"https:\/\/www.europesays.com\/no\/wp-json\/wp\/v2\/media\/102989"}],"wp:attachment":[{"href":"https:\/\/www.europesays.com\/no\/wp-json\/wp\/v2\/media?parent=102988"}],"wp:term":[{"taxonomy":"category","embeddable":true,"href":"https:\/\/www.europesays.com\/no\/wp-json\/wp\/v2\/categories?post=102988"},{"taxonomy":"post_tag","embeddable":true,"href":"https:\/\/www.europesays.com\/no\/wp-json\/wp\/v2\/tags?post=102988"}],"curies":[{"name":"wp","href":"https:\/\/api.w.org\/{rel}","templated":true}]}}