{"id":102992,"date":"2025-12-03T09:16:17","date_gmt":"2025-12-03T09:16:17","guid":{"rendered":"https:\/\/www.europesays.com\/no\/102992\/"},"modified":"2025-12-03T09:16:17","modified_gmt":"2025-12-03T09:16:17","slug":"norge-lover-5-milliarder-kroner-til-kjop-av-amerikanske-vapen-til-ukraina","status":"publish","type":"post","link":"https:\/\/www.europesays.com\/no\/102992\/","title":{"rendered":"Norge lover 5 milliarder kroner til kj\u00f8p av amerikanske v\u00e5pen til Ukraina"},"content":{"rendered":"\n<p class=\"_lead_o9xde_2 _lead_xtcu6_50 layout-component text-serif-m layout-normal text-serif-l layout-component layout-wide layout-padded _wide_17hqh_1 layout-padded\">Utenriksminister Espen Barth Eide (Ap) er onsdag i Brussel p\u00e5 utenriksministerm\u00f8tet i Nato.  <\/p>\n<p><img alt=\"GRENSEN G\u00c5R HER: Ukraina m\u00e5 ikke p\u00e5legges helt urimelige krav om \u00e5 gi opp territorium de i dag besitter, sier utenriksminister Espen Barth Eide f\u00f8r Natos utenriksministerm\u00f8te. \" class=\"_image_qp4xg_65 layout-component layout-wide\" data-fullscreen- data-track-element-type=\"Article image fullscreen\" data-track-name=\"ImageFullscreen\" fetchpriority=\"high\" decoding=\"sync\" loading=\"eager\" height=\"2533\" itemprop=\"image\"  src=\"https:\/\/www.europesays.com\/no\/wp-content\/uploads\/2025\/12\/444d655a-68a6-44e5-b185-d325ad01a4ab\"  style=\"object-position:0% 0%\" width=\"3800\"\/> Foto: Thomas Nilsson \/ VG<\/p>\n<ul aria-hidden=\"true\" class=\"_images_1uft6_111\">\n<li><a class=\"_link_1uft6_116\" href=\"https:\/\/www.vg.no\/forfatter\/alf-bjarne-johnsen\" style=\"z-index:2\" title=\"Alf Bjarne Johnsen\" rel=\"nofollow noopener\" target=\"_blank\"><img alt=\"Bilde av Alf Bjarne Johnsen\" class=\"_image_1uft6_93\" fetchpriority=\"low\" loading=\"lazy\" decoding=\"async\" itemprop=\"image\"  src=\"https:\/\/www.europesays.com\/no\/wp-content\/uploads\/2025\/12\/1764753374_874_a8952b63-f4d3-424e-ab5c-93e67076c9b0\"  width=\"480\"\/><\/a><\/li>\n<li><a class=\"_link_1uft6_116\" href=\"https:\/\/www.vg.no\/forfatter\/hedda-kurseth\" style=\"z-index:1\" title=\"Hedda Kurseth\" rel=\"nofollow noopener\" target=\"_blank\"><img alt=\"Bilde av Hedda Kurseth\" class=\"_image_1uft6_93\" fetchpriority=\"low\" loading=\"lazy\" decoding=\"async\" itemprop=\"image\"  src=\"https:\/\/www.europesays.com\/no\/wp-content\/uploads\/2025\/12\/1764753374_788_b6ad06ce-2f4e-4492-9dd9-7cfbdae81f6d\"  width=\"480\"\/><\/a><\/li>\n<\/ul>\n<p>Rapporterer fra Brussel og Oslo  Oppdatert onsdag 3. desember kl. 08:50     <\/p>\n<p class=\"_paragraph_o9xde_4 _paragraph_xtcu6_10 layout-component text-serif-m layout-normal text-serif-m layout-padded\">Regjeringen legger n\u00e5 en betydelig sum p\u00e5 bordet for nye innkj\u00f8p av v\u00e5pen fra USA til Ukraina.  <\/p>\n<p class=\"_paragraph_o9xde_4 _paragraph_xtcu6_10 layout-component text-serif-m layout-normal text-serif-m layout-padded\">\u2013 Europas skjebne st\u00e5r p\u00e5 spill, sier han etter nattens resultatl\u00f8se m\u00f8te i Moskva mellom Trumps utsendinger Steve Witkoff og Jared Kushner. <\/p>\n<p class=\"_paragraph_o9xde_4 _paragraph_xtcu6_10 layout-component text-serif-m layout-normal text-serif-m layout-padded\">Fem milliarder kroner som Norge n\u00e5 bidrar med, er en del av Nansen-pakken som Stortinget har bevilget tidligere. Denne gang samarbeider Norge med Tyskland og Polen for \u00e5 gj\u00f8re disse v\u00e5penpakkene enda st\u00f8rre. <\/p>\n<p class=\"_paragraph_o9xde_4 _paragraph_xtcu6_10 layout-component text-serif-m layout-normal text-serif-m layout-padded\">Tyskland bidrar med to milliarder kroner, i f\u00f8lge deres utenriksminister, Johann Wadephul.<\/p>\n<p class=\"_paragraph_o9xde_4 _paragraph_xtcu6_10 layout-component text-serif-m layout-normal text-serif-m layout-padded\">\u2013 Det er betaling for amerikanske v\u00e5pen, og det er mye luftvern, sier den norske utenriksministeren.<\/p>\n<p class=\"_paragraph_o9xde_4 _paragraph_xtcu6_10 layout-component text-serif-m layout-normal text-serif-m layout-padded\">Tirsdag Nato-sjef Mark Rutte at han<a href=\"https:\/\/www.vg.no\/nyheter\/i\/oEL5jj\/vanskeligere-aa-faa-vaapenbidrag-til-ukraina-maa-sende-rundt-hatten\" data-track-element-type=\"Link\" data-track-id=\"link:oEL5jj\" class=\"_link_o9xde_39\" rel=\"nofollow noopener\" target=\"_blank\"> \u00abm\u00e5 sende rundt hatten\u00bb<\/a> for \u00e5 opprettholde st\u00f8tten. Det norske bidraget er et av flere som n\u00e5 kommer fra ulik Nato-land, mens Ukraina kjemper hardt for \u00e5 st\u00e5 imot et \u00f8kt russisk milit\u00e6rt press n\u00e5 over vinteren.<\/p>\n<p class=\"_paragraph_o9xde_4 _paragraph_xtcu6_10 layout-component text-serif-m layout-normal text-serif-m layout-padded\">\u2013 Den beste m\u00e5ten \u00e5 legge press p\u00e5 Russland, er \u00e5 sikre at v\u00e5pen flyter inn i Ukraina, og at de \u00f8konomiske sanksjonene biter hardere, sa Rutte f\u00f8r utenriksministerm\u00f8tet onsdag morgen.<\/p>\n<p class=\"_paragraph_o9xde_4 _paragraph_xtcu6_10 layout-component text-serif-m layout-normal text-serif-m layout-padded\">Nato har ogs\u00e5 invitert <a href=\"https:\/\/www.vg.no\/nyheter\/i\/W09aLj\/ukrainas-utenriksminister-til-vg-putin-er-den-stoerste-morderen-av-sitt-eget-folk\" data-track-element-type=\"Link\" data-track-id=\"link:W09aLj\" class=\"_link_o9xde_39\" rel=\"nofollow noopener\" target=\"_blank\">Ukrainas utenriksminister Andrij Sybiha <\/a>til m\u00f8tet i Brussel. <\/p>\n<p>Viktig at USA lytter <\/p>\n<p class=\"_paragraph_o9xde_4 _paragraph_xtcu6_10 layout-component text-serif-m layout-normal text-serif-m layout-padded\">Espen Barth Eide kommenterte ogs\u00e5 m\u00f8tet i Moskva:<\/p>\n<p class=\"_paragraph_o9xde_4 _paragraph_xtcu6_10 layout-component text-serif-m layout-normal text-serif-m layout-padded\">\u2013 Vi \u00f8nsker velkommen fors\u00f8kene p\u00e5 \u00e5 bidra til fremgang mot fred, og ukrainerne er jo s\u00e5 tydelige p\u00e5 det at de er glad for at det gj\u00f8res fors\u00f8k p\u00e5 \u00e5 bringe denne forberedelige krigen til opph\u00f8r, sa Eide til VG onsdag morgen.<\/p>\n<p class=\"_paragraph_o9xde_4 _paragraph_xtcu6_10 layout-component text-serif-m layout-normal text-serif-m layout-padded\"><strong class=\"_strong_o9xde_25\">\u2013 Kan man stole p\u00e5 at USA ivaretar Europas interesser n\u00e5r amerikanerne m\u00f8ter i Moskva uten Europa og Ukraina?<\/strong><\/p>\n<p class=\"_paragraph_o9xde_4 _paragraph_xtcu6_10 layout-component text-serif-m layout-normal text-serif-m layout-padded\">\u2013  Det har v\u00e6rt gjort et veldig viktig arbeid gjort i koalisjonen av villige, europeiske land med Norge inkludert, og Canada. Vi har jobbet opp mot Ukraina for \u00e5 vise at de har v\u00e5r klare st\u00f8tte, men ogs\u00e5 opp mot USA for \u00e5 understreke at her er det ogs\u00e5 en del europeiske perspektiver som har inn. <\/p>\n<p class=\"_paragraph_o9xde_4 _paragraph_xtcu6_10 layout-component text-serif-m layout-normal text-serif-m layout-padded\"><strong class=\"_strong_o9xde_25\">\u2013 Det er viktig at USA lytter, ikke minst fordi Europa n\u00e5 betaler mye mer av krigsinnsatsen til Ukraina enn amerikanerne gj\u00f8r, sa Eide. <\/strong><\/p>\n<p><img alt=\"Den amerikanske og den ukrainske delegasjen i Florida s\u00f8ndag.   Foto: Eva Marie Uzcategui \/ Reuters \/ NTB\" class=\"_image_qp4xg_65 layout-component layout-normal\" data-fullscreen- data-track-element-type=\"Article image fullscreen\" data-track-name=\"ImageFullscreen\" decoding=\"async\" loading=\"lazy\" height=\"3668\" itemprop=\"image\"  src=\"https:\/\/www.europesays.com\/no\/wp-content\/uploads\/2025\/12\/1e796a7c-1994-4f53-9279-a81bf6b89374\"  style=\"object-position:0% 0%\" width=\"5500\"\/>Den amerikanske og den ukrainske delegasjen i Florida s\u00f8ndag.   Foto: Eva Marie Uzcategui \/ Reuters \/ NTBRubio uteblir<\/p>\n<p class=\"_paragraph_o9xde_4 _paragraph_xtcu6_10 layout-component text-serif-m layout-normal text-serif-m layout-padded\">USAs utenriksminister Marco Rubio har meldt avbud til utenriksministerm\u00f8tet, og sendt viseutenriksminister Christopher Landau i stedet. Rubio var i helgen i m\u00f8ter med en ukrainsk delegasjon i Florida. <\/p>\n<p class=\"_paragraph_o9xde_4 _paragraph_xtcu6_10 layout-component text-serif-m layout-normal text-serif-m layout-padded\">Natos generalsekret\u00e6r Mark Rutte avviste blankt at USA med dette nedprioriterer Nato:<\/p>\n<p class=\"_paragraph_o9xde_4 _paragraph_xtcu6_10 layout-component text-serif-m layout-normal text-serif-m layout-padded\">\u2013 Rubio jobber ekstremt hardt for \u00e5 h\u00e5ndtere situasjonen i Ukraina. Jeg aksepterer fullstendig at han ikke er i stand til \u00e5 komme hit, sa Rutte.<\/p>\n<p>    <img decoding=\"async\" alt=\"Tips oss illustrasjon\" src=\"https:\/\/www.europesays.com\/no\/wp-content\/uploads\/2025\/10\/pssst-small.webp.webp\"\/>    <\/p>\n<p class=\"title-serif-s\">Har du tips?<\/p>\n<p class=\"text-sans-m\">Send oss informasjon, bilder eller video.<\/p>\n<p>  <a href=\"https:\/\/www.vg.no\/tips-oss\" rel=\"nofollow noopener\" target=\"_blank\"> Tips oss <\/a>      <\/p>\n","protected":false},"excerpt":{"rendered":"Utenriksminister Espen Barth Eide (Ap) er onsdag i Brussel p\u00e5 utenriksministerm\u00f8tet i Nato. Foto: Thomas Nilsson \/ VG&hellip;\n","protected":false},"author":2,"featured_media":102993,"comment_status":"","ping_status":"","sticky":false,"template":"","format":"standard","meta":{"footnotes":""},"categories":[12],"tags":[31,20,21,258,24,25,15,179,22,23,13,30,28,29,14,16,363,26,27,50,42,43,44,45],"class_list":{"0":"post-102992","1":"post","2":"type-post","3":"status-publish","4":"format-standard","5":"has-post-thumbnail","7":"category-verden","8":"tag-breaking","9":"tag-breaking-news","10":"tag-breakingnews","11":"tag-espen-barth-eide","12":"tag-featured-news","13":"tag-featurednews","14":"tag-headlines","15":"tag-krigen-i-ukraina","16":"tag-latest-news","17":"tag-latestnews","18":"tag-news","19":"tag-no","20":"tag-norge","21":"tag-norway","22":"tag-nyheter","23":"tag-overskrifter","24":"tag-steve-witkoff","25":"tag-top-stories","26":"tag-topstories","27":"tag-usa","28":"tag-verden","29":"tag-world","30":"tag-world-news","31":"tag-worldnews"},"share_on_mastodon":{"url":"https:\/\/pubeurope.com\/@no\/115654884783375839","error":""},"_links":{"self":[{"href":"https:\/\/www.europesays.com\/no\/wp-json\/wp\/v2\/posts\/102992","targetHints":{"allow":["GET"]}}],"collection":[{"href":"https:\/\/www.europesays.com\/no\/wp-json\/wp\/v2\/posts"}],"about":[{"href":"https:\/\/www.europesays.com\/no\/wp-json\/wp\/v2\/types\/post"}],"author":[{"embeddable":true,"href":"https:\/\/www.europesays.com\/no\/wp-json\/wp\/v2\/users\/2"}],"replies":[{"embeddable":true,"href":"https:\/\/www.europesays.com\/no\/wp-json\/wp\/v2\/comments?post=102992"}],"version-history":[{"count":0,"href":"https:\/\/www.europesays.com\/no\/wp-json\/wp\/v2\/posts\/102992\/revisions"}],"wp:featuredmedia":[{"embeddable":true,"href":"https:\/\/www.europesays.com\/no\/wp-json\/wp\/v2\/media\/102993"}],"wp:attachment":[{"href":"https:\/\/www.europesays.com\/no\/wp-json\/wp\/v2\/media?parent=102992"}],"wp:term":[{"taxonomy":"category","embeddable":true,"href":"https:\/\/www.europesays.com\/no\/wp-json\/wp\/v2\/categories?post=102992"},{"taxonomy":"post_tag","embeddable":true,"href":"https:\/\/www.europesays.com\/no\/wp-json\/wp\/v2\/tags?post=102992"}],"curies":[{"name":"wp","href":"https:\/\/api.w.org\/{rel}","templated":true}]}}