{"id":102994,"date":"2025-12-03T09:17:43","date_gmt":"2025-12-03T09:17:43","guid":{"rendered":"https:\/\/www.europesays.com\/no\/102994\/"},"modified":"2025-12-03T09:17:43","modified_gmt":"2025-12-03T09:17:43","slug":"skolebehovsplanen-politikk-kjaere-byrad-og-bystyre-skrot-hele-skolebehovsplanen-og-begynn-pa-nytt-igjen","status":"publish","type":"post","link":"https:\/\/www.europesays.com\/no\/102994\/","title":{"rendered":"Skolebehovsplanen , Politikk | Kj\u00e6re byr\u00e5d og bystyre, skrot hele skolebehovsplanen \u2013 og begynn p\u00e5 nytt igjen!"},"content":{"rendered":"\n<p>Byr\u00e5dspartiene H\u00f8yre og Venstre har de siste ukene forhandlet med Frp og KrF p\u00e5 bakrom i R\u00e5dhuset for \u00e5 sikre flertall for en ny plan.<\/p>\n<p><b>Dessverre \u00ablyktes\u00bb de med dette. <\/b><\/p>\n<p>Det hadde v\u00e6rt bedre om de ikke hadde kommet i m\u00e5l. Om H\u00f8yre og Venstre hadde kommet i mindretall i bystyret.<\/p>\n<p>S\u00f8ppelkasse<\/p>\n<p><b>Byr\u00e5det og bystyret ville ha gjort byen en stor tjeneste hvis de hadde kastet hele skolebehovsplanen i f\u00f8rste og beste s\u00f8ppelkasse. Alternativt ha gravd den ned p\u00e5 ukjent sted.<\/b><\/p>\n<p><b>Og s\u00e5 begynt helt p\u00e5 nytt igjen. <\/b><\/p>\n<p>Slik at den skolebehovsplanen som gjelder n\u00e5 i dag, vedtatt av bystyret i 2022, fortsetter \u00e5 gjelde inntil en legitim, troverdig og gjennomarbeidet ny plan er blitt produsert, basert p\u00e5 \u00e5penhet og forsvarlig saksbehandling.<\/p>\n<p>Det var en selsom forestilling vi ble vitne til denne gr\u00e5 og hustrige tirsdags formiddagen p\u00e5 Trosterud skole.<\/p>\n<p>Det g\u00e5r ogs\u00e5 an \u00e5 si at det var en s\u00f8rgelig forestilling, for kvaliteten og seri\u00f8siteten for politikken i Oslo.<\/p>\n<p><b>Vel, det er ikke helt riktig. Den var ikke s\u00f8rgelig for alle.<\/b><\/p>\n<p>Jubeldag for noen<\/p>\n<p>For noen var det en jubeldag. For de hundrevis av personene som har jobbet et utall timer frivillig i aksjonsgrupper for at det skulle etableres to nye skoler p\u00e5 Ensj\u00f8, i tillegg til nye skoler p\u00e5 Trosterud og Haugerud, rant gledest\u00e5rene i strie str\u00f8mmer. Deres skoler skal bygges! Deres kamp ble kronet med seier!<\/p>\n<p><b>Det var ganske r\u00f8rende \u00e5 se dette ekte, dype engasjementet for sine lokalmilj\u00f8er. For folk p\u00e5 Ensj\u00f8, Trosterud og Haugerud var dette en gedigen lettelse, som jeg p\u00e5 ingen m\u00e5te \u00f8nsker \u00e5 forminske.<\/b><\/p>\n<p>Samtidig er det viktig \u00e5 understreke at alle disse skolene faktisk ligger inne i den skolebehovsplanen som gjelder i dag. Aksjonsgruppene har lyktes med \u00e5 f\u00e5 de planlagte skolene sine tilbake i den nye Skolebehovsplanen, etter at de tidligere har v\u00e6rt foresl\u00e5tt droppet av b\u00e5de byr\u00e5det og Utdanningsetaten.<\/p>\n<p>Det er alts\u00e5 en grunn til at de fire partiene valgte \u00e5 legge pressekonferansen til Trosterud. De kunne selvsagt ogs\u00e5 valgt grendeskolene i Maridalen og S\u00f8rkedalen, som ble foresl\u00e5tt nedlagt, men n\u00e5 overlever. Men det ville ikke tatt seg like godt ut, siden alle vet at det var Frp som reddet dem fra nedleggelse.<\/p>\n<p>F\u00e5 fakkeltog p\u00e5 Furuset<\/p>\n<p><b>Hvorfor ble den ikke lagt noen kilometer lenger nord\u00f8st i byen? Trolig fordi det i planen kun er lagt opp til \u00aboppgraderinger av uteomr\u00e5dene\u00bb ved Furuset skole, som er gammeldags og ligger klin inntil E6. Det blir alts\u00e5 ingen ny skole i Verdensparken, som var den opprinnelige planen. Den er n\u00e5 skrinlagt. Kan det ogs\u00e5 ha sammenheng med at man p\u00e5 Furuset ikke har v\u00e6rt like gode til \u00e5 arrangere protestm\u00f8ter og demonstrasjoner som Ensj\u00f8? <\/b><\/p>\n<p>Pressekonferansen ble spesielt ikke lagt til Bj\u00f8rvika:<\/p>\n<p>\u00abSkolen i Bj\u00f8rvika skal bygges fleksibelt som kombinert barne- og ungdomsskole. Skolen etableres som ungdomsskole n\u00e5r den \u00e5pner i 2028, men partiene ber byr\u00e5det sikre at boligbygging og elevtall f\u00f8lges n\u00f8ye, og legge fram ny vurdering av \u00e5 etablere barnetrinn ved skolen i neste skolebehovsplan\u00bb.<\/p>\n<p><b>Ingen jubeldag for sm\u00e5barnsforeldre p\u00e5 S\u00f8renga og i Bj\u00f8rvika, alts\u00e5.<\/b><\/p>\n<p>M\u00f8llergata nedlegges<\/p>\n<p>Presentasjonen av det borgerlige forliket ble heller ikke lagt til Norges eldste barneskole, M\u00f8llergata. Den blir n\u00e5 nedlagt. Men skal visstnok fylles opp av elever i videreg\u00e5ende oppl\u00e6ring.<\/p>\n<p><b>Pressekonferansen ble heller ikke lagt til Hoff skole. Den er skutt ut i det bl\u00e5, selv om det bygges boliger p\u00e5 Sk\u00f8yen som bare det. I pressemeldingen st\u00e5r det kun f\u00f8lgende: <\/b><\/p>\n<p><b>\u00abP\u00e5 Hoff er partiene enige om at tomten beholdes for skole og andre form\u00e5l og b\u00f8r reguleres snart\u00bb. <\/b><\/p>\n<p>Skolene p\u00e5 Sagene og Nordpolen mister fortsatt ungdomstrinnene sine, og blir rene barneskoler. Ungdomstrinnet p\u00e5 begge flyttes til den nye ungdomsskolen Bentsebrua skole.<\/p>\n<p>Beslutningen om omstrukturering av Abilds\u00f8 skole er utsatt til egen sak om spesialgrupper er klar eller til neste skolebehovsplan, hvilket ble tatt godt imot, fordi en utsettelse er bedre enn planene som ble foresl\u00e5tt.<\/p>\n<p>Uklart p\u00e5 Karlsrud<\/p>\n<p><b>Karlsrud skole pustet ogs\u00e5 lettet ut, men formuleringene i den borgerlige avtalen er ikke lette \u00e5 f\u00e5 tak p\u00e5: <\/b><\/p>\n<p><b>\u00abP\u00e5 Karlsrud skal b\u00e5de barnetrinnet og ungdomstrinnet kunne bruke dagens lokaler s\u00e5 lenge som mulig, ved omstrukturering f\u00f8rst skjer n\u00e5r rehabilitering av skolen starter\u00bb. En uklar utsettelse, der alts\u00e5.<\/b><\/p>\n<p>Frp kommer ogs\u00e5 til \u00e5 sikre flertall for at Fyrstikkalleen (F21), Bryn og Brynseng fortsatt skal omstruktureres slik at ungdomstrinnet p\u00e5 F21 flyttes til Brynseng. Byr\u00e5det har foresl\u00e5tt fra 2026, men i kompromisset st\u00e5r det n\u00e5 ingen dato.<\/p>\n<p>Jeg skal ikke plage mine lesere med en full gjennomgang i hvor galt det har g\u00e5tt fra dag \u00e9n n\u00e5r det gjelder byr\u00e5dets h\u00e5ndtering av ny skolebehovsplan, men hvis du likevel er nysgjerrig kan du ha glede av \u00e5 lese denne kommentaren:<\/p>\n<p>  <a href=\"https:\/\/www.ao.no\/5-128-1088534\" class=\"related-teaser has-image default-opinion-teaser article--c-eRUmMG article--c-eRUmMG-jKCPdD-design-default\" rel=\"nofollow noopener\" target=\"_blank\"><\/p>\n<p>    <img decoding=\"async\" loading=\"lazy\"  src=\"https:\/\/www.europesays.com\/no\/wp-content\/uploads\/2025\/08\/Kopi+av+MAL_KOMMENTAR_AO+-+2025-08-05T102000.334.jpg\" alt=\"\" class=\"brick-c-cFOWSL\" style=\"\"\/><\/p>\n<p>\n            Les ogs\u00e5<\/p>\n<p>              Det som har kommet ut av skolebehovsplanen til n\u00e5, er total forvirring og full usikkerhet\n        <\/p>\n<p>  <\/a><\/p>\n<p>Og hvis den lidelseshistorien ikke er lang nok for deg, kan du lese denne ogs\u00e5:<\/p>\n<p>  <a href=\"https:\/\/www.ao.no\/5-128-1115872\" class=\"related-teaser has-image default-opinion-teaser article--c-eRUmMG article--c-eRUmMG-jKCPdD-design-default\" rel=\"nofollow noopener\" target=\"_blank\"><\/p>\n<p>    <img decoding=\"async\" loading=\"lazy\"  src=\"https:\/\/www.europesays.com\/no\/wp-content\/uploads\/2025\/12\/Kopi+av+MAL_KOMMENTAR_AO+%281%29.jpg\" alt=\"\" class=\"brick-c-cFOWSL\" style=\"\"\/><\/p>\n<p>\n            Les ogs\u00e5<\/p>\n<p>              Det er grunn til \u00e5 frykte at byr\u00e5det ikke forst\u00e5r hvor mye tillit de allerede har brent av\n        <\/p>\n<p>  <\/a><\/p>\n<p>Hva kan v\u00e6re grunnen til at denne prosessen sporet av?<\/p>\n<p>Undervurderte radikale forslag<\/p>\n<p>Mitt beste tips er at byr\u00e5det totalt undervurderte hvor radikale forslag Utdanningsetaten kom med i forslaget som ble sendt ut p\u00e5 h\u00f8ring. Og at de hadde skaffet seg et altfor smalt og ufullstendig faktagrunnlag til \u00e5 gjennomf\u00f8re endringer i byen som har betydelig innvirkning p\u00e5 langt flere sektorer enn skole.<\/p>\n<p><b>Oppgaven var altfor stor til at den kunne h\u00e5ndteres av kun en av Oslos 24 etater alene.<\/b><\/p>\n<p><b>Og s\u00e5 greide ikke byr\u00e5det \u00e5 trekke i n\u00f8dbremsen.<\/b><\/p>\n<p>De burde skj\u00f8nt alvoret da forslaget til ny skolebehovsplan ble totalslaktet av Plan- og bygningsetaten og sterkt kritisert av politiet i h\u00f8ringsprosessen. S\u00e5 har de gjort en br\u00e5te endringer etter det. Vi vet ikke noe om hvordan PBE og politiet stiller seg til planene etter alle forandringene.<\/p>\n<p>Fram til dette skal avgj\u00f8res i bystyret 17. desember, b\u00f8r opposisjonen makte \u00e5 samle seg bak f\u00f8lgende parole:<\/p>\n<p><b>\u00abKj\u00e6re byr\u00e5d og bystyreflertall, skrot hele skolebehovsplanen \u2013 og begynn p\u00e5 nytt igjen!\u00bb<\/b><\/p>\n<p>Om ikke annet fordi det b\u00f8r st\u00e5 i de offisielle m\u00f8tereferatene, til skrekk og advarsel for framtidige bystyrer.<\/p>\n<p>  <a href=\"https:\/\/www.ao.no\/5-128-1204861\" class=\"related-teaser has-image default-opinion-teaser article--c-eRUmMG article--c-eRUmMG-jKCPdD-design-default\" rel=\"nofollow noopener\" target=\"_blank\"><\/p>\n<p>    <img decoding=\"async\" loading=\"lazy\"  src=\"https:\/\/www.europesays.com\/no\/wp-content\/uploads\/2025\/12\/Kopi+av+MAL_KOMMENTAR_AO.jpg\" alt=\"\" class=\"brick-c-cFOWSL\" style=\"\"\/><\/p>\n<p>\n            Les ogs\u00e5<\/p>\n<p>              Det er ikke sikkert at budsjettkutt er s\u00e5 popul\u00e6rt som mange tror\n        <\/p>\n<p>  <\/a><\/p>\n<p>  <a href=\"https:\/\/www.ao.no\/5-128-1196556\" class=\"related-teaser has-image default-opinion-teaser article--c-eRUmMG article--c-eRUmMG-jKCPdD-design-default\" rel=\"nofollow noopener\" target=\"_blank\"><\/p>\n<p>    <img decoding=\"async\" loading=\"lazy\"  src=\"https:\/\/www.europesays.com\/no\/wp-content\/uploads\/2025\/12\/Kommentar+computer.png\" alt=\"\" class=\"brick-c-cFOWSL\" style=\"\"\/><\/p>\n<p>\n            Les ogs\u00e5<\/p>\n<p>              Foreldrenes frustrasjon er p\u00e5 kokepunktet. Alt de h\u00f8rer er: \u00abComputer says no\u00bb\n        <\/p>\n<p>  <\/a><\/p>\n<p>  <a href=\"https:\/\/www.ao.no\/5-128-1192186\" class=\"related-teaser has-image default-opinion-teaser article--c-eRUmMG article--c-eRUmMG-jKCPdD-design-default\" rel=\"nofollow noopener\" target=\"_blank\"><\/p>\n<p>    <img decoding=\"async\" loading=\"lazy\"  src=\"https:\/\/www.europesays.com\/no\/wp-content\/uploads\/2025\/12\/Kopi+av+MAL_KOMMENTAR_AO+-+2025-11-14T161127.509.jpg\" alt=\"\" class=\"brick-c-cFOWSL\" style=\"\"\/><\/p>\n<p>\n            Les ogs\u00e5<\/p>\n<p>              Det har brutt ut full \u00abfritidsklubb-panikk\u00bb i byr\u00e5det\n        <\/p>\n<p>  <\/a><\/p>\n<p>  <a href=\"https:\/\/www.ao.no\/5-128-1192122\" class=\"related-teaser has-image default-opinion-teaser article--c-eRUmMG article--c-eRUmMG-jKCPdD-design-default\" rel=\"nofollow noopener\" target=\"_blank\"><\/p>\n<p>    <img decoding=\"async\" loading=\"lazy\"  src=\"https:\/\/www.europesays.com\/no\/wp-content\/uploads\/2025\/12\/1764753461_610_Kopi+av+MAL_KOMMENTAR_AO.jpg\" alt=\"\" class=\"brick-c-cFOWSL\" style=\"\"\/><\/p>\n<p>\n            Les ogs\u00e5<\/p>\n<p>              Knivene kvesses \u2013 Marit kan f\u00e5 smake sin egen medisin\n        <\/p>\n<p>  <\/a><\/p>\n<p>  <a href=\"https:\/\/www.ao.no\/5-128-1190781\" class=\"related-teaser has-image default-opinion-teaser article--c-eRUmMG article--c-eRUmMG-jKCPdD-design-default\" rel=\"nofollow noopener\" target=\"_blank\"><\/p>\n<p>    <img decoding=\"async\" loading=\"lazy\"  src=\"https:\/\/www.europesays.com\/no\/wp-content\/uploads\/2025\/12\/Kopi+av+MAL_KOMMENTAR_AO+%284%29.jpg\" alt=\"\" class=\"brick-c-cFOWSL\" style=\"\"\/><\/p>\n<p>\n            Les ogs\u00e5<\/p>\n<p>              Dette er trolig det siste store samferdselsprosjektet\n        <\/p>\n<p>  <\/a><\/p>\n<p>  <a href=\"https:\/\/www.ao.no\/5-128-1184997\" class=\"related-teaser has-image default-opinion-teaser article--c-eRUmMG article--c-eRUmMG-jKCPdD-design-default\" rel=\"nofollow noopener\" target=\"_blank\"><\/p>\n<p>    <img decoding=\"async\" loading=\"lazy\"  src=\"https:\/\/www.europesays.com\/no\/wp-content\/uploads\/2025\/12\/1764753462_681_Kopi+av+MAL_KOMMENTAR_AO+%281%29.jpg\" alt=\"\" class=\"brick-c-cFOWSL\" style=\"\"\/><\/p>\n<p>\n            Les ogs\u00e5<\/p>\n<p>              Saken er h\u00f8stens mest brennhete. Men noen er d\u00f8mt til \u00e5 bli den store taperen\n        <\/p>\n<p>  <\/a><\/p>\n<p>  <a href=\"https:\/\/www.ao.no\/5-128-1165190\" class=\"related-teaser has-image default-opinion-teaser article--c-eRUmMG article--c-eRUmMG-jKCPdD-design-default\" rel=\"nofollow noopener\" target=\"_blank\"><\/p>\n<p>    <img decoding=\"async\" loading=\"lazy\"  src=\"https:\/\/www.europesays.com\/no\/wp-content\/uploads\/2025\/12\/KOMMENTAR.png\" alt=\"\" class=\"brick-c-cFOWSL\" style=\"\"\/><\/p>\n<p>\n            Les ogs\u00e5<\/p>\n<p>              Luringen James Stove Lorentzen er en hestehandler\n        <\/p>\n<p>  <\/a><\/p>\n","protected":false},"excerpt":{"rendered":"Byr\u00e5dspartiene H\u00f8yre og Venstre har de siste ukene forhandlet med Frp og KrF p\u00e5 bakrom i R\u00e5dhuset for&hellip;\n","protected":false},"author":2,"featured_media":102995,"comment_status":"","ping_status":"","sticky":false,"template":"","format":"standard","meta":{"footnotes":""},"categories":[10],"tags":[36,2897,20,21,9126,24,25,15,22,23,13014,13,30,28,29,14,1533,16,41,306,307,13015,26,27,13013],"class_list":{"0":"post-102994","1":"post","2":"type-post","3":"status-publish","4":"format-standard","5":"has-post-thumbnail","7":"category-norge","8":"tag-art","9":"tag-bjorvika","10":"tag-breaking-news","11":"tag-breakingnews","12":"tag-ensjo","13":"tag-featured-news","14":"tag-featurednews","15":"tag-headlines","16":"tag-latest-news","17":"tag-latestnews","18":"tag-mollergata-skole","19":"tag-news","20":"tag-no","21":"tag-norge","22":"tag-norway","23":"tag-nyheter","24":"tag-opinion","25":"tag-overskrifter","26":"tag-politikk","27":"tag-skolebehovsplan-2025-2045","28":"tag-skolebehovsplanen","29":"tag-sorenga","30":"tag-top-stories","31":"tag-topstories","32":"tag-trosterud"},"share_on_mastodon":{"url":"https:\/\/pubeurope.com\/@no\/115654888434097009","error":""},"_links":{"self":[{"href":"https:\/\/www.europesays.com\/no\/wp-json\/wp\/v2\/posts\/102994","targetHints":{"allow":["GET"]}}],"collection":[{"href":"https:\/\/www.europesays.com\/no\/wp-json\/wp\/v2\/posts"}],"about":[{"href":"https:\/\/www.europesays.com\/no\/wp-json\/wp\/v2\/types\/post"}],"author":[{"embeddable":true,"href":"https:\/\/www.europesays.com\/no\/wp-json\/wp\/v2\/users\/2"}],"replies":[{"embeddable":true,"href":"https:\/\/www.europesays.com\/no\/wp-json\/wp\/v2\/comments?post=102994"}],"version-history":[{"count":0,"href":"https:\/\/www.europesays.com\/no\/wp-json\/wp\/v2\/posts\/102994\/revisions"}],"wp:featuredmedia":[{"embeddable":true,"href":"https:\/\/www.europesays.com\/no\/wp-json\/wp\/v2\/media\/102995"}],"wp:attachment":[{"href":"https:\/\/www.europesays.com\/no\/wp-json\/wp\/v2\/media?parent=102994"}],"wp:term":[{"taxonomy":"category","embeddable":true,"href":"https:\/\/www.europesays.com\/no\/wp-json\/wp\/v2\/categories?post=102994"},{"taxonomy":"post_tag","embeddable":true,"href":"https:\/\/www.europesays.com\/no\/wp-json\/wp\/v2\/tags?post=102994"}],"curies":[{"name":"wp","href":"https:\/\/api.w.org\/{rel}","templated":true}]}}