{"id":102996,"date":"2025-12-03T09:18:40","date_gmt":"2025-12-03T09:18:40","guid":{"rendered":"https:\/\/www.europesays.com\/no\/102996\/"},"modified":"2025-12-03T09:18:40","modified_gmt":"2025-12-03T09:18:40","slug":"et-mysterium-for-oss","status":"publish","type":"post","link":"https:\/\/www.europesays.com\/no\/102996\/","title":{"rendered":"&#8211; Et mysterium for oss"},"content":{"rendered":"<p class=\"kicker \" style=\"\">Julelystr\u00f8bbel:\u00a0<\/p>\n<p>  Noen har sabotert julebelysningen i Grimstad. N\u00e5 f\u00e5r rampenissen skylda.<\/p>\n<p>\n    JULELYS: Flere lyslenker ble funnet \u00f8delagt f\u00f8r pyntingen startet. N\u00e5 pryder julelysene Grimstad by. Foto: Privat\n  <\/p>\n<p>F\u00f8rjulstida har meldt sin ankomst, og i byene pyntes gatene med lys og juletr\u00e6r.\u00a0<\/p>\n<p>S\u00f8rlandsbyen Grimstad er intet unntak. Men i \u00e5r gikk ikke alt helt som det pleier.\u00a0<\/p>\n<p class=\"font-weight-bold m-font-weight-bold\" data-lab-font_weight=\"font-weight-bold\">Da kommunen skulle henge opp lyslenkene, oppdaget de at 23 av dem var \u00f8delagt med skader som kan likne p\u00e5 kutt.\u00a0<\/p>\n<p>          <img loading=\"lazy\" decoding=\"async\" src=\"https:\/\/www.europesays.com\/no\/wp-content\/uploads\/2025\/12\/83929610.webp\" width=\"686\" height=\"488\" title=\"KUTTET AV: Flere av lyslenkene var tilsynelatende kuttet rett av. Foto: Privat\" alt=\"\" class=\"\" style=\"--aspect-ratio-image: 1.41; \"\/><\/p>\n<p>\n          KUTTET AV: Flere av lyslenkene var tilsynelatende kuttet rett av. Foto: Privat\n      <\/p>\n<p> &#8211; Vi vil ikke peke p\u00e5 noen syndebukk, men det kan se ut som en rampenisse har v\u00e6rt p\u00e5 ferde, sier\u00a0Siri Laukhamar, leder i sentrumforeninga\u00a0Grimstad Min By, til Dagbladet.\u00a0<\/p>\n<p> <a href=\"https:\/\/www.agderposten.no\/nyheter\/n\/0pj50o\/klippet-i-stykker-23-av-byens-lyslenker\" target=\"_blank\" rel=\"nofollow noopener\">Agderposten\u00a0<\/a>omtalte saken f\u00f8rst. <\/p>\n<p>    <a itemprop=\"url\" href=\"https:\/\/www.dagbladet.no\/nyheter\/ingenting-som-minner-om-jul\/83921247\" rel=\"nofollow noopener\" target=\"_blank\"><\/p>\n<p>      <img loading=\"lazy\" decoding=\"async\" src=\"https:\/\/www.europesays.com\/no\/wp-content\/uploads\/2025\/12\/1764753518_674_83921431.webp\" width=\"980\" height=\"441\" title=\"- Ingenting som minner om jul\" alt=\"\" class=\"lazyload\" style=\"--aspect-ratio-image: 2.22; \"\/><\/p>\n<p>        &#8211; Ingenting som minner om jul<\/p>\n<p>    <\/a><\/p>\n<p>L\u00e5st inne\t<\/p>\n<p>Rampenissen var tidlig ute med sprellene. Laukhamar kan nemlig fortelle at det mulige h\u00e6rverket ble oppdaget allerede i starten av november.<\/p>\n<p class=\"font-weight-bold m-font-weight-bold\" data-lab-font_weight=\"font-weight-bold\">&#8211; Det har v\u00e6rt vanskelig \u00e5 forst\u00e5 hvordan dette kan ha skjedd, for lenkene virket da vi tok dem ned, sier hun.<\/p>\n<p>          <img loading=\"lazy\" decoding=\"async\" src=\"https:\/\/www.europesays.com\/no\/wp-content\/uploads\/2025\/12\/83929576.webp\" width=\"686\" height=\"693\" title=\"PAKKET VEKK: Lyslenkene ble pakket vekk i slike beholdere, f\u00f8r de ble l\u00e5st inne p\u00e5 et lager. Foto: privat\" alt=\"\" class=\"\" style=\"--aspect-ratio-image: 0.99; \"\/><\/p>\n<p>\n          PAKKET VEKK: Lyslenkene ble pakket vekk i slike beholdere, f\u00f8r de ble l\u00e5st inne p\u00e5 et lager. Foto: privat\n      <\/p>\n<p>Etter nedtakingen ble lyslenkene pakket i beholdere og l\u00e5st inn p\u00e5 et lager, f\u00f8r de igjen ble tatt ut i november. Likevel hadde de \u00abfine kutt\u00bb da de ble pakket opp.<\/p>\n<p>&#8211; Det er et mysterium for oss, legger Laukhamar til.<\/p>\n<p>Julestemning likevel\t<\/p>\n<p>Rampenisse eller ei &#8211; julestemninga lot seg heldigvis ikke stoppe.<\/p>\n<p>De \u00f8delagte lyslenkene er n\u00e5 erstattet og gatene i Grimstad lyser for fullt.\u00a0<\/p>\n<p>          <img loading=\"lazy\" decoding=\"async\" src=\"https:\/\/www.europesays.com\/no\/wp-content\/uploads\/2025\/12\/83929565.webp\" width=\"686\" height=\"446\" title=\"LAR SEG IKKE STOPPE: Selv en mulig rampenisse klarte ikke \u00e5 stoppe julestemninga i Grimstad. Foto: privat\" alt=\"\" class=\"\" style=\"--aspect-ratio-image: 1.54; \"\/><\/p>\n<p>\n          LAR SEG IKKE STOPPE: Selv en mulig rampenisse klarte ikke \u00e5 stoppe julestemninga i Grimstad. Foto: privat\n      <\/p>\n<p>&#8211; Grimstad lar seg ikke lure av rampenisser, legger en latterfull Laukhamar til.<\/p>\n","protected":false},"excerpt":{"rendered":"Julelystr\u00f8bbel:\u00a0 Noen har sabotert julebelysningen i Grimstad. N\u00e5 f\u00e5r rampenissen skylda. JULELYS: Flere lyslenker ble funnet \u00f8delagt f\u00f8r&hellip;\n","protected":false},"author":2,"featured_media":102997,"comment_status":"","ping_status":"","sticky":false,"template":"","format":"standard","meta":{"footnotes":""},"categories":[5],"tags":[20,21,24,25,1799,15,19,2539,5593,22,23,17,18,13,30,28,29,14,16,5720,26,27],"class_list":{"0":"post-102996","1":"post","2":"type-post","3":"status-publish","4":"format-standard","5":"has-post-thumbnail","7":"category-overskrifter","8":"tag-breaking-news","9":"tag-breakingnews","10":"tag-featured-news","11":"tag-featurednews","12":"tag-grimstad","13":"tag-headlines","14":"tag-hovedoppslag","15":"tag-innenriks","16":"tag-jul","17":"tag-latest-news","18":"tag-latestnews","19":"tag-main-news","20":"tag-mainnews","21":"tag-news","22":"tag-no","23":"tag-norge","24":"tag-norway","25":"tag-nyheter","26":"tag-overskrifter","27":"tag-rampenissen","28":"tag-top-stories","29":"tag-topstories"},"share_on_mastodon":{"url":"https:\/\/pubeurope.com\/@no\/115654892533736953","error":""},"_links":{"self":[{"href":"https:\/\/www.europesays.com\/no\/wp-json\/wp\/v2\/posts\/102996","targetHints":{"allow":["GET"]}}],"collection":[{"href":"https:\/\/www.europesays.com\/no\/wp-json\/wp\/v2\/posts"}],"about":[{"href":"https:\/\/www.europesays.com\/no\/wp-json\/wp\/v2\/types\/post"}],"author":[{"embeddable":true,"href":"https:\/\/www.europesays.com\/no\/wp-json\/wp\/v2\/users\/2"}],"replies":[{"embeddable":true,"href":"https:\/\/www.europesays.com\/no\/wp-json\/wp\/v2\/comments?post=102996"}],"version-history":[{"count":0,"href":"https:\/\/www.europesays.com\/no\/wp-json\/wp\/v2\/posts\/102996\/revisions"}],"wp:featuredmedia":[{"embeddable":true,"href":"https:\/\/www.europesays.com\/no\/wp-json\/wp\/v2\/media\/102997"}],"wp:attachment":[{"href":"https:\/\/www.europesays.com\/no\/wp-json\/wp\/v2\/media?parent=102996"}],"wp:term":[{"taxonomy":"category","embeddable":true,"href":"https:\/\/www.europesays.com\/no\/wp-json\/wp\/v2\/categories?post=102996"},{"taxonomy":"post_tag","embeddable":true,"href":"https:\/\/www.europesays.com\/no\/wp-json\/wp\/v2\/tags?post=102996"}],"curies":[{"name":"wp","href":"https:\/\/api.w.org\/{rel}","templated":true}]}}