{"id":10300,"date":"2025-08-17T08:50:08","date_gmt":"2025-08-17T08:50:08","guid":{"rendered":"https:\/\/www.europesays.com\/no\/10300\/"},"modified":"2025-08-17T08:50:08","modified_gmt":"2025-08-17T08:50:08","slug":"mange-unge-mangler-innboforsikring-ikke-klar-over-de-okonomiske-konsekvensene","status":"publish","type":"post","link":"https:\/\/www.europesays.com\/no\/10300\/","title":{"rendered":"Mange unge mangler innboforsikring: \u2013 Ikke klar over de \u00f8konomiske konsekvensene"},"content":{"rendered":"<p>\u2013 Mange p\u00e5 denne alderen flytter for seg selv for f\u00f8rste gang, og er ikke klar over de \u00f8konomiske konsekvensene ved \u00e5 st\u00e5 uten forsikring, sier Espen Borge, kommunikasjonsr\u00e5dgiver i Tryg.<\/p>\n<p>\u00c5rlig mottar forsikringsselskapet haugevis av saker knyttet til innboforsikringen, noe som koster flere millioner kroner.<\/p>\n<p>\u2013 Bare i \u00e5r har vi f\u00e5tt inn over 800 skademeldinger som dreier seg om b\u00e6rbare PC-er, og de koster alt fra noen tusenlapper til flere titalls tusen \u00e5 erstatte eller reparere. Dette er bare ett av mange eksempler som kan gi kjedelige og dyre overraskelser for ferske boligeiere eller leietakere, sier Borge.<\/p>\n<p>I tillegg til \u00e5 dekke l\u00f8se gjenstander skal en innboforsikring ogs\u00e5 dekke kostnader som oppst\u00e5r hvis leiligheten du bor i blir ubeboelig.<\/p>\n<p>\u2013 Hvis du m\u00e5 flytte ut p\u00e5 grunn av brann- og vannskader kan det fort bli lengre perioder og h\u00f8ye kostnader. Det er noe mange unge kanskje ikke har r\u00e5d til, sier han.<\/p>\n<p><img decoding=\"async\" src=\"data:image\/gif;base64,R0lGODlhEAAJAIAAAP\/\/\/wAAACH5BAEAAAAALAAAAAAQAAkAAAIKhI+py+0Po5yUFQA7\" alt=\"\"\/><br \/>\n  Espen Borge, kommunikasjonsr\u00e5dgiver i Tryg, forteller at mange unge ikke har eller vet om de har innboforsikring.<br \/>\n  <strong>Foto:<\/strong> Tryg ForsikringSjekk om du er forsikret<\/p>\n<p>I unders\u00f8kelsen, som er gjennomf\u00f8rt av YouGov for Tryg i fjor, kommer det frem at 16 prosent ikke vet om de har en innboforsikring.<\/p>\n<p>\u2013 Det har neppe endret seg betraktelig p\u00e5 ett \u00e5r. Ta kontakt med selskapet du eventuelt har andre forsikringer i, eller sjekk om du er medlem av et forbund eller en forening som tilbyr forsikring via kontingenten.<\/p>\n<p>Studenter b\u00f8r ta en prat med sine foreldre \u2013 det kan hende de allerede er dekket av deres innboforsikring.<\/p>\n<p>\u2013 Sjekk vilk\u00e5rene \u2013 de kan variere mellom selskapene, sier han.<\/p>\n","protected":false},"excerpt":{"rendered":"\u2013 Mange p\u00e5 denne alderen flytter for seg selv for f\u00f8rste gang, og er ikke klar over de&hellip;\n","protected":false},"author":2,"featured_media":1663,"comment_status":"","ping_status":"","sticky":false,"template":"","format":"standard","meta":{"footnotes":""},"categories":[5],"tags":[20,21,24,25,2147,15,19,22,23,17,18,13,30,28,29,14,16,26,27],"class_list":{"0":"post-10300","1":"post","2":"type-post","3":"status-publish","4":"format-standard","5":"has-post-thumbnail","7":"category-overskrifter","8":"tag-breaking-news","9":"tag-breakingnews","10":"tag-featured-news","11":"tag-featurednews","12":"tag-forsikring","13":"tag-headlines","14":"tag-hovedoppslag","15":"tag-latest-news","16":"tag-latestnews","17":"tag-main-news","18":"tag-mainnews","19":"tag-news","20":"tag-no","21":"tag-norge","22":"tag-norway","23":"tag-nyheter","24":"tag-overskrifter","25":"tag-top-stories","26":"tag-topstories"},"share_on_mastodon":{"url":"","error":""},"_links":{"self":[{"href":"https:\/\/www.europesays.com\/no\/wp-json\/wp\/v2\/posts\/10300","targetHints":{"allow":["GET"]}}],"collection":[{"href":"https:\/\/www.europesays.com\/no\/wp-json\/wp\/v2\/posts"}],"about":[{"href":"https:\/\/www.europesays.com\/no\/wp-json\/wp\/v2\/types\/post"}],"author":[{"embeddable":true,"href":"https:\/\/www.europesays.com\/no\/wp-json\/wp\/v2\/users\/2"}],"replies":[{"embeddable":true,"href":"https:\/\/www.europesays.com\/no\/wp-json\/wp\/v2\/comments?post=10300"}],"version-history":[{"count":0,"href":"https:\/\/www.europesays.com\/no\/wp-json\/wp\/v2\/posts\/10300\/revisions"}],"wp:featuredmedia":[{"embeddable":true,"href":"https:\/\/www.europesays.com\/no\/wp-json\/wp\/v2\/media\/1663"}],"wp:attachment":[{"href":"https:\/\/www.europesays.com\/no\/wp-json\/wp\/v2\/media?parent=10300"}],"wp:term":[{"taxonomy":"category","embeddable":true,"href":"https:\/\/www.europesays.com\/no\/wp-json\/wp\/v2\/categories?post=10300"},{"taxonomy":"post_tag","embeddable":true,"href":"https:\/\/www.europesays.com\/no\/wp-json\/wp\/v2\/tags?post=10300"}],"curies":[{"name":"wp","href":"https:\/\/api.w.org\/{rel}","templated":true}]}}