{"id":103000,"date":"2025-12-03T09:25:12","date_gmt":"2025-12-03T09:25:12","guid":{"rendered":"https:\/\/www.europesays.com\/no\/103000\/"},"modified":"2025-12-03T09:25:12","modified_gmt":"2025-12-03T09:25:12","slug":"elisabeth-og-liva-ingebrigtsen-avslutter-podkasten-off-record-etter-30-episoder","status":"publish","type":"post","link":"https:\/\/www.europesays.com\/no\/103000\/","title":{"rendered":"Elisabeth og Liva Ingebrigtsen avslutter podkasten \u00abOff Record\u00bb etter 30 episoder"},"content":{"rendered":"<p>N\u00e5r fjor\u00e5rets likningstall blir offentligjort onsdag morgen, er de kongelige utelatt fra listene.\u00a0\u00a0<\/p>\n<p>Kong Harald (88), dronning Sonja (88), kronprins Haakon (52), kronprinsesse Mette-Marit (52) og prinsesse Ingrid Alexandra (21) er fritatt fra listene, ettersom de ikke har en skattepliktig inntekt.\u00a0<\/p>\n<p>    <a itemprop=\"url\" href=\"https:\/\/www.dagbladet.no\/kjendis\/se-og-hor-tjente-under-50-000\/83923374\" rel=\"nofollow noopener\" target=\"_blank\"><\/p>\n<p>      <img loading=\"lazy\" decoding=\"async\" src=\"https:\/\/www.europesays.com\/no\/wp-content\/uploads\/2025\/12\/83905194.webp\" width=\"980\" height=\"441\" title=\"Se og H\u00f8r: Tjente under 50 000\" alt=\"\" class=\"\" style=\"--aspect-ratio-image: 2.22; \"\/><\/p>\n<p>        Se og H\u00f8r: Tjente under 50 000<\/p>\n<p>    <\/a><\/p>\n<p>De mottar apanasje fra staten, og dette regnes ikke som personlig inntekt.\u00a0<\/p>\n<p> De som p\u00e5 kongehusets nettsider er omtalt som \u00ab\u00f8vrige kongelige\u00bb, mottar imidlertid ikke apanasje. Dette er prinsesse M\u00e4rtha Louise (54), prinsesse Astrid, fru Ferner (93) og prins Sverre Magnus (20).\u00a0<\/p>\n<p>          <img loading=\"lazy\" decoding=\"async\" src=\"https:\/\/www.europesays.com\/no\/wp-content\/uploads\/2025\/12\/83930386.webp\" width=\"686\" height=\"597\" title=\"DELER SINE TALL: Prinsesse M\u00e4rtha Louise og prinsesse Astrid, fru Ferner offentliggj\u00f8r sine tall. Foto: NTB\" alt=\"\" class=\"\" style=\"--aspect-ratio-image: 1.15; \"\/><\/p>\n<p>\n          DELER SINE TALL: Prinsesse M\u00e4rtha Louise og prinsesse Astrid, fru Ferner offentliggj\u00f8r sine tall. Foto: NTB\n      <\/p>\n<p>De er derimot ikke oppf\u00f8rt p\u00e5 de ordin\u00e6re skattelistene, men M\u00e4rtha Louise og Astrid har gitt Skatteetaten samtykke til \u00e5 offentliggj\u00f8re tallene.\u00a0<\/p>\n<p>Vises ikke<\/p>\n<p> Men prinsens tall forblir hemmelige, selv om han har fylt 18 \u00e5r.\u00a0<\/p>\n<p>\u00c5rsaken er at skatteloven fritar barn av den n\u00e6rmeste arveberettigede til tronen for skatteplikt helt til de har fylt 20 \u00e5r ved utgangen av inntekts\u00e5ret.<\/p>\n<p>          <img loading=\"lazy\" decoding=\"async\" src=\"https:\/\/www.europesays.com\/no\/wp-content\/uploads\/2025\/12\/83930388.webp\" width=\"686\" height=\"460\" title=\"ULIKHETER: Mens s\u00f8steren prinsesse Ingrid Alexandra mottar apanasje, m\u00e5 prins Sverre Magnus skaffe inntekt selv. Foto: NTB\" alt=\"\" class=\"\" style=\"--aspect-ratio-image: 1.49; \"\/><\/p>\n<p>\n          ULIKHETER: Mens s\u00f8steren prinsesse Ingrid Alexandra mottar apanasje, m\u00e5 prins Sverre Magnus skaffe inntekt selv. Foto: NTB\n      <\/p>\n<p>Sverre Magnus fyller 20 \u00e5r i dag, 3. desember. Det betyr at inntekten hans vil v\u00e6re synlig i neste \u00e5rs skattelister, alts\u00e5 for inntekts\u00e5ret 2025. <\/p>\n<p>Men Sverre Magnus kan gj\u00f8re som sine kusiner og bli unntatt fra offentligheten.\u00a0<\/p>\n<p>Ikke v\u00e6rt s\u00f8kbare<\/p>\n<p>Til tross for at de ikke har kongelige titler er prinsesse M\u00e4rtha Louises d\u00f8tre Maud Angelica Behn (22) og Leah Behn (20) henholdsvis nummer fem og seks i arverekken til Norges trone.\u00a0<\/p>\n<p>    <a itemprop=\"url\" href=\"https:\/\/www.dagbladet.no\/kjendis\/ligger-ikke-pa-latsiden-1\/83908573\" rel=\"nofollow noopener\" target=\"_blank\"><\/p>\n<p>      <img loading=\"lazy\" decoding=\"async\" src=\"https:\/\/www.europesays.com\/no\/wp-content\/uploads\/2025\/12\/1764753911_145_83908700.webp\" width=\"980\" height=\"441\" title=\"- Ligger ikke p\u00e5 latsiden\" alt=\"\" class=\"lazyload\" style=\"--aspect-ratio-image: 2.22; \"\/><\/p>\n<p>        &#8211; Ligger ikke p\u00e5 latsiden<\/p>\n<p>    <\/a><\/p>\n<p>B\u00e5de Maud og Leah har v\u00e6rt myndige i noen \u00e5r, og skal i prinsipp v\u00e6re s\u00f8kbare i skattelistene. Men tallene deres har v\u00e6rt vanskelig \u00e5 oppdrive de seineste \u00e5ra.\u00a0<\/p>\n<p>          <img loading=\"lazy\" decoding=\"async\" src=\"https:\/\/www.europesays.com\/no\/wp-content\/uploads\/2025\/12\/83930342.webp\" width=\"686\" height=\"570\" title=\"IKKE S\u00d8KBAR: Leah Behns tall forblir hemmelige. Foto: Andreas Fadum\/Se og H\u00f8r\" alt=\"\" class=\"\" style=\"--aspect-ratio-image: 1.20; \"\/><\/p>\n<p>\n          IKKE S\u00d8KBAR: Leah Behns tall forblir hemmelige. Foto: Andreas Fadum\/Se og H\u00f8r\n      <\/p>\n<p class=\"no_italic m-no_italic\" data-lab-italic=\"\">Dagbladet har spurt Skatteetaten om innsyn i tallene til Behn-s\u00f8strene. Kommunikasjonsr\u00e5dgiver Stig Flesland sier at det ikke er mulig \u00e5 reservere seg mot \u00e5 st\u00e5 i skattelistene. Men det er imidlertid noen viktige unntak:\u00a0<\/p>\n<p class=\"font-weight-bold m-font-weight-bold\" data-lab-font_weight=\"font-weight-bold\">&#8211; Skattelisten for personlige skattepliktige skal ikke inneholde opplysninger om personer med sperret adresse (etter folkeregisterloven) og det er ogs\u00e5 flere andre unntak (regulert i skatteforvaltningslovens paragraf 9-7).<\/p>\n<p>          <img loading=\"lazy\" decoding=\"async\" src=\"https:\/\/www.europesays.com\/no\/wp-content\/uploads\/2025\/12\/83930336.webp\" width=\"686\" height=\"570\" title=\"IKKE S\u00d8KBAR: Maud Angelica Behn dukker ikke opp p\u00e5 skattelistene i \u00e5r heller. Foto: Andreas Fadum\/Se og H\u00f8r\" alt=\"\" class=\"\" style=\"--aspect-ratio-image: 1.20; \"\/><\/p>\n<p>\n          IKKE S\u00d8KBAR: Maud Angelica Behn dukker ikke opp p\u00e5 skattelistene i \u00e5r heller. Foto: Andreas Fadum\/Se og H\u00f8r\n      <\/p>\n<p>I fjor var b\u00e5de Maud og Leah folkeregistrert med <a href=\"https:\/\/www.dagbladet.no\/kjendis\/unntatt-offentligheten-nok-en-gang\/82332039\" rel=\"nofollow noopener\" target=\"_blank\">sperret adresse<\/a>.<\/p>\n<p>Tirsdag denne uka kunne derimot\u00a0<a href=\"https:\/\/www.tv2.no\/underholdning\/prinsesse-martha-louises-dotre-har-adresse-pa-slottet-slottet-vet-ikke-hvorfor\/18341224\/\" rel=\"nofollow noopener\" target=\"_blank\">TV 2<\/a>\u00a0melde at de to s\u00f8strene n\u00e5 er oppgitt med hver sin bostedsadresse i Oslo, registrert i november 2025.\u00a0<\/p>\n<p>Ettersom de har bodd p\u00e5 sperret adresse i 2024, vil alts\u00e5 tallene ikke v\u00e6re offentlige f\u00f8r neste \u00e5r.<\/p>\n<p>        SETTES UT: Dette svarer venninnene Leah Behn, Tale Torjussen, Frida Seemann og Julie Fiala n\u00e5r de blir spurt om \u00abGirls of Oslo\u00bb-rykter. Video: Thea Hope\/ R\u00f8d L\u00f8per<\/p>\n<p>Tallene til yngstemann Emma Tallulah Behn (17), nummer sju i arverekka, vil ikke v\u00e6re synlige f\u00f8r i 2027.<\/p>\n","protected":false},"excerpt":{"rendered":"N\u00e5r fjor\u00e5rets likningstall blir offentligjort onsdag morgen, er de kongelige utelatt fra listene.\u00a0\u00a0 Kong Harald (88), dronning Sonja&hellip;\n","protected":false},"author":2,"featured_media":103001,"comment_status":"","ping_status":"","sticky":false,"template":"","format":"standard","meta":{"footnotes":""},"categories":[5],"tags":[20,21,5729,24,25,15,19,479,22,23,13016,17,18,13,30,28,29,14,16,26,27],"class_list":{"0":"post-103000","1":"post","2":"type-post","3":"status-publish","4":"format-standard","5":"has-post-thumbnail","7":"category-overskrifter","8":"tag-breaking-news","9":"tag-breakingnews","10":"tag-elisabeth-asserson-ingebrigtsen","11":"tag-featured-news","12":"tag-featurednews","13":"tag-headlines","14":"tag-hovedoppslag","15":"tag-kjendis","16":"tag-latest-news","17":"tag-latestnews","18":"tag-liva-ingebrigtsen","19":"tag-main-news","20":"tag-mainnews","21":"tag-news","22":"tag-no","23":"tag-norge","24":"tag-norway","25":"tag-nyheter","26":"tag-overskrifter","27":"tag-top-stories","28":"tag-topstories"},"share_on_mastodon":{"url":"https:\/\/pubeurope.com\/@no\/115654919820358605","error":""},"_links":{"self":[{"href":"https:\/\/www.europesays.com\/no\/wp-json\/wp\/v2\/posts\/103000","targetHints":{"allow":["GET"]}}],"collection":[{"href":"https:\/\/www.europesays.com\/no\/wp-json\/wp\/v2\/posts"}],"about":[{"href":"https:\/\/www.europesays.com\/no\/wp-json\/wp\/v2\/types\/post"}],"author":[{"embeddable":true,"href":"https:\/\/www.europesays.com\/no\/wp-json\/wp\/v2\/users\/2"}],"replies":[{"embeddable":true,"href":"https:\/\/www.europesays.com\/no\/wp-json\/wp\/v2\/comments?post=103000"}],"version-history":[{"count":0,"href":"https:\/\/www.europesays.com\/no\/wp-json\/wp\/v2\/posts\/103000\/revisions"}],"wp:featuredmedia":[{"embeddable":true,"href":"https:\/\/www.europesays.com\/no\/wp-json\/wp\/v2\/media\/103001"}],"wp:attachment":[{"href":"https:\/\/www.europesays.com\/no\/wp-json\/wp\/v2\/media?parent=103000"}],"wp:term":[{"taxonomy":"category","embeddable":true,"href":"https:\/\/www.europesays.com\/no\/wp-json\/wp\/v2\/categories?post=103000"},{"taxonomy":"post_tag","embeddable":true,"href":"https:\/\/www.europesays.com\/no\/wp-json\/wp\/v2\/tags?post=103000"}],"curies":[{"name":"wp","href":"https:\/\/api.w.org\/{rel}","templated":true}]}}