{"id":103005,"date":"2025-12-03T09:33:11","date_gmt":"2025-12-03T09:33:11","guid":{"rendered":"https:\/\/www.europesays.com\/no\/103005\/"},"modified":"2025-12-03T09:33:11","modified_gmt":"2025-12-03T09:33:11","slug":"trygve-slagsvold-vedum-mener-mdg-villeder-om-oljekommisjonen","status":"publish","type":"post","link":"https:\/\/www.europesays.com\/no\/103005\/","title":{"rendered":"Trygve Slagsvold Vedum mener MDG villeder om oljekommisjonen"},"content":{"rendered":"\n<p class=\"_lead_o9xde_2 _lead_xtcu6_50 layout-component text-serif-m layout-normal text-serif-l layout-component layout-wide layout-padded _wide_17hqh_1 layout-padded\">Sp-lederen sier at oljekommisjonen MDG har f\u00e5tt gjennomslag for i forhandlingene kun er gjenbruk av en gammel SV-seier. <\/p>\n<p><img alt=\" Foto: Helge Mikalsen \/ VG\" class=\"_image_qp4xg_65 layout-component layout-wide\" data-fullscreen- data-track-element-type=\"Article image fullscreen\" data-track-name=\"ImageFullscreen\" fetchpriority=\"high\" decoding=\"sync\" loading=\"eager\" height=\"5504\" itemprop=\"image\"  src=\"https:\/\/www.europesays.com\/no\/wp-content\/uploads\/2025\/12\/f76a6c48-c48c-4c53-9882-de407ac74b90\"  style=\"object-position:0% 0%\" width=\"8256\"\/> Foto: Helge Mikalsen \/ VG<\/p>\n<ul aria-hidden=\"true\" class=\"_images_1uft6_111\">\n<li><a class=\"_link_1uft6_116\" href=\"https:\/\/www.vg.no\/forfatter\/anne-sofie-roennfeldt\" style=\"z-index:2\" title=\"Anne Sofie R\u00f8nnfeldt\" rel=\"nofollow noopener\" target=\"_blank\"><img alt=\"Bilde av Anne Sofie R\u00f8nnfeldt\" class=\"_image_1uft6_93\" fetchpriority=\"low\" loading=\"lazy\" decoding=\"async\" itemprop=\"image\"  src=\"https:\/\/www.europesays.com\/no\/wp-content\/uploads\/2025\/12\/4634311d-064a-4086-be75-18a6e8a88835\"  width=\"480\"\/><\/a><\/li>\n<li><a class=\"_link_1uft6_116\" href=\"https:\/\/www.vg.no\/forfatter\/martin-laegland\" style=\"z-index:1\" title=\"Martin L\u00e6gland\" rel=\"nofollow noopener\" target=\"_blank\"><img alt=\"Bilde av Martin L\u00e6gland\" class=\"_image_1uft6_93\" fetchpriority=\"low\" loading=\"lazy\" decoding=\"async\" itemprop=\"image\"  src=\"https:\/\/www.europesays.com\/no\/wp-content\/uploads\/2025\/12\/1d252117-c6eb-46e9-84ad-c09428caf56e\"  width=\"480\"\/><\/a><\/li>\n<\/ul>\n<p>Rapporterer fra Stortinget Oppdatert onsdag 3. desember kl. 10:23     <\/p>\n<p class=\"_paragraph_o9xde_4 _paragraph_xtcu6_10 layout-component text-serif-m layout-normal text-serif-m layout-padded\">\u2013 MDG har oversolgt seieren sin, sier Sp-leder Trygve Slagsvold Vedum til VG.<\/p>\n<p class=\"_paragraph_o9xde_4 _paragraph_xtcu6_10 layout-component text-serif-m layout-normal text-serif-m layout-padded\">Etter intense forhandlinger, klarte regjeringen til slutt i natt \u00e5 samle flertall for statsbudsjettet neste \u00e5r. <\/p>\n<p class=\"_paragraph_o9xde_4 _paragraph_xtcu6_10 layout-component text-serif-m layout-normal text-serif-m layout-padded\">En av MDGs store seire var opprettelsen av en omstillingskommisjon for Norge. <\/p>\n<p class=\"_paragraph_o9xde_4 _paragraph_xtcu6_10 layout-component text-serif-m layout-normal text-serif-m layout-padded\">Kommisjonen skal blant annet vurdere ulike tiltak for \u00e5 bedre norsk \u00f8konomis omstillingsevne, i en fase med avtagende olje- og gassproduksjon p\u00e5 norsk sokkel. <\/p>\n<p class=\"_paragraph_o9xde_4 _paragraph_xtcu6_10 layout-component text-serif-m layout-normal text-serif-m layout-padded\">MDG omtaler kommisjonen som \u00aben strategi for sluttfasen av norsk oljeindustri\u00bb.<\/p>\n<p class=\"_paragraph_o9xde_4 _paragraph_xtcu6_10 layout-component text-serif-m layout-normal text-serif-m layout-padded\">\u2013 Vi starter n\u00e5 \u00e5 skrive det siste kapittelet i norsk oljehistorie, og \u00e5pner derfor for alle de eventyrene som skal bygge Norge videre, sa MDG-nestleder Ingrid Liland i natt.<\/p>\n<p class=\"_paragraph_o9xde_4 _paragraph_xtcu6_10 layout-component text-serif-m layout-normal text-serif-m layout-padded\">Det f\u00e5r Sp-leder Trygve Slagsvold Vedum til \u00e5 steile over frokosten onsdag morgen. <\/p>\n<p class=\"_paragraph_o9xde_4 _paragraph_xtcu6_10 layout-component text-serif-m layout-normal text-serif-m layout-padded\">\u2013 N\u00e5r man har landet politiske l\u00f8sninger, s\u00e5 man v\u00e6re ordentlig p\u00e5 hva det faktisk er. Og de har oversolgt seieren sin.<\/p>\n<p><img alt=\"Foto: Anne Sofie R\u00f8nnfeldt \/ VG\" class=\"_image_qp4xg_65 layout-component layout-normal\" data-fullscreen- data-track-element-type=\"Article image fullscreen\" data-track-name=\"ImageFullscreen\" decoding=\"async\" loading=\"lazy\" height=\"5101\" itemprop=\"image\"  src=\"https:\/\/www.europesays.com\/no\/wp-content\/uploads\/2025\/12\/9c670eeb-34bf-44b3-81be-969965624c8d\"  style=\"object-position:0% 0%\" width=\"4284\"\/>Foto: Anne Sofie R\u00f8nnfeldt \/ VG<\/p>\n<p class=\"_paragraph_o9xde_4 _paragraph_xtcu6_10 layout-component text-serif-m layout-normal text-serif-m layout-padded\">Vedum sier at Senterpartiet ikke har rikket seg noe som helst p\u00e5 sine to viktige standpunkt om olje og oljefondet.<\/p>\n<p class=\"_paragraph_o9xde_4 _paragraph_xtcu6_10 layout-component text-serif-m layout-normal text-serif-m layout-padded\">\u2013 Vi hadde to stolper hele tida da vi sa at det var helt uaktuelt \u00e5 gj\u00f8re endringer i: statens pensjonsfond utland &#8211; og \u00e5 gj\u00f8re radikale endringer i norsk olje- og gassn\u00e6ring. Det sa vi f\u00f8r forhandlingene, og det er bare \u00e5 se p\u00e5 resultatet at de stolpene st\u00e5r helt fast.<\/p>\n<p class=\"_paragraph_o9xde_4 _paragraph_xtcu6_10 layout-component text-serif-m layout-normal text-serif-m layout-padded\">\u2013 Er det siste kapittel i norsk oljehistorie? <\/p>\n<p class=\"_paragraph_o9xde_4 _paragraph_xtcu6_10 layout-component text-serif-m layout-normal text-serif-m layout-padded\"><strong class=\"_strong_o9xde_25\">\u2013 Nei. Det er MDGs behov for \u00e5 lage en overskrift. Det er feil, sier Vedum. <\/strong><\/p>\n<p class=\"_paragraph_o9xde_4 _paragraph_xtcu6_10 layout-component text-serif-m layout-normal text-serif-m layout-padded\">\u2013 Alle som er i tvil kan bare lese mandatet. <\/p>\n<p class=\"_paragraph_o9xde_4 _paragraph_xtcu6_10 layout-component text-serif-m layout-normal text-serif-m layout-padded\">Vedum viser til at Ap, Sp og SV allerede <a href=\"https:\/\/www.arbeiderpartiet.no\/aktuelt\/statsbudsjettet-2025-et-budsjett-som-gir-trygghet-for-folk-trygghet-for-landet-og-utvikler-hele-norge\/\" class=\"_link_o9xde_39\" rel=\"nofollow noopener\" target=\"_blank\">i fjor<\/a> ble enige om \u00e5 sette ned et offentlig utvalg som blant annet skulle utarbeide en strategi for \u00e5 bedre \u00f8konomiens omstillingsevne n\u00e5r produksjonen av olje og gass p\u00e5 sikt vil avta.<\/p>\n<p class=\"_paragraph_o9xde_4 _paragraph_xtcu6_10 layout-component text-serif-m layout-normal text-serif-m layout-padded\">Utvalget skulle settes ned v\u00e5ren 2025, men regjeringen fulgte ikke dette opp.<\/p>\n<p class=\"_paragraph_o9xde_4 _paragraph_xtcu6_10 layout-component text-serif-m layout-normal text-serif-m layout-padded\">Derfor mener han MDG n\u00e5 resirkulerer en seier SV allerede fikk gjennomslag for i fjor.<\/p>\n<p class=\"_paragraph_o9xde_4 _paragraph_xtcu6_10 layout-component text-serif-m layout-normal text-serif-m layout-padded\">\u2013 Det er gjenbruk av en gammel SV-seier. Og vi er for gjenbruk! Gjenbruk er bra, sier Vedum.<\/p>\n<p>Formulering i punkt 12 i statsbudsjettet 2025:<\/p>\n<p class=\"_paragraph_o9xde_4 _paragraph_xtcu6_10 _paragraph_16v91_10 layout-component text-serif-m layout-normal text-sans-m layout-padded\">\u00abStortinget ber regjeringen, i l\u00f8pet av v\u00e5rsesjonen 2025, sette ned et offentlig utvalg som skal utarbeide en strategi for \u00e5 bedre \u00f8konomiens omstillingsevne, industriell 3 utvikling og n\u00e6ringslivets konkurransekraft, s\u00e6rlig i lys av at produksjonen av olje og gass p\u00e5 sikt vil avta.\u00bb<\/p>\n<p>Vis mer<\/p>\n<p class=\"_paragraph_o9xde_4 _paragraph_xtcu6_10 layout-component text-serif-m layout-normal text-serif-m layout-padded\">\u2013 Du advarte i valgkampen om MDG. N\u00e5 har du inng\u00e5tt avtale med MDG? Er dette et fors\u00f8k p\u00e5 distansering under 24 timer etter at avtalen er inng\u00e5tt?<\/p>\n<p class=\"_paragraph_o9xde_4 _paragraph_xtcu6_10 layout-component text-serif-m layout-normal text-serif-m layout-padded\">\u2013 Det er ikke noen distansering. Jeg st\u00e5r for avtalen.<\/p>\n<p class=\"font-weight-semi-bold color-accent label-medium _label_16v91_20\">Formulering i statsbudsjettet 2026<\/p>\n<p class=\"_paragraph_o9xde_4 _paragraph_xtcu6_10 _paragraph_16v91_10 layout-component text-serif-m layout-normal text-sans-m layout-padded\">\u00abRepresentantene fra Ap, MDG etc. viser til anmodningsvedtak 92 fra Stortingets behandling av St.prp. 1 S (2024-2025), innstilling 2S, hvor Stortinget ber regjeringen nedsette et offentlig utvalg som skal utarbeide en strategi for \u00e5 bedre norsk \u00f8konomi sin omstillingsevne og ber regjeringen f\u00f8lge opp anmodningsvedtaket gjennom \u00e5 sette ned en Omstillingskommisjon. <\/p>\n<p class=\"_paragraph_o9xde_4 _paragraph_xtcu6_10 _paragraph_16v91_10 layout-component text-serif-m layout-normal text-sans-m layout-padded\">Stortinget ber regjeringen nedsette en Omstillingskommisjon som skal vurdere ulike scenarioer og tiltak for \u00e5 bedre norsk \u00f8konomis omstillingsevne, verdiskaping, n\u00e6ringsutvikling og konkurransekraft, hvor norsk sokkel fremover g\u00e5r inn i en ny fase med avtagende olje- og gassproduksjon, (og) samtidig med en \u00f8kende fornybarandel i Europa p\u00e5 bekostning av fossil energibruk.\u00bb<\/p>\n<p>Vis mer<\/p>\n<p class=\"_paragraph_o9xde_4 _paragraph_xtcu6_10 layout-component text-serif-m layout-normal text-serif-m layout-padded\">VG har bedt MDG om \u00e5 gi en kommentar. <\/p>\n","protected":false},"excerpt":{"rendered":"Sp-lederen sier at oljekommisjonen MDG har f\u00e5tt gjennomslag for i forhandlingene kun er gjenbruk av en gammel SV-seier.&hellip;\n","protected":false},"author":2,"featured_media":103006,"comment_status":"","ping_status":"","sticky":false,"template":"","format":"standard","meta":{"footnotes":""},"categories":[5],"tags":[20,21,24,25,15,19,22,23,17,18,13,30,28,29,14,16,8907,26,27,280,205],"class_list":{"0":"post-103005","1":"post","2":"type-post","3":"status-publish","4":"format-standard","5":"has-post-thumbnail","7":"category-overskrifter","8":"tag-breaking-news","9":"tag-breakingnews","10":"tag-featured-news","11":"tag-featurednews","12":"tag-headlines","13":"tag-hovedoppslag","14":"tag-latest-news","15":"tag-latestnews","16":"tag-main-news","17":"tag-mainnews","18":"tag-news","19":"tag-no","20":"tag-norge","21":"tag-norway","22":"tag-nyheter","23":"tag-overskrifter","24":"tag-statsbudsjettet-2026","25":"tag-top-stories","26":"tag-topstories","27":"tag-trygve-slagsvold-vedum","28":"tag-vgsamfunn"},"share_on_mastodon":{"url":"https:\/\/pubeurope.com\/@no\/115654951193557127","error":""},"_links":{"self":[{"href":"https:\/\/www.europesays.com\/no\/wp-json\/wp\/v2\/posts\/103005","targetHints":{"allow":["GET"]}}],"collection":[{"href":"https:\/\/www.europesays.com\/no\/wp-json\/wp\/v2\/posts"}],"about":[{"href":"https:\/\/www.europesays.com\/no\/wp-json\/wp\/v2\/types\/post"}],"author":[{"embeddable":true,"href":"https:\/\/www.europesays.com\/no\/wp-json\/wp\/v2\/users\/2"}],"replies":[{"embeddable":true,"href":"https:\/\/www.europesays.com\/no\/wp-json\/wp\/v2\/comments?post=103005"}],"version-history":[{"count":0,"href":"https:\/\/www.europesays.com\/no\/wp-json\/wp\/v2\/posts\/103005\/revisions"}],"wp:featuredmedia":[{"embeddable":true,"href":"https:\/\/www.europesays.com\/no\/wp-json\/wp\/v2\/media\/103006"}],"wp:attachment":[{"href":"https:\/\/www.europesays.com\/no\/wp-json\/wp\/v2\/media?parent=103005"}],"wp:term":[{"taxonomy":"category","embeddable":true,"href":"https:\/\/www.europesays.com\/no\/wp-json\/wp\/v2\/categories?post=103005"},{"taxonomy":"post_tag","embeddable":true,"href":"https:\/\/www.europesays.com\/no\/wp-json\/wp\/v2\/tags?post=103005"}],"curies":[{"name":"wp","href":"https:\/\/api.w.org\/{rel}","templated":true}]}}