{"id":103022,"date":"2025-12-03T09:55:09","date_gmt":"2025-12-03T09:55:09","guid":{"rendered":"https:\/\/www.europesays.com\/no\/103022\/"},"modified":"2025-12-03T09:55:09","modified_gmt":"2025-12-03T09:55:09","slug":"jonas-gahr-store-reiser-til-england-og-skottland","status":"publish","type":"post","link":"https:\/\/www.europesays.com\/no\/103022\/","title":{"rendered":"Jonas Gahr St\u00f8re reiser til England og Skottland"},"content":{"rendered":"\n<p class=\"_lead_o9xde_2 _lead_xtcu6_50 layout-component text-serif-m layout-normal text-serif-l layout-component layout-wide layout-padded _wide_17hqh_1 layout-padded\">Statsminister Jonas Gahr St\u00f8re drar til England og Skottland onsdag og torsdag.<\/p>\n<p><img alt=\"St\u00f8re og Starmer. Foto: Hallgeir V\u00e5genes \/ VG\" class=\"_image_qp4xg_65 layout-component layout-wide\" data-fullscreen- data-track-element-type=\"Article image fullscreen\" data-track-name=\"ImageFullscreen\" fetchpriority=\"high\" decoding=\"sync\" loading=\"eager\" height=\"3420\" itemprop=\"image\"  src=\"https:\/\/www.europesays.com\/no\/wp-content\/uploads\/2025\/12\/e59fc754-a97f-4f83-8352-1ad76d35858a\"  style=\"object-position:0% 0%\" width=\"5197\"\/>St\u00f8re og Starmer. Foto: Hallgeir V\u00e5genes \/ VG<\/p>\n<ul aria-hidden=\"true\" class=\"_images_1uft6_111\">\n<li><a class=\"_link_1uft6_116\" href=\"https:\/\/www.vg.no\/forfatter\/bjoern-haugan\" style=\"z-index:1\" title=\"Bj\u00f8rn Haugan\" rel=\"nofollow noopener\" target=\"_blank\"><img alt=\"Bilde av Bj\u00f8rn Haugan\" class=\"_image_1uft6_93\" fetchpriority=\"low\" loading=\"lazy\" decoding=\"async\" itemprop=\"image\"  src=\"https:\/\/www.europesays.com\/no\/wp-content\/uploads\/2025\/12\/6e157728-9e48-4dce-80f0-802581687058\"  width=\"480\"\/><\/a><\/li>\n<\/ul>\n<p> Oppdatert onsdag 3. desember kl. 10:05    <\/p>\n<ul class=\"_list_o9xde_3 _list_64s2r_85 _unordered_o9xde_106 text-sans-m\">\n<li class=\"_item_o9xde_30\">Statsminister Jonas Gahr St\u00f8re reiser til England og Skottland onsdag og torsdag.<\/li>\n<li class=\"_item_o9xde_30\">F\u00f8rst skal han grilles i Stortingets sp\u00f8rretime i dag formiddag.<\/li>\n<li class=\"_item_o9xde_30\">St\u00f8re skal m\u00f8te den britiske statsministeren, Keir Starmer, og diskutere forsvar- og sikkerhetssamarbeid.<\/li>\n<li class=\"_item_o9xde_30\">De skal ogs\u00e5 bes\u00f8ke den britiske flybasen Lossiemouth i Skottland.<\/li>\n<\/ul>\n<p>Vis mer <\/p>\n<p class=\"_paragraph_o9xde_4 _paragraph_xtcu6_10 layout-component text-serif-m layout-normal text-serif-m layout-padded\">St\u00f8re drar rett fra statsbudsjettdebatt i Stortinget onsdag til m\u00f8te med den britiske statsministeren, <a href=\"https:\/\/www.vg.no\/tag\/keir-starmer?utm_source=vg-article&amp;utm_medium=auto-tagger&amp;utm_campaign=n1RdMn\" class=\"_link_o9xde_39\" rel=\"nofollow noopener\" target=\"_blank\">Keir Starmer<\/a>.<\/p>\n<p class=\"_paragraph_o9xde_4 _paragraph_xtcu6_10 layout-component text-serif-m layout-normal text-serif-m layout-padded\">Men f\u00f8rst skal han alts\u00e5 grilles i sp\u00f8rretimen p\u00e5 Stortinget i formiddag.<\/p>\n<p class=\"_paragraph_o9xde_4 _paragraph_xtcu6_10 layout-component text-serif-m layout-normal text-serif-m layout-padded\">St\u00f8re skal v\u00e6re i London og Skottland i dag og i morgen.<\/p>\n<p class=\"_paragraph_o9xde_4 _paragraph_xtcu6_10 layout-component text-serif-m layout-normal text-serif-m layout-padded\">P\u00e5 grunn av budsjettkrisen her hjemme har turen hengt i en tynn tr\u00e5d, men med nattens budsjettavklaring, blir den planlagte turen gjennomf\u00f8rt.<\/p>\n<p class=\"_paragraph_o9xde_4 _paragraph_xtcu6_10 layout-component text-serif-m layout-normal text-serif-m layout-padded\">Han skal m\u00f8te Starmer i Downing Street 10 torsdag og de skal etter det fly til den britiske flybasen Lossiemouth i Skottland.<\/p>\n<p class=\"_paragraph_o9xde_4 _paragraph_xtcu6_10 layout-component text-serif-m layout-normal text-serif-m layout-padded\">De to skal blant annet diskutere forsvars- og sikkerhetssamarbeid, situasjonen i Ukraina og det strategiske partnerskapet mellom Storbritannia og Norge, som ble undertegnet i Bergen i fjor.<\/p>\n<p class=\"_paragraph_o9xde_4 _paragraph_xtcu6_10 layout-component text-serif-m layout-normal text-serif-m layout-padded\">\u2013 Storbritannia er en historisk og n\u00e6r alliert for Norge, og dette bes\u00f8ket er en investering i framtiden og de tette b\u00e5ndene mellom oss. Vi st\u00e5r sammen om sikkerheten. I urolige tider er det ekstra viktig \u00e5 ha tett og god kontakt med v\u00e5re partnere, sier St\u00f8re.<\/p>\n<p class=\"_paragraph_o9xde_4 _paragraph_xtcu6_10 layout-component text-serif-m layout-normal text-serif-m layout-padded\">De to reiser til den britiske flybasen Lossiemouth i Skottland. Der skal de m\u00f8te milit\u00e6re enheter for operasjoner i nordomr\u00e5dene, og de m\u00f8ter britisk og norsk forsvarspersonell.<\/p>\n","protected":false},"excerpt":{"rendered":"Statsminister Jonas Gahr St\u00f8re drar til England og Skottland onsdag og torsdag. St\u00f8re og Starmer. Foto: Hallgeir V\u00e5genes&hellip;\n","protected":false},"author":2,"featured_media":103023,"comment_status":"","ping_status":"","sticky":false,"template":"","format":"standard","meta":{"footnotes":""},"categories":[10],"tags":[20,21,24,25,15,2375,22,23,13,30,4081,28,29,14,16,865,568,26,27],"class_list":{"0":"post-103022","1":"post","2":"type-post","3":"status-publish","4":"format-standard","5":"has-post-thumbnail","7":"category-norge","8":"tag-breaking-news","9":"tag-breakingnews","10":"tag-featured-news","11":"tag-featurednews","12":"tag-headlines","13":"tag-keir-starmer","14":"tag-latest-news","15":"tag-latestnews","16":"tag-news","17":"tag-no","18":"tag-nordomradene","19":"tag-norge","20":"tag-norway","21":"tag-nyheter","22":"tag-overskrifter","23":"tag-storbritannia","24":"tag-store-regjeringen","25":"tag-top-stories","26":"tag-topstories"},"share_on_mastodon":{"url":"https:\/\/pubeurope.com\/@no\/115655037935830226","error":""},"_links":{"self":[{"href":"https:\/\/www.europesays.com\/no\/wp-json\/wp\/v2\/posts\/103022","targetHints":{"allow":["GET"]}}],"collection":[{"href":"https:\/\/www.europesays.com\/no\/wp-json\/wp\/v2\/posts"}],"about":[{"href":"https:\/\/www.europesays.com\/no\/wp-json\/wp\/v2\/types\/post"}],"author":[{"embeddable":true,"href":"https:\/\/www.europesays.com\/no\/wp-json\/wp\/v2\/users\/2"}],"replies":[{"embeddable":true,"href":"https:\/\/www.europesays.com\/no\/wp-json\/wp\/v2\/comments?post=103022"}],"version-history":[{"count":0,"href":"https:\/\/www.europesays.com\/no\/wp-json\/wp\/v2\/posts\/103022\/revisions"}],"wp:featuredmedia":[{"embeddable":true,"href":"https:\/\/www.europesays.com\/no\/wp-json\/wp\/v2\/media\/103023"}],"wp:attachment":[{"href":"https:\/\/www.europesays.com\/no\/wp-json\/wp\/v2\/media?parent=103022"}],"wp:term":[{"taxonomy":"category","embeddable":true,"href":"https:\/\/www.europesays.com\/no\/wp-json\/wp\/v2\/categories?post=103022"},{"taxonomy":"post_tag","embeddable":true,"href":"https:\/\/www.europesays.com\/no\/wp-json\/wp\/v2\/tags?post=103022"}],"curies":[{"name":"wp","href":"https:\/\/api.w.org\/{rel}","templated":true}]}}