{"id":103026,"date":"2025-12-03T10:03:17","date_gmt":"2025-12-03T10:03:17","guid":{"rendered":"https:\/\/www.europesays.com\/no\/103026\/"},"modified":"2025-12-03T10:03:17","modified_gmt":"2025-12-03T10:03:17","slug":"tror-hun-kan-leve-leter-for-a-redde-liv","status":"publish","type":"post","link":"https:\/\/www.europesays.com\/no\/103026\/","title":{"rendered":"Tror hun kan leve: &#8211; Leter for \u00e5 redde liv"},"content":{"rendered":"<p class=\"kicker \" style=\"\">Kvinne savnet i Telemark:\u00a0<\/p>\n<p>  Politiet viser til at folk har blitt funnet i live etter flere d\u00f8gn i r\u00f8ff natur f\u00f8r, og fortsetter s\u00f8ket etter savnet kvinne med full styrke.\u00a0<\/p>\n<p>\n    STORE RESSURSER: Politiet f\u00e5r bistand fra R\u00f8de Kors, Norske Redningshunder, Norsk Alpin Redningsgruppe og Sivilforsvaret. Foto: Telemark R\u00f8de Kors\n  <\/p>\n<p>    Kort fortalt<\/p>\n<ul lang=\"nb-NO\">\n<li>Letemannskapene fortsetter s\u00f8ket etter en savnet kvinne i 40-\u00e5rene fra Skien, som ikke kom hjem fra en treningstur i Tokke kommune.<\/li>\n<li>Savnedes bil ble funnet ved Ravnejuv, og s\u00f8ket p\u00e5g\u00e5r i krevende v\u00e6r- og terrengforhold med hjelp fra flere redningsorganisasjoner.<\/li>\n<li>Operasjonsleder Roger Aaser understreker at s\u00f8ket fortsetter med full styrke, basert p\u00e5 tidligere erfaringer med overlevelse i naturen.<\/li>\n<li>Det er utfordrende forhold med vekslende v\u00e6r og bratt terreng, men h\u00e5pet om \u00e5 finne kvinnen i live opprettholdes.<\/li>\n<\/ul>\n<p class=\"italic ai-disclaimer\" data-lab-italic=\"italic\">Sammendraget er laget av ChatGPT og godkjent av Dagbladet.<\/p>\n<p>      Vis mer<br \/>\n      Vis mindre<\/p>\n<p class=\"font-weight-bold m-font-weight-bold\" data-lab-font_weight=\"font-weight-bold\">&#8211; Vi h\u00e5per fortsatt \u00e5 finne henne i live, sier operasjonsleder Roger Aaser i S\u00f8r-\u00d8st politidistrikt til Dagbladet.\u00a0<\/p>\n<p>I snart to d\u00f8gn har letemannskapene saumfart omr\u00e5der i n\u00e6rheten av Ravnejuvsvingen og L\u00e5rdalsstigen i Tokke kommune i Telemark, etter at en kvinne i 40-\u00e5ra fra Skien<a href=\"https:\/\/www.dagbladet.no\/nyheter\/soket-fortsetter-krevende-forhold\/83920602\" target=\"_blank\" rel=\"nofollow noopener\"> ikke kom hjem fra en treningstur<\/a> i omr\u00e5det.\u00a0<\/p>\n<p>Savnedes bil ble funnet ved en parkeringsplass i n\u00e6rheten av Ravnejuv s\u00f8ndag. Hun er ikke sett siden l\u00f8rdag formiddag, og ble meldt savnet da hun ikke m\u00f8tte opp til en avtale s\u00f8ndag.\u00a0<\/p>\n<p>B\u00e5de <a href=\"https:\/\/www.dagbladet.no\/nyheter\/soker-med-full-styrke-veldig-vanskelig\/83924117\" target=\"_blank\" rel=\"nofollow noopener\">v\u00e6rforhold og terreng er krevende<\/a> for mannskapet, som blant annet s\u00f8ker i <a href=\"https:\/\/www.dagbladet.no\/nyheter\/fortsatt-hap-om-a-finne-henne-i-live\/83922416\" target=\"_blank\" rel=\"nofollow noopener\">bratte og sleipe fjellsider<\/a>.\u00a0<\/p>\n<p>&#8211; Fortsetter med full styrke\t<\/p>\n<p>Tirsdag formiddag har det akkurat kommet nytt innsatspersonell p\u00e5 jobb og det er satt ut nye s\u00f8keomr\u00e5der. Ogs\u00e5 uorganiserte frivillige bidrar i s\u00f8ket, tillegg til blant andre R\u00f8de Kors, Sivilforsvaret, Norsk folkehjelp og Norske Alpine Redningsgrupper.\u00a0<\/p>\n<p>Politiet har ingen planer om \u00e5 trappe ned aksjonen n\u00e5, sier Aaser.\u00a0<\/p>\n<p>&#8211; Innsatsleder Tor Einar Bakken er tydelig p\u00e5 at han vil s\u00f8ke utover dagen, og fortsatt leter for \u00e5 redde liv, sier Aaser.\u00a0<\/p>\n<p>    <a itemprop=\"url\" href=\"https:\/\/www.dagbladet.no\/nyheter\/soker-med-full-styrke-veldig-vanskelig\/83924117\" rel=\"nofollow noopener\" target=\"_blank\"><\/p>\n<p>      <img loading=\"lazy\" decoding=\"async\" src=\"https:\/\/www.europesays.com\/no\/wp-content\/uploads\/2025\/12\/83924123.webp\" width=\"980\" height=\"441\" title=\"S\u00f8ker med full styrke: - Veldig vanskelig\" alt=\"\" class=\"lazyload\" style=\"--aspect-ratio-image: 2.22; \"\/><\/p>\n<p>        S\u00f8ker med full styrke: &#8211; Veldig vanskelig<\/p>\n<p>    <\/a><\/p>\n<p>&#8211; Det er s\u00e5nn redningsaksjoner og redningstjenesten i Norge er bygget opp. Hvis alle profesjonelle akt\u00f8rer mener at det ikke er h\u00e5p om \u00e5 finne folk i live, da legger vi om s\u00f8kmetodikken litt. Men hvis vi ikke er i tvil, da er vi ikke i tvil.<\/p>\n<p>Avgj\u00f8relsen er blant annet basert p\u00e5 tidligere hendelser og hypoteser om hvor savnede kan ha tatt tilhold, forteller operasjonslederen.\u00a0<\/p>\n<p>          <img loading=\"lazy\" decoding=\"async\" src=\"https:\/\/www.europesays.com\/no\/wp-content\/uploads\/2025\/12\/83926519.webp\" width=\"980\" height=\"559\" title=\"KREVENDE: Det var sn\u00f8byger, d\u00e5rlig sikt og sn\u00f8 p\u00e5 bakken i s\u00f8keomr\u00e5det mandag. V\u00e6rforholdene skal ikke v\u00e6re noe bedre tirsdag, if\u00f8lge R\u00f8de Kors. Foto: Telemark R\u00f8de Kors\" alt=\"\" class=\"\" style=\"--aspect-ratio-image: 1.75; \"\/><\/p>\n<p>\n          KREVENDE: Det var sn\u00f8byger, d\u00e5rlig sikt og sn\u00f8 p\u00e5 bakken i s\u00f8keomr\u00e5det mandag. V\u00e6rforholdene skal ikke v\u00e6re noe bedre tirsdag, if\u00f8lge R\u00f8de Kors. Foto: Telemark R\u00f8de Kors\n      <\/p>\n<p>Han viser blant annet til den amerikanske turisten Alec Luhn (38) som var savnet ved Folgefonna i Hardanger i sommer. Luhn skadet seg p\u00e5 solotur, og klarte ikke \u00e5 bevege seg. Han <a href=\"https:\/\/www.dagbladet.no\/nyheter\/kjempet-for-livet-snakk-om-timer\/83482612\" target=\"_blank\" rel=\"nofollow noopener\">kjempet for livet i seks d\u00f8gn<\/a> f\u00f8r han ble funnet.\u00a0<\/p>\n<p class=\"font-weight-bold m-font-weight-bold\" data-lab-font_weight=\"font-weight-bold\">&#8211; Det er eksempler p\u00e5 hendelser hvor folk har funnet ly, mat og ting som gj\u00f8r at man kan leve lenger enn man kanskje tror ved f\u00f8rste inntrykk. S\u00e5 vi jobber ut fra en hva-hvis-tankegang.\u00a0<\/p>\n<p>Savnede er ogs\u00e5 i god fysisk form, legger han til.\u00a0<\/p>\n<p>&#8211; S\u00e5 det er en helhetsvurdering p\u00e5 dette. Vi fortsetter med full styrke utover dagen, sier Aaser.\u00a0<\/p>\n<p>&#8211; Veldig bratt og ulendt\t<\/p>\n<p> Stian Storstr\u00f8m Michelsen er operativ leder i Telemark R\u00f8de Kors Hjelpekorps. Han har selv v\u00e6rt ute og s\u00f8kt gjennom natta, men er tirsdag formiddag p\u00e5 jobb.\u00a0<\/p>\n<p>Beskjeden fra felt er at b\u00e5de v\u00e6r- og f\u00f8reforhold fortsatt er utfordrende.\u00a0<\/p>\n<p class=\"font-weight-bold m-font-weight-bold\" data-lab-font_weight=\"font-weight-bold\">&#8211; Det er fortsatt veldig utfordrende. Det er veldig vekslende v\u00e6r, med vekslende temperaturer. Det er ogs\u00e5 nedb\u00f8r som legger seg p\u00e5 bakken i form av is eller sn\u00f8, sier Michelsen.\u00a0<\/p>\n<p>    <a itemprop=\"url\" href=\"https:\/\/www.dagbladet.no\/nyheter\/fortsatt-hap-om-a-finne-henne-i-live\/83922416\" rel=\"nofollow noopener\" target=\"_blank\"><\/p>\n<p>      <img loading=\"lazy\" decoding=\"async\" src=\"https:\/\/www.europesays.com\/no\/wp-content\/uploads\/2025\/12\/83922650.webp\" width=\"980\" height=\"441\" title=\"- Fortsatt h\u00e5p om \u00e5 finne henne i live\" alt=\"\" class=\"lazyload\" style=\"--aspect-ratio-image: 2.22; \"\/><\/p>\n<p>        &#8211; Fortsatt h\u00e5p om \u00e5 finne henne i live<\/p>\n<p>    <\/a><\/p>\n<p>Selv om s\u00f8keomr\u00e5det tirsdag formiddag er utvidet, s\u00f8kes det fortsatt i bratt terreng, forklarer han.\u00a0<\/p>\n<p>&#8211; Hele det omr\u00e5det der er veldig bratt og ulendt. Det er ganske mange h\u00f8ydemeter fra E 134, som g\u00e5r oppover der, og ned til Dalen.\u00a0<\/p>\n<p>I de bratteste partiene m\u00e5 mannskap med spesialtrening bidra med tausikring. Norske Alpine Redningsgruppe bidrar ogs\u00e5.\u00a0<\/p>\n","protected":false},"excerpt":{"rendered":"Kvinne savnet i Telemark:\u00a0 Politiet viser til at folk har blitt funnet i live etter flere d\u00f8gn i&hellip;\n","protected":false},"author":2,"featured_media":103027,"comment_status":"","ping_status":"","sticky":false,"template":"","format":"standard","meta":{"footnotes":""},"categories":[10],"tags":[20,21,24,25,15,2539,22,23,170,13,30,28,29,14,16,468,214,992,26,27],"class_list":{"0":"post-103026","1":"post","2":"type-post","3":"status-publish","4":"format-standard","5":"has-post-thumbnail","7":"category-norge","8":"tag-breaking-news","9":"tag-breakingnews","10":"tag-featured-news","11":"tag-featurednews","12":"tag-headlines","13":"tag-innenriks","14":"tag-latest-news","15":"tag-latestnews","16":"tag-leteaksjon","17":"tag-news","18":"tag-no","19":"tag-norge","20":"tag-norway","21":"tag-nyheter","22":"tag-overskrifter","23":"tag-politiet","24":"tag-rode-kors","25":"tag-telemark","26":"tag-top-stories","27":"tag-topstories"},"share_on_mastodon":{"url":"https:\/\/pubeurope.com\/@no\/115655069352343151","error":""},"_links":{"self":[{"href":"https:\/\/www.europesays.com\/no\/wp-json\/wp\/v2\/posts\/103026","targetHints":{"allow":["GET"]}}],"collection":[{"href":"https:\/\/www.europesays.com\/no\/wp-json\/wp\/v2\/posts"}],"about":[{"href":"https:\/\/www.europesays.com\/no\/wp-json\/wp\/v2\/types\/post"}],"author":[{"embeddable":true,"href":"https:\/\/www.europesays.com\/no\/wp-json\/wp\/v2\/users\/2"}],"replies":[{"embeddable":true,"href":"https:\/\/www.europesays.com\/no\/wp-json\/wp\/v2\/comments?post=103026"}],"version-history":[{"count":0,"href":"https:\/\/www.europesays.com\/no\/wp-json\/wp\/v2\/posts\/103026\/revisions"}],"wp:featuredmedia":[{"embeddable":true,"href":"https:\/\/www.europesays.com\/no\/wp-json\/wp\/v2\/media\/103027"}],"wp:attachment":[{"href":"https:\/\/www.europesays.com\/no\/wp-json\/wp\/v2\/media?parent=103026"}],"wp:term":[{"taxonomy":"category","embeddable":true,"href":"https:\/\/www.europesays.com\/no\/wp-json\/wp\/v2\/categories?post=103026"},{"taxonomy":"post_tag","embeddable":true,"href":"https:\/\/www.europesays.com\/no\/wp-json\/wp\/v2\/tags?post=103026"}],"curies":[{"name":"wp","href":"https:\/\/api.w.org\/{rel}","templated":true}]}}