{"id":103028,"date":"2025-12-03T10:05:13","date_gmt":"2025-12-03T10:05:13","guid":{"rendered":"https:\/\/www.europesays.com\/no\/103028\/"},"modified":"2025-12-03T10:05:13","modified_gmt":"2025-12-03T10:05:13","slug":"detaljen-har-gjort-underverker-for-sjastad-christiansen","status":"publish","type":"post","link":"https:\/\/www.europesays.com\/no\/103028\/","title":{"rendered":"Detaljen har gjort underverker for Sj\u00e5stad Christiansen"},"content":{"rendered":"<p>Tidligere har <a href=\"https:\/\/www.tv2.no\/sport\/vintersport\/floy-hjem-med-sykdom-like-jaevlig\/16877585\/\" rel=\"nofollow noopener\" target=\"_blank\">sykdom<\/a> hjems\u00f8kt Vetle Sj\u00e5stad Christiansen p\u00e5 verst mulig tidspunkt.<\/p>\n<p>Bihulene har til tider v\u00e6rt like plagsomme\u00a0som enkelte <a href=\"https:\/\/www.tv2.no\/sport\/sjastad-christiansen-etter-vrakingen-jeg-er-fly-forbannet\/16363283\/\" rel=\"nofollow noopener\" target=\"_blank\">verdenscuputtak<\/a>.<\/p>\n<p>N\u00e5 har det skjedd noe.<\/p>\n<p>\u2013 Jeg har jo klokka null sykedager for f\u00f8rste gang p\u00e5 mange \u00e5r. Du skulle tro at kroppen ble eldre og mer s\u00e5rbar for sykdom, sier han.\u00a0<\/p>\n<p>Hva har skjedd?<\/p>\n<p>Ett tema gikk igjen i pressesonen etter at geilingen loset Norge inn til sesongens f\u00f8rste stafettseier.<\/p>\n<p>\u00abHva har han i nesa?\u00bb\u00a0<\/p>\n<p>Journalister fra flere land lot seg fascinere.<\/p>\n<p>En konkurrent var klar i talen:<\/p>\n<p>\u2013 Jeg synes den er stygg, sier svenske Martin\u00a0Ponsiluoma.<\/p>\n<p>Opps\u00f8kte spesialist<\/p>\n<p>33-\u00e5ringen fra Geilo opps\u00f8kte en \u00f8re-nese-hals-spesialist i v\u00e5r etter vedvarende problemer med bihulene.<\/p>\n<p>        <img class=\"image__img lazyload\" itemprop=\"image\" title=\"Foto: H\u00e5var L\u00f8seth.\" alt=\"H\u00e5var L\u00f8seth. Foto: H\u00e5var L\u00f8seth.\" width=\"978\" height=\"1448\" bad-src=\"https:\/\/www.europesays.com\/no\/wp-content\/uploads\/2025\/12\/18341440.webp\" fetchpriority=\"auto\" \/><\/p>\n<p>      H\u00e5var L\u00f8seth.<br \/>\n         Foto: H\u00e5var L\u00f8seth.<\/p>\n<p>Doktor H\u00e5var L\u00f8seth fikk oppdraget:<\/p>\n<p class=\"bold m-bold\" data-lab-font_weight=\"bold\">F\u00e5 skikk p\u00e5 kroppen til 33-\u00e5ringen.\u00a0<\/p>\n<p data-lab-font_weight=\"\">Samtidig var spesialisten i gang med et prosjekt. \u00c5 utvikle en neseb\u00f8yle som skal hjelpe folk med \u00e5 puste bedre.<\/p>\n<p data-lab-font_weight=\"\">\u2013 Jeg har jobbet med nesekirurgi i mange \u00e5r. Jeg m\u00e5 si at jeg ikke har v\u00e6rt ordentlig klar over hvor viktig den drenasjen av sn\u00f8rr og slim fra nesen og bihulene er for pustefunksjonen v\u00e5r, sier L\u00f8seth til TV 2.<\/p>\n<p data-lab-font_weight=\"\">Sj\u00e5stad Christiansen fikk teste en prototyp &#8211; og ble frelst.<\/p>\n<p>        <img class=\"image__img lazyload\" itemprop=\"image\" title=\"Foto: Rudi Jakobsen \/ TV 2\" alt=\"UTLANDET: Ogs\u00e5 her, p\u00e5 h\u00f8ydesamling i Italia, brukte Sj\u00e5stad Christiansen \u00abneseringen\u00bb p\u00e5 trening. I bakgrunnen to mastodonter i ulik st\u00f8rrelse: Endre Str\u00f8msheim og fjellkjeden Latemar. Foto: Rudi Jakobsen \/ TV 2\" width=\"675\" height=\"594\" bad-src=\"https:\/\/www.europesays.com\/no\/wp-content\/uploads\/2025\/12\/18337623.webp\" fetchpriority=\"auto\" \/><\/p>\n<p>      UTLANDET: Ogs\u00e5 her, p\u00e5 h\u00f8ydesamling i Italia, brukte Sj\u00e5stad Christiansen \u00abneseringen\u00bb p\u00e5 trening. I bakgrunnen to mastodonter i ulik st\u00f8rrelse: Endre Str\u00f8msheim og fjellkjeden Latemar.<br \/>\n         Foto: Rudi Jakobsen \/ TV 2<\/p>\n<p>\u2013 Du har sett mange idrettsut\u00f8vere med teip (over nesa) opp gjennom \u00e5ra. Denne setter du fysisk inn i nesa, som \u00e5pner opp hele neseboret. At den fysisk ser ut til \u00e5 fungere, er det ikke noe tvil om, forklarer Sj\u00e5stad Christiansen.\u00a0<\/p>\n<p>Hensikten med b\u00f8yla er alts\u00e5 \u00e5 f\u00e5 mer oksygen inn i maskineriet.<\/p>\n<p class=\"italic m-italic\" data-lab-italic=\"italic\">\u2013 Er det grunnen til at du har holdt deg frisk?<\/p>\n<p>\u2013 Ja, jeg tror det er \u00e9n av grunnene. Og s\u00e5 har jeg gjort noen andre grep som ogs\u00e5 har bidratt til det. Men mange sm\u00e5 prosenter, det blir mye til slutt n\u00e5r du ser p\u00e5 totalregnestykket, svarer han.\u00a0<\/p>\n<p>L\u00f8seth forteller at flere deler samme opplevelse som skiskytterprofilen &#8211; og kommer med den faglige forklaringen:<\/p>\n<p>\u2013\u00a0N\u00e5r det g\u00e5r vind gjennom nesa, dannes det et vakuum, et undertrykk, som er med p\u00e5 \u00e5 trekke sn\u00f8rret ut fra bihulene. N\u00e5r du f\u00e5r drenert og t\u00f8mt bihulene for sn\u00f8rr, s\u00e5 er det mye mindre sannsynlig at det hopes opp med virus og bakterier som trives og yngler best i omr\u00e5det der det ligger masse sn\u00f8rr og v\u00e6ske, forklarer han.<\/p>\n<p>        <img class=\"image__img lazyload\" itemprop=\"image\" title=\"Foto: Rasmus Lie \/ TV 2\" alt=\"ROSA: Fargen er kanskje ikke tilfeldig n\u00e5r Vetle Sj\u00e5stad Christiansen g\u00e5r skirenn i Sverige. Foto: Rasmus Lie \/ TV 2\" width=\"675\" height=\"486\" bad-src=\"https:\/\/www.europesays.com\/no\/wp-content\/uploads\/2025\/12\/18338482.webp\" fetchpriority=\"auto\" \/><\/p>\n<p>      ROSA: Fargen er kanskje ikke tilfeldig n\u00e5r Vetle Sj\u00e5stad Christiansen g\u00e5r skirenn i Sverige.<br \/>\n         Foto: Rasmus Lie \/ TV 2<\/p>\n<p>Har begynt med fasting<\/p>\n<p>Enn s\u00e5 lenge finnes det ingen dokumentert effekt.<\/p>\n<p>Doktoren h\u00e5per at forskningsmilj\u00f8er vil forske p\u00e5 neseb\u00f8yla, slik at lovordene f\u00e5r substans.<\/p>\n<p>        Mer fra L\u00f8seth:<\/p>\n<p class=\"no_italic m-no_italic\" data-lab-italic=\"\"> \u2013 M\u00e5let er at du skal stimulere nesa til \u00e5 f\u00e5 nok nesepust, s\u00e5nn at den f\u00e5r t\u00f8mme seg og at hjernen skj\u00f8nner at det g\u00e5r an \u00e5 puste med nesa. Og det gj\u00f8r at nesa blir brukt mye mer, fordi hjernen forst\u00e5r at du puster med nesa. Det er v\u00e5r hypotese. <\/p>\n<p class=\"italic m-italic\" data-lab-italic=\"italic\">\u2013 Du frykter ikke at dette kan bli forbudt?<\/p>\n<p>\u2013 Da m\u00e5 s\u00e6rforbundene i tilfelle legge ned forbud, men det er jo ikke doping. Det gj\u00f8r ikke noe med Vo2-maksopptaket ditt. Men veien frem til Vo2-maks blir mye bedre, og gir mye mer komfort. Du har mye mer pustekomfort n\u00e5r du holder p\u00e5, og det er tilgjengelig for alle. Det er ikke noe kunstig fremstilt eller en prestasjonsfremmende ting. <\/p>\n<p>\u2013 Vi har snakket med Antidoping Norge, og de har ikke hatt noen innvendinger. <\/p>\n<p class=\"italic m-italic\" data-lab-italic=\"italic\">\u2013 Vi er jo inne i en tid der det er masse nytt \u00e5 teste. Merker dere ogs\u00e5 det, at folk er nysgjerrige?<\/p>\n<p>\u2013 Det har v\u00e6rt veldig stor interesse. Det er veldig mange som tar kontakt med oss, egentlig fra over hele verden. Det er ulike m\u00e5ter \u00e5 samarbeide med oss p\u00e5. Vi merker absolutt at det er stor interesse.<\/p>\n<p>Han forteller at det ikke bare er Sj\u00e5stad Christiansen som er begeistret. <\/p>\n<p>\u2013 Vi har flere store idrettsut\u00f8vere i stallen som har testet. Jeg kan ikke gi noen navn akkurat n\u00e5, men vi har flere store navn som har v\u00e6rt veldig forn\u00f8yde, og som tester og sannsynligvis vil begynne \u00e5 bruke neseklypa snart.<\/p>\n<p>\u2013 Jeg vet jeg driver med mye dumt, men et eller annet smart har jeg i hvert fall gjort i \u00e5r, sier Sj\u00e5stad Christiansen.<\/p>\n<p class=\"italic m-italic\" data-lab-italic=\"italic\">\u2013 Hvilke andre grep har du gjort?\u00a0<\/p>\n<p>Veteranen forteller at treningen er det han har gjort minst endringer p\u00e5.<\/p>\n<p>\u2013 Jeg er som alle andre i befolkningen. Jeg slenger meg med p\u00e5 trender. Det har v\u00e6rt litt periodisk faste, hvor jeg har pr\u00f8vd \u00e5 f\u00e5 14 timer fra middag til frokost.\u00a0<\/p>\n<p>\u2013 For \u00e5 la kroppen jobbe med\u00a0noe annet enn \u00e5 ford\u00f8ye tung fiber som vi pleier \u00e5 putte i oss om kvelden med korn og grovbr\u00f8d.\u00a0<\/p>\n<p>\u2013 Det kjennes ut som det har funket. Jeg har g\u00e5tt fra \u00e5 v\u00e6re et C til A-menneske. S\u00e5 det er en utrolig forvandling p\u00e5 ett \u00e5r.<\/p>\n","protected":false},"excerpt":{"rendered":"Tidligere har sykdom hjems\u00f8kt Vetle Sj\u00e5stad Christiansen p\u00e5 verst mulig tidspunkt. Bihulene har til tider v\u00e6rt like plagsomme\u00a0som&hellip;\n","protected":false},"author":2,"featured_media":103029,"comment_status":"","ping_status":"","sticky":false,"template":"","format":"standard","meta":{"footnotes":""},"categories":[59],"tags":[30,28,29,83,82],"class_list":{"0":"post-103028","1":"post","2":"type-post","3":"status-publish","4":"format-standard","5":"has-post-thumbnail","7":"category-sport","8":"tag-no","9":"tag-norge","10":"tag-norway","11":"tag-sport","12":"tag-sports"},"share_on_mastodon":{"url":"https:\/\/pubeurope.com\/@no\/115655077130813591","error":""},"_links":{"self":[{"href":"https:\/\/www.europesays.com\/no\/wp-json\/wp\/v2\/posts\/103028","targetHints":{"allow":["GET"]}}],"collection":[{"href":"https:\/\/www.europesays.com\/no\/wp-json\/wp\/v2\/posts"}],"about":[{"href":"https:\/\/www.europesays.com\/no\/wp-json\/wp\/v2\/types\/post"}],"author":[{"embeddable":true,"href":"https:\/\/www.europesays.com\/no\/wp-json\/wp\/v2\/users\/2"}],"replies":[{"embeddable":true,"href":"https:\/\/www.europesays.com\/no\/wp-json\/wp\/v2\/comments?post=103028"}],"version-history":[{"count":0,"href":"https:\/\/www.europesays.com\/no\/wp-json\/wp\/v2\/posts\/103028\/revisions"}],"wp:featuredmedia":[{"embeddable":true,"href":"https:\/\/www.europesays.com\/no\/wp-json\/wp\/v2\/media\/103029"}],"wp:attachment":[{"href":"https:\/\/www.europesays.com\/no\/wp-json\/wp\/v2\/media?parent=103028"}],"wp:term":[{"taxonomy":"category","embeddable":true,"href":"https:\/\/www.europesays.com\/no\/wp-json\/wp\/v2\/categories?post=103028"},{"taxonomy":"post_tag","embeddable":true,"href":"https:\/\/www.europesays.com\/no\/wp-json\/wp\/v2\/tags?post=103028"}],"curies":[{"name":"wp","href":"https:\/\/api.w.org\/{rel}","templated":true}]}}