{"id":103034,"date":"2025-12-03T10:12:14","date_gmt":"2025-12-03T10:12:14","guid":{"rendered":"https:\/\/www.europesays.com\/no\/103034\/"},"modified":"2025-12-03T10:12:14","modified_gmt":"2025-12-03T10:12:14","slug":"slakt-kan-ikke-sammenliknes","status":"publish","type":"post","link":"https:\/\/www.europesays.com\/no\/103034\/","title":{"rendered":"slakt: &#8211; Kan ikke sammenliknes"},"content":{"rendered":"<p class=\"kicker bg-gold color_mobile_bg-gold align-center mobile_text_align_align-center hasTextPadding mobile-hasTextPadding\" style=\"\">H\u00e5ndball-VM<\/p>\n<p>  Som TV-ekspert var Ole Gustav Gjekstad n\u00e5del\u00f8s sist Norge tapte: &#8211; Det er stor forskjell p\u00e5 jobbene, understreker landslagssjefen.<\/p>\n<p>\n    N\u00c5 ER HAN SJEF: Ole Gustav Gjekstad p\u00e5 den norske benken under VM. Foto: Beate Oma Dahle \/ NTB\n  <\/p>\n<p class=\"bg-red color_mobile_bg-red align-center mobile_text_align_align-center font-weight-bold m-font-weight-bold\" data-lab-text_background_color=\"bg-red\" data-lab-text_align=\"center\" data-lab-font_weight=\"font-weight-bold\">Norge &#8211; Sverige onsdag kl. 20.30<\/p>\n<p>DORTMUND (Dagbladet): Det er 496 dager siden Norge tapte en mesterskapskamp. Det skjedde mot onsdagens VM-motstander, Sverige, i \u00e5pningskampen i OL.\u00a0<\/p>\n<p>    <a itemprop=\"url\" href=\"https:\/\/www.dagbladet.no\/sport\/toft-i-dag-tidlig\/83928831\" rel=\"nofollow noopener\" target=\"_blank\"><\/p>\n<p>      <img loading=\"lazy\" decoding=\"async\" src=\"https:\/\/www.europesays.com\/no\/wp-content\/uploads\/2025\/12\/83928883.webp\" width=\"980\" height=\"441\" title=\"- T\u00f8ft i dag tidlig\" alt=\"\" class=\"lazyload\" style=\"--aspect-ratio-image: 2.22; \"\/><\/p>\n<p>        &#8211; T\u00f8ft i dag tidlig<\/p>\n<p>    <\/a><\/p>\n<p>Ekspertkommentator p\u00e5 TV den kvelden: N\u00e5v\u00e6rende landslagssjef Ole Gustav Gjekstad. I sin dom til seerne var han beinhard med det norske laget:<\/p>\n<p>&#8211; En kollaps vi ikke ser s\u00e5 ofte. De mister det helt fullstendig, <a href=\"https:\/\/www.dagbladet.no\/sport\/handball-sjokk\/81719540\" rel=\"nofollow noopener\" target=\"_blank\">sa Gjekstad p\u00e5 direkten for Max.\u00a0<\/a><\/p>\n<p>          <img loading=\"lazy\" decoding=\"async\" src=\"https:\/\/www.europesays.com\/no\/wp-content\/uploads\/2025\/12\/83928816.webp\" width=\"686\" height=\"460\" title=\"SKUFFELSE: Stine Skogrand og Nora M\u00f8rk var langt nede etter tapet for Sverige. Foto: Beate Oma Dahle \/ NTB\" alt=\"\" class=\"\" style=\"--aspect-ratio-image: 1.49; \"\/><\/p>\n<p>\n          SKUFFELSE: Stine Skogrand og Nora M\u00f8rk var langt nede etter tapet for Sverige. Foto: Beate Oma Dahle \/ NTB\n      <\/p>\n<p> I Dortmund sp\u00f8r Dagbladet landslagssjefen om han husker sin egen dom. <\/p>\n<p>&#8211; Nei.\u00a0<\/p>\n<p>&#8211; Du sa de mistet det helt, forteller Dagbladets reporter.<\/p>\n<p>&#8211; Ja, det er nok riktig p\u00e5 slutten der. Men det er stor forskjell p\u00e5 \u00e5 v\u00e6re trener for et lag og en ekspert for en TV-kanal. Det kan ikke sammenliknes, svarer Norge-sjefen.<\/p>\n<p>          <img loading=\"lazy\" decoding=\"async\" src=\"https:\/\/www.europesays.com\/no\/wp-content\/uploads\/2025\/12\/83929373.webp\" width=\"686\" height=\"460\" title=\"P\u00c5 PLASS: Ole Gustav Gjekstad p\u00e5 vei ut til pressetreff i Dortmund kort tid etter at h\u00e5ndballjentene ankom byen tirsdag. Foto: Beate Oma Dahle \/ NTB\" alt=\"\" class=\"\" style=\"--aspect-ratio-image: 1.49; \"\/><\/p>\n<p>\n          P\u00c5 PLASS: Ole Gustav Gjekstad p\u00e5 vei ut til pressetreff i Dortmund kort tid etter at h\u00e5ndballjentene ankom byen tirsdag. Foto: Beate Oma Dahle \/ NTB\n      <\/p>\n<p>I flere mesterskap har Gjekstad v\u00e6rt ekspertkommentator for TV-kanaler. F\u00f8r, etter og samtidig har han ogs\u00e5 trent flere av de norske spillerne. Halvannen m\u00e5ned etter slakten av h\u00e5ndballjentene i beste sendetid &#8211; ble han ansatt som deres nye landslagssjef.<\/p>\n<p class=\"italic m-italic\" data-lab-italic=\"italic\">&#8211; Ville du brukt de samme ordene i rollen som trener?<\/p>\n<p>&#8211;\u00a0Overfor eget lag, nei, det ville jeg ikke gjort. Mista det fullstendig kunne man si, det gjorde man jo, men ordbruken blir litt annerledes n\u00e5r man er trener, det blir den, svarer Gjekstad.<\/p>\n<p>        H\u00c5NDBALL-VM: Norge har valset gjennom sine f\u00f8rste kamper i h\u00e5ndball-VM, da m\u00e5 det v\u00e6re lov med litt tull etter kamp. Video: Myhrvold Simensen\/Skingen(Dagbladet<\/p>\n<p>Med seier mot svenskene onsdag vil Norge ha et bein i kvartfinalen allerede. For svenskene vil det derimot se sv\u00e6rt m\u00f8rkt ut med tanke p\u00e5 avansement, etter at de tapte for Brasil i siste gruppespillskamp.<\/p>\n<p>&#8211;\u00a0\u00a0Det var en glipp mot Brasil, men det er et bra lag. Mange gode enkeltspillere, og et lag som kjenner hverandre godt, p\u00e5peker Gjekstad.<\/p>\n<p>    <a itemprop=\"url\" href=\"https:\/\/www.dagbladet.no\/sport\/jeg-ble-redd\/83924403\" rel=\"nofollow noopener\" target=\"_blank\"><\/p>\n<p>      <img loading=\"lazy\" decoding=\"async\" src=\"https:\/\/www.europesays.com\/no\/wp-content\/uploads\/2025\/12\/1764756734_99_83924800.webp\" width=\"980\" height=\"441\" title=\"Norge slo alarm\" alt=\"\" class=\"lazyload\" style=\"--aspect-ratio-image: 2.22; \"\/><\/p>\n<p>        Norge slo alarm<\/p>\n<p>    <\/a><\/p>\n<p>Tirsdag kveld m\u00f8tte Dagbladet og flere norske medier Sverige-sjef Tomas Axn\u00e9r.\u00a0<\/p>\n<p>&#8211; I g\u00e5r kveld var det ikke h\u00e6lene i taket. Det var et t\u00f8ft tap som gir oss konsekvenser med at det blir en vanskelig vei framover, sa den svenske sjefen.\u00a0<\/p>\n<p>Han trekker fram fordelene ved \u00e5 m\u00f8te Norge.\u00a0<\/p>\n<p>&#8211; Norge er et bedre h\u00e5ndballag enn Brasil, og vi vet hva de kommer med. Det kan passe oss bra, fortsatte han.<\/p>\n","protected":false},"excerpt":{"rendered":"H\u00e5ndball-VM Som TV-ekspert var Ole Gustav Gjekstad n\u00e5del\u00f8s sist Norge tapte: &#8211; Det er stor forskjell p\u00e5 jobbene,&hellip;\n","protected":false},"author":2,"featured_media":103035,"comment_status":"","ping_status":"","sticky":false,"template":"","format":"standard","meta":{"footnotes":""},"categories":[59],"tags":[105,9443,30,28,29,1527,83,82],"class_list":{"0":"post-103034","1":"post","2":"type-post","3":"status-publish","4":"format-standard","5":"has-post-thumbnail","7":"category-sport","8":"tag-handball","9":"tag-handball-vm","10":"tag-no","11":"tag-norge","12":"tag-norway","13":"tag-ole-gustav-gjekstad","14":"tag-sport","15":"tag-sports"},"share_on_mastodon":{"url":"https:\/\/pubeurope.com\/@no\/115655105065402442","error":""},"_links":{"self":[{"href":"https:\/\/www.europesays.com\/no\/wp-json\/wp\/v2\/posts\/103034","targetHints":{"allow":["GET"]}}],"collection":[{"href":"https:\/\/www.europesays.com\/no\/wp-json\/wp\/v2\/posts"}],"about":[{"href":"https:\/\/www.europesays.com\/no\/wp-json\/wp\/v2\/types\/post"}],"author":[{"embeddable":true,"href":"https:\/\/www.europesays.com\/no\/wp-json\/wp\/v2\/users\/2"}],"replies":[{"embeddable":true,"href":"https:\/\/www.europesays.com\/no\/wp-json\/wp\/v2\/comments?post=103034"}],"version-history":[{"count":0,"href":"https:\/\/www.europesays.com\/no\/wp-json\/wp\/v2\/posts\/103034\/revisions"}],"wp:featuredmedia":[{"embeddable":true,"href":"https:\/\/www.europesays.com\/no\/wp-json\/wp\/v2\/media\/103035"}],"wp:attachment":[{"href":"https:\/\/www.europesays.com\/no\/wp-json\/wp\/v2\/media?parent=103034"}],"wp:term":[{"taxonomy":"category","embeddable":true,"href":"https:\/\/www.europesays.com\/no\/wp-json\/wp\/v2\/categories?post=103034"},{"taxonomy":"post_tag","embeddable":true,"href":"https:\/\/www.europesays.com\/no\/wp-json\/wp\/v2\/tags?post=103034"}],"curies":[{"name":"wp","href":"https:\/\/api.w.org\/{rel}","templated":true}]}}