{"id":103036,"date":"2025-12-03T10:13:41","date_gmt":"2025-12-03T10:13:41","guid":{"rendered":"https:\/\/www.europesays.com\/no\/103036\/"},"modified":"2025-12-03T10:13:41","modified_gmt":"2025-12-03T10:13:41","slug":"thea-sofie-loch-naess-i-hovedrollen-mot-eks-prins-i-ny-storfilm","status":"publish","type":"post","link":"https:\/\/www.europesays.com\/no\/103036\/","title":{"rendered":"Thea Sofie Loch N\u00e6ss i hovedrollen mot eks-prins i ny storfilm"},"content":{"rendered":"<p>V\u00e5ren 2026 er det duket for storfin premiere i et norsk-svensk samarbeide &#8211; med innslag av rojalt dansk blod.\u00a0<\/p>\n<p>Anledningen er filmastiseringen av\u00a0romanen \u00abDoktor Glas\u00bb av Hjalmar S\u00f6derberg fra 1905, og rollelisten m\u00e5 sies \u00e5 v\u00e6re en det ikke g\u00e5r tretten av p\u00e5 dussinet.\u00a0<\/p>\n<p>Blant skuespillerne finner vi ingen ringere enn den norske stjerna Thea Sofie Loch N\u00e6ss. Men Thea Sofie, kjent fra filmene Den Stygge Stes\u00f8steren og serien So Long, Marianne, kan mer enn \u00e5 spille. I Doktor Glas har hun nemlig en av n\u00f8kkelfunskjonene i storfilmen:\u00a0<\/p>\n<p>Da KK tar kontakt, bekrefter Thea Sofie i en sms:\u00a0<\/p>\n<p>&#8211; Ja, jeg spiller en av hovedrollene og er eksekutiv produsent.\u00a0<\/p>\n<p class=\"italic m-italic\" data-lab-italic=\"italic\">Thea Sofie henviser oss videre til pressekontakt, og KK kommer tilbake med mer informasjon om filmen, rollen, og den rojale medvirkningen i filmen.<\/p>\n<p>    <a itemprop=\"url\" href=\"https:\/\/www.kk.no\/mote\/de-er-svaere-og-tjukke-men-verdt-a-bruke-tiden-pa\/83906875\" rel=\"nofollow noopener\" target=\"_blank\"><\/p>\n<p>      <img loading=\"lazy\" decoding=\"async\" src=\"https:\/\/www.europesays.com\/no\/wp-content\/uploads\/2025\/12\/83907677.webp\" width=\"980\" height=\"441\" title=\"- De er sv\u00e6re og tjukke, men verdt \u00e5 bruke tiden p\u00e5\" alt=\"\" class=\"lazyload\" style=\"--aspect-ratio-image: 2.22; \"\/><\/p>\n<p>        &#8211; De er sv\u00e6re og tjukke, men verdt \u00e5 bruke tiden p\u00e5<\/p>\n<p>    <\/a><\/p>\n<p>Dansk greve p\u00e5 rollelisten\t<\/p>\n<p>For p\u00e5 rollelisten st\u00e5r nemlig ogs\u00e5 eks-prins Nikolai av Danmark, i dag kjent som grev Nikolai, etter at dronning Margrethe tok fra ham\u00a0 prinsetittelen i 2022.\u00a0<\/p>\n<p>I filmen skal Thea Sofie Loch N\u00e6ss spille karakteren Helga Gregorius, mens grev Nikolai har rollen som\u00a0S\u00f8ren Gregorius, alts\u00e5 Helgas svoger. Det er med andre ord duket for familiedrama, siden Helgas mann pastor Gregorius kan beskrives som en til tider frast\u00f8tende eldre mann, og Helga som ung og vakker kvinne, med liten interesse eller appetitt for mannens nattlige tiln\u00e6rmelser.\u00a0<\/p>\n<p>    <a itemprop=\"url\" href=\"https:\/\/www.kk.no\/mote\/hylles-for-dette-geniale-trikset\/83883484\" rel=\"nofollow noopener\" target=\"_blank\"><\/p>\n<p>      <img loading=\"lazy\" decoding=\"async\" src=\"https:\/\/www.europesays.com\/no\/wp-content\/uploads\/2025\/12\/83883578.webp\" width=\"980\" height=\"441\" title=\"Hylles for dette geniale trikset\" alt=\"\" class=\"lazyload\" style=\"--aspect-ratio-image: 2.22; \"\/><\/p>\n<p>        Hylles for dette geniale trikset<\/p>\n<p>    <\/a><\/p>\n<p>Mistet prinsestittelen\t<\/p>\n<p>Men hvordan har det seg at en dansk eks-prins n\u00e5 blir skuespiller? La oss ta et steg tilbake: Da prins Nikolai William Alexander Frederik\u00a0kom til verden i 1999, jublet prins Joachim og grevinne Alexandra, og s\u00f8nnen ble etter hvert nummer seks i arverekken til den danske tronen. Nikolai og broren Felix vokste opp som prinser.\u00a0\u00a0<\/p>\n<p>Men livet som rojale prinser skulle ikke fortsette. I september 2022 kunngjorde bestemor, dronning Margrethe, at prins Joachims barn fra \u00e5rsskiftet ikke lenger skulle ha tittelen \u00abprins\/prinsesse til Danmark\u00bb. Dronningen begrunnet det med at de to n\u00e5 i st\u00f8rre grad kunne v\u00e6re uavhengig av pliktene som f\u00f8lger med \u00e5 tilh\u00f8re Kongehuset som institusjon.\u00a0<\/p>\n<p>Endringen skal ha kommet som julekvelden p\u00e5 kjerringa, og prins Joachim har i dempede ordelag kommentert at endringen var en overraskelse for ham og s\u00f8nnene.\u00a0<\/p>\n<p>    <a itemprop=\"url\" href=\"https:\/\/www.kk.no\/underholdning\/de-har-utviklet-en-rustning\/83898266\" rel=\"nofollow noopener\" target=\"_blank\"><\/p>\n<p>      <img loading=\"lazy\" decoding=\"async\" src=\"https:\/\/www.europesays.com\/no\/wp-content\/uploads\/2025\/12\/83898614.webp\" width=\"147\" height=\"98\" title=\"Nicole Kidman: - Har utviklet en rustning\" alt=\"\" class=\"lazyload\" style=\"--aspect-ratio-image: 1.50; \"\/><\/p>\n<p>        Nicole Kidman: &#8211; Har utviklet en rustning<\/p>\n<p>    <\/a><\/p>\n<p>Modell for Dior\t<\/p>\n<p>Nikolai har fortsatt tittelen greve av Monpezat, som han ble tildelt av dronning Margrethe i 2008. Og den unge greven ikke er \u00e5penbart ikke tapt bak en gresskarvogn, hva gjelder \u00e5 finne sin egen vei. P\u00e5 privaten er han sammen med influenser Benedicte Thoustrup, en betydelig moteprofil i Danmark.\u00a0<\/p>\n<p>Selv han grev Nikolai ogs\u00e5\u00a0 tatt steget inn i moteverdenen, som modell for noen av de store merkene, deriblant Dior.\u00a0<\/p>\n<p>    <a itemprop=\"url\" href=\"https:\/\/www.kk.no\/mote\/de-er-svaere-og-tjukke-men-verdt-a-bruke-tiden-pa\/83906875\" rel=\"nofollow noopener\" target=\"_blank\"><\/p>\n<p>      <img loading=\"lazy\" decoding=\"async\" src=\"https:\/\/www.europesays.com\/no\/wp-content\/uploads\/2025\/12\/83907677.webp\" width=\"980\" height=\"441\" title=\"- De er sv\u00e6re og tjukke, men verdt \u00e5 bruke tiden p\u00e5\" alt=\"\" class=\"lazyload\" style=\"--aspect-ratio-image: 2.22; \"\/><\/p>\n<p>        &#8211; De er sv\u00e6re og tjukke, men verdt \u00e5 bruke tiden p\u00e5<\/p>\n<p>    <\/a><\/p>\n<p>Filmaktuell\t<\/p>\n<p>Men n\u00e5 viser det seg alts\u00e5 at den unge greven har en overraskende side. Det var\u00a0<a href=\"https:\/\/www.svenskdam.se\/kungligt\/svensk-dam-avslojar-greve-nikolai-far-roll-i-svensk-storfilm\/11137171?utm_source=sdrn%3Avg%3Aarticle%3AlngdxL\" rel=\"nofollow noopener\" target=\"_blank\">Svensk dam<\/a>\u00a0som i desember 2025 avsl\u00f8rte at Nikolai debuterer som skuespiller i filmen Doktor Glas. Regien er ved Eric Lejonberg, og manus ved Lejonberg og Isac Calmroth, og handlingen i filmversjonen av romanklassikeren er tatt frem til dagens Stockholm.\u00a0<\/p>\n<p>Grev Nikolai skal snakke dansk og \u00abdansk-engelsk i filmen. Eks-prinsen har ingen formell skuespillerutdannelse, men \u00e5 g\u00e5 til filmen har v\u00e6rt en gammel dr\u00f8m, sier han til <a href=\"https:\/\/www.svenskdam.se\/kungligt\/svensk-dam-avslojar-greve-nikolai-far-roll-i-svensk-storfilm\/11137171?utm_source=sdrn%3Avg%3Aarticle%3AlngdxL\" rel=\"nofollow noopener\" target=\"_blank\">svensk dam<\/a>:<\/p>\n<p>\u00a0&#8211; Jeg har alltid f\u00f8lt en strek dragning mot filmen og skuespillernes verden. Jeg har aldri tatt skuespillertimer eller noe, s\u00e5 det er veldig spennende for meg \u00e5 delta i et s\u00e5 stort prosjekt, sier greven.\u00a0<\/p>\n<p>Han forteller av produksjonen tok kontakt med ham ang\u00e5ende rollen:\u00a0<\/p>\n<p>\u2013 Jeg tror at de gjennom modellkarrieren min vet at jeg har jobbet med kamera f\u00f8r, s\u00e5 det er ikke noe nytt for meg. Men hele filmverdenen frister meg veldig. S\u00e5 jeg er supergira over \u00e5 v\u00e6re her.\u00a0<\/p>\n<p>    <a itemprop=\"url\" href=\"https:\/\/www.kk.no\/mote\/selv-om-det-ikke-finnes-lenger-sa-elsker-jeg-det\/83904041\" rel=\"nofollow noopener\" target=\"_blank\"><\/p>\n<p>      <img loading=\"lazy\" decoding=\"async\" src=\"https:\/\/www.europesays.com\/no\/wp-content\/uploads\/2025\/12\/83906497.webp\" width=\"980\" height=\"441\" title=\"- Selv om det ikke finnes lenger, s\u00e5 elsker jeg det\" alt=\"\" class=\"lazyload\" style=\"--aspect-ratio-image: 2.22; \"\/><\/p>\n<p>        &#8211; Selv om det ikke finnes lenger, s\u00e5 elsker jeg det<\/p>\n<p>    <\/a><\/p>\n<p>    <a itemprop=\"url\" href=\"https:\/\/www.kk.no\/livet\/diagnosen-har-preget-thea-i-20-ar\/82848180\" rel=\"nofollow noopener\" target=\"_blank\"><\/p>\n<p>      <img loading=\"lazy\" decoding=\"async\" src=\"https:\/\/www.europesays.com\/no\/wp-content\/uploads\/2025\/12\/82886803.webp\" width=\"980\" height=\"441\" title=\"Diagnosen har preget Thea i 20 \u00e5r\" alt=\"\" class=\"lazyload\" style=\"--aspect-ratio-image: 2.22; \"\/><\/p>\n<p>        Diagnosen har preget Thea i 20 \u00e5r<\/p>\n<p>    <\/a><\/p>\n<p>Stjerneskuddet Thea Sofie\t<\/p>\n<p>Og sammen med greven er alts\u00e5 v\u00e5r egen Thea Sofie Loch N\u00e6ss. Da KK intervjuet Thea Sofie i 2025, hadde hun nettopp gjort braksuksess som Marianne i serien \u00abSo long, Marianne\u00bb, om Leonard Cohen og norske Marianne Ihle og deres liv sammen p\u00e5 den greske \u00f8ya Hydra.\u00a0<\/p>\n<p>I intervjuet fortalte Thea at publikum under Sundance-festivalen i USA, <a href=\"https:\/\/www.kk.no\/livet\/diagnosen-har-preget-thea-i-20-ar\/82848180\" rel=\"nofollow noopener\" target=\"_blank\">regelrett hadde kastet opp av hennes siste film<\/a>, \u00abDen stygge stes\u00f8steren\u00bb, som tar for seg skj\u00f8nhetsjag &#8211; tatt til ekstreme h\u00f8yder.\u00a0<\/p>\n<p>          <img loading=\"lazy\" decoding=\"async\" src=\"https:\/\/www.europesays.com\/no\/wp-content\/uploads\/2025\/12\/83927452.webp\" width=\"686\" height=\"1002\" title=\"VED RORET: Thea Sofie Loch N\u00e6ss bekrefter til KK at hun er eksekutiv produsent i den nye filmen Doktor Glas, der hun ogs\u00e5 spiller en av hovedrollene. Her p\u00e5 KK-gallaen i 2025. FOTO: Astrid Waller\" alt=\"\" class=\"\" style=\"--aspect-ratio-image: 0.68; \"\/><\/p>\n<p>\n          VED RORET: Thea Sofie Loch N\u00e6ss bekrefter til KK at hun er eksekutiv produsent i den nye filmen Doktor Glas, der hun ogs\u00e5 spiller en av hovedrollene. Her p\u00e5 KK-gallaen i 2025. FOTO: Astrid Waller\n      <\/p>\n<p>Avslag p\u00e5 Teaterh\u00f8gskolen\t<\/p>\n<p>Thea Sofie s\u00f8kte Teaterh\u00f8gskolen tre ganger, og like mange ganger fikk hun avslag. F\u00f8rste gang kom hun til runde to, de to neste gangene ble hun sl\u00e5tt ut i f\u00f8rste runde.\u00a0<\/p>\n<p>&#8211; Jeg f\u00e5r mange avslag, men utad ser man jo bare det man f\u00e5r ja til. Jeg skj\u00f8nte tidlig at jeg ikke kan bli lei meg for jobber jeg ikke f\u00e5r.\u00a0Det handler ikke om at jeg ikke er bra nok, men om at de vil ha noe annet. Og en gang vil de ha meg. Forh\u00e5pentligvis, sa Thea til KK.\u00a0<\/p>\n<p>          <img loading=\"lazy\" decoding=\"async\" src=\"https:\/\/www.europesays.com\/no\/wp-content\/uploads\/2025\/12\/82848199.webp\" width=\"686\" height=\"783\" title=\"JAG: Da KK m\u00f8tte Thea Sofie Loch N\u00e6ss for portrettintervju i 2024, fortalte hun \u00e5pent og skj\u00f8nnhetsjag, og hvor lett det er \u00e5 f\u00e5 et forvrengt bilde av sitt eget utseende. FOTO: Ida Fiskaa for KK\" alt=\"\" class=\"\" style=\"--aspect-ratio-image: 0.88; \"\/><\/p>\n<p>\n          JAG: Da KK m\u00f8tte Thea Sofie Loch N\u00e6ss for portrettintervju i 2024, fortalte hun \u00e5pent og skj\u00f8nnhetsjag, og hvor lett det er \u00e5 f\u00e5 et forvrengt bilde av sitt eget utseende. FOTO: Ida Fiskaa for KK\n      <\/p>\n<p>Og n\u00e5 har hun alts\u00e5 tatt roret for sitt eget prosjekt, med b\u00e5de en av\u00a0 hovedrollene og som eksekutiv produsent.\u00a0<\/p>\n<p>            <img loading=\"lazy\" decoding=\"async\" src=\"https:\/\/www.europesays.com\/no\/wp-content\/uploads\/2025\/12\/80519927.webp\" width=\"216\" height=\"234\" title=\"Har du et tips?\" alt=\"\" class=\"\" style=\"--aspect-ratio-image: 0.92; \"\/><\/p>\n<p>        Har du et tips?<\/p>\n<p class=\"subtitle\">Hei, jeg heter Hege L\u00f8vstad Toverud og er journalist i KK.<br \/>\nHar du et tips, en historie du vil fortelle eller et felt du mener vi b\u00f8r skrive om?<\/p>\n<p>Doktor Glas\u00bb har kinopremiere 6. mars 2026,\u00a0<\/p>\n","protected":false},"excerpt":{"rendered":"V\u00e5ren 2026 er det duket for storfin premiere i et norsk-svensk samarbeide &#8211; med innslag av rojalt dansk&hellip;\n","protected":false},"author":2,"featured_media":103037,"comment_status":"","ping_status":"","sticky":false,"template":"","format":"standard","meta":{"footnotes":""},"categories":[58],"tags":[71,4503,416,30,28,29,3318,72],"class_list":{"0":"post-103036","1":"post","2":"type-post","3":"status-publish","4":"format-standard","5":"has-post-thumbnail","7":"category-underholdning","8":"tag-entertainment","9":"tag-grev-nikolai","10":"tag-jobb","11":"tag-no","12":"tag-norge","13":"tag-norway","14":"tag-skuespiller","15":"tag-underholdning"},"share_on_mastodon":{"url":"https:\/\/pubeurope.com\/@no\/115655108721901883","error":""},"_links":{"self":[{"href":"https:\/\/www.europesays.com\/no\/wp-json\/wp\/v2\/posts\/103036","targetHints":{"allow":["GET"]}}],"collection":[{"href":"https:\/\/www.europesays.com\/no\/wp-json\/wp\/v2\/posts"}],"about":[{"href":"https:\/\/www.europesays.com\/no\/wp-json\/wp\/v2\/types\/post"}],"author":[{"embeddable":true,"href":"https:\/\/www.europesays.com\/no\/wp-json\/wp\/v2\/users\/2"}],"replies":[{"embeddable":true,"href":"https:\/\/www.europesays.com\/no\/wp-json\/wp\/v2\/comments?post=103036"}],"version-history":[{"count":0,"href":"https:\/\/www.europesays.com\/no\/wp-json\/wp\/v2\/posts\/103036\/revisions"}],"wp:featuredmedia":[{"embeddable":true,"href":"https:\/\/www.europesays.com\/no\/wp-json\/wp\/v2\/media\/103037"}],"wp:attachment":[{"href":"https:\/\/www.europesays.com\/no\/wp-json\/wp\/v2\/media?parent=103036"}],"wp:term":[{"taxonomy":"category","embeddable":true,"href":"https:\/\/www.europesays.com\/no\/wp-json\/wp\/v2\/categories?post=103036"},{"taxonomy":"post_tag","embeddable":true,"href":"https:\/\/www.europesays.com\/no\/wp-json\/wp\/v2\/tags?post=103036"}],"curies":[{"name":"wp","href":"https:\/\/api.w.org\/{rel}","templated":true}]}}