{"id":103038,"date":"2025-12-03T10:15:10","date_gmt":"2025-12-03T10:15:10","guid":{"rendered":"https:\/\/www.europesays.com\/no\/103038\/"},"modified":"2025-12-03T10:15:10","modified_gmt":"2025-12-03T10:15:10","slug":"ny-gmail-oppdatering-rulles-ut-snart-2-milliarder-brukere-ma-ta-en-viktig-beslutning","status":"publish","type":"post","link":"https:\/\/www.europesays.com\/no\/103038\/","title":{"rendered":"Ny Gmail-oppdatering rulles ut snart: 2 milliarder brukere m\u00e5 ta en viktig beslutning"},"content":{"rendered":"<p>Google forsikrer at alt fungerer som det skal. <\/p>\n<p>Likevel viser den siste tids debatt at Gmail-brukere st\u00e5r overfor et valg som krever oppmerksomhet. <\/p>\n<p>Den kommende oppdateringen inneb\u00e6rer nemlig endringer som 2 milliarder mennesker m\u00e5 forholde seg til dersom de vil beholde kontrollen over sitt digitale personvern.<\/p>\n<p><strong>Forvirring etter motstridende meldinger<\/strong><\/p>\n<p>De siste ukene har flere saker skapt uro blant brukere verden over. F\u00f8rst verserte rykter om et stort datalekk som skulle ha avsl\u00f8rt Gmail-passord. <\/p>\n<p>Kort tid etter hevdet enkelte medier at Google ville bruke innholdet i brukernes e-poster til \u00e5 trene selskapets KI-systemer. <\/p>\n<p>Begge p\u00e5standene ble senere avkreftet, men skaden var allerede skjedd. Situasjonen viste hvor raskt misforst\u00e5elser f\u00f8rer til usikkerhet.<\/p>\n<p>Hendelsesforl\u00f8pet understreket ogs\u00e5 at mange brukere har begrenset innsikt i hvordan personopplysninger faktisk behandles. <\/p>\n<p>Manglende forst\u00e5else gj\u00f8r dem mer utsatt i et digitalt landskap som blir stadig mer avansert.<\/p>\n<p>Det skriver <a href=\"https:\/\/www.forbes.com\/sites\/zakdoffman\/2025\/11\/30\/google-confirms-gmail-choice-2-billion-users-must-now-decide\/\" target=\"_blank\" rel=\"noopener nofollow\">Forbes<\/a>.<\/p>\n<p><strong>KI f\u00e5r en sentral rolle i Gmail<\/strong><\/p>\n<p>Den nye oppdateringen integrerer Googles KI-assistent Gemini enda tettere i Gmail. <\/p>\n<p>Teknologien kan strukturere innboksen, foresl\u00e5 svar, oppsummere lange tr\u00e5der og analysere innhold med h\u00f8y presisjon. <\/p>\n<p>For \u00e5 gj\u00f8re dette trenger Gemini tilgang til brukerens e-poster, noe som gj\u00f8r det n\u00f8dvendig \u00e5 ta stilling til hvor mye innsyn man \u00f8nsker \u00e5 gi.<\/p>\n<p>Behandlingen av data skjer i Googles globale datasentre og ikke p\u00e5 enheten brukeren holder i h\u00e5nden. Det betyr at prosesseringen foreg\u00e5r utenfor direkte kontroll, og at valget om tilgang f\u00e5r stor betydning.<\/p>\n<p><strong>Brukeren m\u00e5 ta stilling<\/strong><\/p>\n<p>Google understreker at bruk av Gemini er et aktivt valg. <\/p>\n<p>Tidligere endringer har likevel vist at enkelte innstillinger kan v\u00e6re aktivert automatisk, noe som gj\u00f8r det viktig \u00e5 sjekke personverninnstillingene grundig. <\/p>\n<p>Kritikken som rettes mot Google handler ofte om at personvernregler er vanskelige \u00e5 tolke, noe som kan f\u00f8re til at brukere uforvarende gir fra seg mer enn de \u00f8nsker.<\/p>\n<p><strong>En ny fase for Gmail<\/strong><\/p>\n<p>KI blir en integrert del av de st\u00f8rste digitale tjenestene, og Gmail er intet unntak. Med en av verdens st\u00f8rste brukerbaser f\u00e5r denne utviklingen stor betydning. <\/p>\n<p>Gmail-brukere st\u00e5r derfor foran et valg som vil p\u00e5virke deres digitale hverdag i \u00e5rene fremover.<\/p>\n<p>Det avgj\u00f8rende sp\u00f8rsm\u00e5let er om Gemini skal f\u00e5 tilgang til innboksen. Beslutningen b\u00f8r tas bevisst og med full forst\u00e5else av konsekvensene, siden den vil forme hvordan Gmail brukes i fremtiden.<\/p>\n","protected":false},"excerpt":{"rendered":"Google forsikrer at alt fungerer som det skal. Likevel viser den siste tids debatt at Gmail-brukere st\u00e5r overfor&hellip;\n","protected":false},"author":2,"featured_media":51854,"comment_status":"","ping_status":"","sticky":false,"template":"","format":"standard","meta":{"footnotes":""},"categories":[56],"tags":[60,61,62,30,28,29],"class_list":{"0":"post-103038","1":"post","2":"type-post","3":"status-publish","4":"format-standard","5":"has-post-thumbnail","7":"category-naeringsliv","8":"tag-business","9":"tag-economy","10":"tag-naeringsliv","11":"tag-no","12":"tag-norge","13":"tag-norway"},"share_on_mastodon":{"url":"https:\/\/pubeurope.com\/@no\/115655116266216808","error":""},"_links":{"self":[{"href":"https:\/\/www.europesays.com\/no\/wp-json\/wp\/v2\/posts\/103038","targetHints":{"allow":["GET"]}}],"collection":[{"href":"https:\/\/www.europesays.com\/no\/wp-json\/wp\/v2\/posts"}],"about":[{"href":"https:\/\/www.europesays.com\/no\/wp-json\/wp\/v2\/types\/post"}],"author":[{"embeddable":true,"href":"https:\/\/www.europesays.com\/no\/wp-json\/wp\/v2\/users\/2"}],"replies":[{"embeddable":true,"href":"https:\/\/www.europesays.com\/no\/wp-json\/wp\/v2\/comments?post=103038"}],"version-history":[{"count":0,"href":"https:\/\/www.europesays.com\/no\/wp-json\/wp\/v2\/posts\/103038\/revisions"}],"wp:featuredmedia":[{"embeddable":true,"href":"https:\/\/www.europesays.com\/no\/wp-json\/wp\/v2\/media\/51854"}],"wp:attachment":[{"href":"https:\/\/www.europesays.com\/no\/wp-json\/wp\/v2\/media?parent=103038"}],"wp:term":[{"taxonomy":"category","embeddable":true,"href":"https:\/\/www.europesays.com\/no\/wp-json\/wp\/v2\/categories?post=103038"},{"taxonomy":"post_tag","embeddable":true,"href":"https:\/\/www.europesays.com\/no\/wp-json\/wp\/v2\/tags?post=103038"}],"curies":[{"name":"wp","href":"https:\/\/api.w.org\/{rel}","templated":true}]}}