{"id":103047,"date":"2025-12-03T10:28:11","date_gmt":"2025-12-03T10:28:11","guid":{"rendered":"https:\/\/www.europesays.com\/no\/103047\/"},"modified":"2025-12-03T10:28:11","modified_gmt":"2025-12-03T10:28:11","slug":"sander-kiaer-sorensen-setter-ny-norsk-rekord-pa-200-meter-fri-i-svomming-under-em-i-lublin","status":"publish","type":"post","link":"https:\/\/www.europesays.com\/no\/103047\/","title":{"rendered":"Sander Ki\u00e6r S\u00f8rensen setter ny norsk rekord p\u00e5 200 meter fri i sv\u00f8mming under EM i Lublin"},"content":{"rendered":"<p>Sander Ki\u00e6r S\u00f8rensen (18) sv\u00f8mte onsdag 200 meter fri p\u00e5 tiden 1.41,87.<\/p>\n<p> Det skjedde under EM kortbane i Lublin, og Ki\u00e6r S\u00f8rensen er klar for semifinale med fjerde beste tid i fors\u00f8ket. <\/p>\n<p>Dermed knuste han sin egen norske rekord med 2,5 sekunder. Den ble satt p\u00e5 under Asker Grand Prix i oktober.<\/p>\n<p>\u2013 Helvete, for et l\u00f8p, utbasunerte TV 2-programleder Fin Gnatt i TV 2s kontorer da han s\u00e5 S\u00f8rensen sv\u00f8mme.<\/p>\n<p>\u2013 Han knuser den norsk rekorden. Det er nesten uh\u00f8rt mye.<\/p>\n<p>        <img class=\"image__img lazyload\" itemprop=\"image\" title=\"Foto: Joel Marklund \/ BILDBYR\u00c5N\" alt=\"VANNMANN: Sander Ki\u00e6r S\u00f8rensen bryter vannflaten. Foto: Joel Marklund \/ BILDBYR\u00c5N\" width=\"978\" height=\"551\" bad-src=\"https:\/\/www.europesays.com\/no\/wp-content\/uploads\/2025\/12\/18347353.webp\" fetchpriority=\"auto\" \/><\/p>\n<p>      VANNMANN: Sander Ki\u00e6r S\u00f8rensen bryter vannflaten.<br \/>\n         Foto: Joel Marklund \/ BILDBYR\u00c5N<\/p>\n<p>Gnatt har tidligere v\u00e6rt landslagstrener i sv\u00f8mming, og kommentert idretten p\u00e5 TV 2s kanaler.<\/p>\n<p>En rekordforbedring med 2,5 sekunder er sjelden vare p\u00e5 dette niv\u00e5et. Ki\u00e6r S\u00f8rensen er br\u00e5tt en medaljekandidat i torsdagens finale om han tar seg videre fra semifinalen.<\/p>\n<p>Britene Jack McMillan (1.41,41), Duncan Scott (1.41,58) og Matthew Richards (1.41,79) var de eneste som var raskere enn nordmannen onsdag formiddag. P\u00e5 grunn av begrensninger p\u00e5 antall deltakere i semifinaler f\u00e5r kun to av de v\u00e6re med videre.<\/p>\n<p>I sommerens langbane-VM var den unge b\u00e6ringen i semifinale p\u00e5 tilsvarende distanse.<\/p>\n<p>18-\u00e5ringen representerer B\u00e6rumsv\u00f8mmerne, og trenes av Sondre Solberg, som tidligere har hatt ansvaret for Aleksander Hetland, Alexander Dale Oen og Tomoe Zenimoto Hvas.<\/p>\n<p>Ogs\u00e5 Markus Lie er klar for semifinale i mesterskapet etter 13. plass i fors\u00f8ket p\u00e5 100 meter medley (Tid: 52,95)<\/p>\n","protected":false},"excerpt":{"rendered":"Sander Ki\u00e6r S\u00f8rensen (18) sv\u00f8mte onsdag 200 meter fri p\u00e5 tiden 1.41,87. Det skjedde under EM kortbane i&hellip;\n","protected":false},"author":2,"featured_media":103048,"comment_status":"","ping_status":"","sticky":false,"template":"","format":"standard","meta":{"footnotes":""},"categories":[59],"tags":[30,28,29,83,82],"class_list":{"0":"post-103047","1":"post","2":"type-post","3":"status-publish","4":"format-standard","5":"has-post-thumbnail","7":"category-sport","8":"tag-no","9":"tag-norge","10":"tag-norway","11":"tag-sport","12":"tag-sports"},"share_on_mastodon":{"url":"https:\/\/pubeurope.com\/@no\/115655167728714610","error":""},"_links":{"self":[{"href":"https:\/\/www.europesays.com\/no\/wp-json\/wp\/v2\/posts\/103047","targetHints":{"allow":["GET"]}}],"collection":[{"href":"https:\/\/www.europesays.com\/no\/wp-json\/wp\/v2\/posts"}],"about":[{"href":"https:\/\/www.europesays.com\/no\/wp-json\/wp\/v2\/types\/post"}],"author":[{"embeddable":true,"href":"https:\/\/www.europesays.com\/no\/wp-json\/wp\/v2\/users\/2"}],"replies":[{"embeddable":true,"href":"https:\/\/www.europesays.com\/no\/wp-json\/wp\/v2\/comments?post=103047"}],"version-history":[{"count":0,"href":"https:\/\/www.europesays.com\/no\/wp-json\/wp\/v2\/posts\/103047\/revisions"}],"wp:featuredmedia":[{"embeddable":true,"href":"https:\/\/www.europesays.com\/no\/wp-json\/wp\/v2\/media\/103048"}],"wp:attachment":[{"href":"https:\/\/www.europesays.com\/no\/wp-json\/wp\/v2\/media?parent=103047"}],"wp:term":[{"taxonomy":"category","embeddable":true,"href":"https:\/\/www.europesays.com\/no\/wp-json\/wp\/v2\/categories?post=103047"},{"taxonomy":"post_tag","embeddable":true,"href":"https:\/\/www.europesays.com\/no\/wp-json\/wp\/v2\/tags?post=103047"}],"curies":[{"name":"wp","href":"https:\/\/api.w.org\/{rel}","templated":true}]}}