{"id":103049,"date":"2025-12-03T10:29:12","date_gmt":"2025-12-03T10:29:12","guid":{"rendered":"https:\/\/www.europesays.com\/no\/103049\/"},"modified":"2025-12-03T10:29:12","modified_gmt":"2025-12-03T10:29:12","slug":"ida-fladen-deler-apenhjertig-i-egen-podkast","status":"publish","type":"post","link":"https:\/\/www.europesays.com\/no\/103049\/","title":{"rendered":"Ida Fladen deler \u00e5penhjertig i egen podkast:"},"content":{"rendered":"<p>Ida Fladen (39) var borte fra offentligheten\u00a0store deler av \u00e5ret, men i slutten av <a href=\"https:\/\/www.tv2.no\/underholdning\/ida-fladen-er-tilbake-litt-greier-som-har-skjedd\/18235364\/\" rel=\"nofollow noopener\" target=\"_blank\">oktober kom hun sm\u00e5tt tilbake<\/a> \u2013 gjennom podkasten hennes \u00abIda med hjertet i h\u00e5nden\u00bb.\u00a0<\/p>\n<p>Onsdag morgen ble nok en episode av podkasten publisert, hvor Fladen\u00a0for f\u00f8rste gang \u00e5pner opp om den vanskelige tiden, og forteller om et \u00e5r preget av sykdom og vonde tanker.\u00a0<\/p>\n<p>\u2013 Litt greier som har skjedd siden sist<\/p>\n<p>Da programlederen vendte tilbake til podkasten i slutten av oktober, \u00e5pnet hun episoden med \u00e5 fortelle hvor mye hun hadde savnet arbeidet.<\/p>\n<p>\u2013 Dette har jeg gledet meg s\u00e5 mye til, fortalte hun den gangen.<\/p>\n<p>Bakgrunnen for frav\u00e6ret ble f\u00f8rst kjent i februar, da VG opplyste at Fladen var <a href=\"https:\/\/www.tv2.no\/direkte\/jpybz\/siste-nytt\/67b468627182c3490b5e523e\/ida-fladen-er-sykmeldt-far-vikar\" rel=\"nofollow noopener\" target=\"_blank\">sykmeldt<\/a> og skulle f\u00e5 vikar i podkasten \u00abSp\u00e5rtsklubben\u00bb.<\/p>\n<p>        <img class=\"image__img lazyload\" itemprop=\"image\" title=\"Foto: Kristoffer S\u00f8vik \/ TV 2\" alt=\"\u00abSKAL VI DANSE\u00bb: Ida Fladen var tidligere denne h\u00f8sten \u00e5 se som gjest i det popul\u00e6re TV 2-programmet. Foto: TV 2.\" width=\"978\" height=\"551\" bad-src=\"https:\/\/www.europesays.com\/no\/wp-content\/uploads\/2025\/12\/18346753.webp\" fetchpriority=\"auto\" \/><\/p>\n<p>      \u00abSKAL VI DANSE\u00bb: Ida Fladen var tidligere denne h\u00f8sten \u00e5 se som gjest i det popul\u00e6re TV 2-programmet. Foto: TV 2.<br \/>\n         Foto: Kristoffer S\u00f8vik \/ TV 2<\/p>\n<p>I samme periode hadde ogs\u00e5 Christine Dancke (41) steppet inn som vikar i \u00abIda med hjertet i h\u00e5nden\u00bb.<\/p>\n<p>Om perioden borte fra rampelyset sa hun videre i episoden i oktober at \u00abdet har mildt sagt v\u00e6rt litt greier som har skjedd i livet mitt siden sist\u00bb og at hun ville dele mer om det etter hvert.\u00a0<\/p>\n<p>Onsdag \u00e5pner hun seg for f\u00f8rste gang offentlig om hvordan det siste \u00e5ret faktisk har preget henne.<\/p>\n<p>\u2013 Stygge tanker om meg selv<\/p>\n<p>Etter returen tidligere i h\u00f8st har Fladen hatt flere gjester p\u00e5 bes\u00f8k i studio. I\u00a0onsdagens episode er det Silje Nordnes (41) som gjester podkasten, som blant annet deler at hun har mistet troen p\u00e5 kj\u00e6rligheten.\u00a0<\/p>\n<p>Men episoden tar ogs\u00e5 en mer personlig vending for Fladens del \u2013 da hun for f\u00f8rste gang \u00e5pner opp om hvordan det siste \u00e5ret har preget henne.<\/p>\n<p>        <img class=\"image__img lazyload\" itemprop=\"image\" title=\"Foto: Jonas F\u00e6ste Laksekj\u00f8n \/ NTB\" alt=\"PROGRAMLEDER: Silje Nordnes skal lede \u00e5rets \u00abKvelden f\u00f8r kvelden\u00bb sammen med K\u00e5re Magnus Bergh. Foto: Jonas F\u00e6ste Laksekj\u00f8n \/ NTB\" width=\"978\" height=\"551\" bad-src=\"https:\/\/www.europesays.com\/no\/wp-content\/uploads\/2025\/12\/18333074.webp\" fetchpriority=\"auto\" \/><\/p>\n<p>      PROGRAMLEDER: Silje Nordnes skal lede \u00e5rets \u00abKvelden f\u00f8r kvelden\u00bb sammen med K\u00e5re Magnus Bergh.<br \/>\n         Foto: Jonas F\u00e6ste Laksekj\u00f8n \/ NTB<\/p>\n<p>39-\u00e5ringen forteller at det \u00e5 v\u00e6re syk og helt avhengig av andre har p\u00e5virket selvf\u00f8lelsen hennes, og at hun har savnet f\u00f8lelsen av \u00e5 kunne bidra og v\u00e6re til nytte for andre:\u00a0<\/p>\n<p>\u00a0\u2013 Jeg har alltid v\u00e6rt trygg i meg selv, men det siste \u00e5ret har virkelig p\u00e5virket hvordan jeg ser p\u00e5 meg selv, deler hun \u00e5penhjertig i episoden, og utdyper:\u00a0<\/p>\n<p>\u2013 Det som gir meg selvtillit er \u00e5 mestre noe, men jeg har ikke en gang f\u00f8lt p\u00e5 ett prosent mestring i det jeg har st\u00e5tt i det siste \u00e5ret. Mestring for meg er \u00e5 v\u00e6re frisk og rask og meg selv, sier hun og legger til:\u00a0<\/p>\n<p>\u2013 For f\u00f8rste gang kjenner jeg at jeg har noen stygge tanker om meg selv.\u00a0<\/p>\n<p>Kjenner p\u00e5 ensomhet\u00a0<\/p>\n<p>Fladen snakker ogs\u00e5 \u00e5pent om ensomhet og det \u00e5 v\u00e6re singel. Hun forteller at hun savner det \u00e5 v\u00e6re to, det \u00e5 ha noen \u00e5 dele livet med og slippe \u00e5 starte \u00abfra scratch\u00bb hver gang man trenger \u00e5 snakke om noe.<\/p>\n<p>Selv om hun har familie og venner rundt seg, har det siste \u00e5ret gjort ensomheten ekstra tydelig:\u00a0<\/p>\n<p>\u2013 Det siste \u00e5ret har v\u00e6rt ganske heftig, og n\u00e5r det blir heftig s\u00e5 blir den f\u00f8lelsen av ensomhet og det \u00e5 ikke v\u00e6re to mye verre,\u00a0sier hun i podkasten, og utdyper:<\/p>\n<p>\u2013 Det \u00e5 v\u00e6re avhengig av foreldrene dine i en alder av snart 40 \u00e5r, det har gjort at jeg har f\u00f8lt meg ensom.<\/p>\n<p>39-\u00e5ringen forteller at faren og stefaren har byttet p\u00e5 \u00e5 kj\u00f8re henne til sykehus og v\u00e6re til stede under hele prosessen, og understreker at hun er utrolig heldig som har dem, men likevel sitter igjen med en tung f\u00f8lelse:\u00a0<\/p>\n<p>\u00a0\u2013 Jeg f\u00f8ler meg utrolig mislykket. F\u00f8ler ikke jeg har truffet helt spikeren p\u00e5 huet i livet.<\/p>\n<p>Fladen g\u00e5r ikke n\u00e6rmere inn p\u00e5 sykdommen eller \u00e5rsaken til at hun har v\u00e6rt borte det siste \u00e5ret.<\/p>\n<p class=\"italic m-italic\" data-lab-italic=\"italic\">TV 2 har pr\u00f8vd \u00e5 f\u00e5 en kommentar fra Ida Fladen, forel\u00f8pig uten hell.\u00a0<\/p>\n<p>Fikk p\u00e5vist kreft\u00a0<\/p>\n<p>For tre \u00e5r siden \u00e5pnet Fladen opp om at hun\u00a0<a href=\"https:\/\/www.tv2.no\/nyheter\/innenriks\/ida-fladen-fikk-pavist-kreft\/14718847\/\" target=\"_blank\" rel=\"nofollow noopener\">hadde f\u00e5tt p\u00e5vist kreft<\/a>.\u00a0Hun hadde f\u00e5tt to svulster p\u00e5 skjoldbruskkjertelen, og m\u00e5tte operere.<\/p>\n<p>\u2013 Det var kreft i begge to. Og den ene svulsten hadde p\u00e5 en m\u00e5te satt seg &#8211; jeg vet ikke ordene &#8211; men smeltet litt sammen med noe annet inni der, delte hun \u00e5pent i podkasten den gang.\u00a0<\/p>\n<p>Svulstene ble fjernet, og sommeren i fjor kunne Fladen dele at hun var <a href=\"https:\/\/www.tv2.no\/underholdning\/god-kveld-norge\/deler-kreftoppdatering-ekte-glad\/16779539\/\" rel=\"nofollow noopener\" target=\"_blank\">kreftfri.<\/a>\u00a0<\/p>\n","protected":false},"excerpt":{"rendered":"Ida Fladen (39) var borte fra offentligheten\u00a0store deler av \u00e5ret, men i slutten av oktober kom hun sm\u00e5tt&hellip;\n","protected":false},"author":2,"featured_media":103050,"comment_status":"","ping_status":"","sticky":false,"template":"","format":"standard","meta":{"footnotes":""},"categories":[58],"tags":[71,30,28,29,72],"class_list":{"0":"post-103049","1":"post","2":"type-post","3":"status-publish","4":"format-standard","5":"has-post-thumbnail","7":"category-underholdning","8":"tag-entertainment","9":"tag-no","10":"tag-norge","11":"tag-norway","12":"tag-underholdning"},"share_on_mastodon":{"url":"https:\/\/pubeurope.com\/@no\/115655171535632943","error":""},"_links":{"self":[{"href":"https:\/\/www.europesays.com\/no\/wp-json\/wp\/v2\/posts\/103049","targetHints":{"allow":["GET"]}}],"collection":[{"href":"https:\/\/www.europesays.com\/no\/wp-json\/wp\/v2\/posts"}],"about":[{"href":"https:\/\/www.europesays.com\/no\/wp-json\/wp\/v2\/types\/post"}],"author":[{"embeddable":true,"href":"https:\/\/www.europesays.com\/no\/wp-json\/wp\/v2\/users\/2"}],"replies":[{"embeddable":true,"href":"https:\/\/www.europesays.com\/no\/wp-json\/wp\/v2\/comments?post=103049"}],"version-history":[{"count":0,"href":"https:\/\/www.europesays.com\/no\/wp-json\/wp\/v2\/posts\/103049\/revisions"}],"wp:featuredmedia":[{"embeddable":true,"href":"https:\/\/www.europesays.com\/no\/wp-json\/wp\/v2\/media\/103050"}],"wp:attachment":[{"href":"https:\/\/www.europesays.com\/no\/wp-json\/wp\/v2\/media?parent=103049"}],"wp:term":[{"taxonomy":"category","embeddable":true,"href":"https:\/\/www.europesays.com\/no\/wp-json\/wp\/v2\/categories?post=103049"},{"taxonomy":"post_tag","embeddable":true,"href":"https:\/\/www.europesays.com\/no\/wp-json\/wp\/v2\/tags?post=103049"}],"curies":[{"name":"wp","href":"https:\/\/api.w.org\/{rel}","templated":true}]}}