{"id":103051,"date":"2025-12-03T10:33:10","date_gmt":"2025-12-03T10:33:10","guid":{"rendered":"https:\/\/www.europesays.com\/no\/103051\/"},"modified":"2025-12-03T10:33:10","modified_gmt":"2025-12-03T10:33:10","slug":"19-aring-siktet-etter-voldsoppdrag-sakene-sentral-rolle-mener-politiet","status":"publish","type":"post","link":"https:\/\/www.europesays.com\/no\/103051\/","title":{"rendered":"19-\u00e5ring siktet etter voldsoppdrag-sakene: &#8211; Sentral rolle, mener politiet"},"content":{"rendered":"\n<p class=\"_lead_o9xde_2 _lead_xtcu6_50 layout-component text-serif-m layout-normal text-serif-l layout-component layout-wide layout-padded _wide_17hqh_1 layout-padded\">\u2013 Han nekter straffskyld, sier hans forsvarer Espen Wangberg. <\/p>\n<p><img alt=\" Foto: Helge Mikalsen \/ VG\" class=\"_image_qp4xg_65 layout-component layout-wide\" data-fullscreen- data-track-element-type=\"Article image fullscreen\" data-track-name=\"ImageFullscreen\" fetchpriority=\"high\" decoding=\"sync\" loading=\"eager\" height=\"4329\" itemprop=\"image\"  src=\"https:\/\/www.europesays.com\/no\/wp-content\/uploads\/2025\/12\/76225394-9477-48e9-bd20-5da02083de04\"  style=\"object-position:0% 0%\" width=\"6493\"\/> Foto: Helge Mikalsen \/ VG<\/p>\n<ul aria-hidden=\"true\" class=\"_images_1uft6_111\">\n<li><a class=\"_link_1uft6_116\" href=\"https:\/\/www.vg.no\/forfatter\/hedda-kurseth\" style=\"z-index:1\" title=\"Hedda Kurseth\" rel=\"nofollow noopener\" target=\"_blank\"><img alt=\"Bilde av Hedda Kurseth\" class=\"_image_1uft6_93\" fetchpriority=\"low\" loading=\"lazy\" decoding=\"async\" itemprop=\"image\"  src=\"https:\/\/www.europesays.com\/no\/wp-content\/uploads\/2025\/12\/1764757988_126_b6ad06ce-2f4e-4492-9dd9-7cfbdae81f6d\"  width=\"480\"\/><\/a><\/li>\n<\/ul>\n<p> Oppdatert onsdag 3. desember kl. 11:16     <\/p>\n<p class=\"_paragraph_o9xde_4 _paragraph_xtcu6_10 layout-component text-serif-m layout-normal text-serif-m layout-padded\">19-\u00e5ringen er siktet for to tilfeller av medvirkning til grov ulovlig befatning med skytev\u00e5pen som ledd i aktivitetene til en organisert kriminell gruppe.<\/p>\n<p class=\"_paragraph_o9xde_4 _paragraph_xtcu6_10 layout-component text-serif-m layout-normal text-serif-m layout-padded\">Det skriver politiet en pressemelding. <\/p>\n<p class=\"_paragraph_o9xde_4 _paragraph_xtcu6_10 layout-component text-serif-m layout-normal text-serif-m layout-padded\">\u2013 Han har etter r\u00e5d fra meg samtykket til fengsling med kontorforretning, sier hans forsvarer Espen Wangberg til VG. <\/p>\n<p><img decoding=\"async\" alt=\"Bilde av Espen Wangberg\" class=\"_image_ygndg_42\" height=\"53\" itemprop=\"image\" loading=\"lazy\"  src=\"https:\/\/www.europesays.com\/no\/wp-content\/uploads\/2025\/12\/fb60b570-d5c5-42b4-b2ed-9e3ed71dc477\"  width=\"40\"\/><strong class=\"_name_ygndg_51 title-serif-xs\">Espen Wangberg<\/strong><\/p>\n<p class=\"_paragraph_o9xde_4 text-sans-m _description_ygndg_56\">19-\u00e5ringens forsvarer<\/p>\n<p>\u2013 Sentral rolle, mener politiet<\/p>\n<p class=\"_paragraph_o9xde_4 _paragraph_xtcu6_10 layout-component text-serif-m layout-normal text-serif-m layout-padded\">Politiet mener at siktede over noe tid har oppholdt seg i Mexico, men han ble p\u00e5grepet i Nederland den 17. november p\u00e5 bakgrunn av en internasjonal etterlysning.<\/p>\n<p class=\"_paragraph_o9xde_4 _paragraph_xtcu6_10 layout-component text-serif-m layout-normal text-serif-m layout-padded\">Det f\u00f8rste tilfellet knyttes til skytingen utenfor en privat adresse i Sarpsborg tirsdag 30. september, hvor tre mindre\u00e5rige gutter ble p\u00e5grepet p\u00e5 stedet. <\/p>\n<p class=\"_paragraph_o9xde_4 _paragraph_xtcu6_10 layout-component text-serif-m layout-normal text-serif-m layout-padded\">Det andre tilfellet knyttes til et forhold som ble avverget av politiet og hvor det 1. oktober 2025, ble planlagt \u00e5 avfyre skudd mot en adresse.<\/p>\n<p class=\"_paragraph_o9xde_4 _paragraph_xtcu6_10 layout-component text-serif-m layout-normal text-serif-m layout-padded\">To menn er p\u00e5grepet etter skytingen p\u00e5 H\u00f8ybr\u00e5ten i Oslo. Video viser p\u00e5gripelsen: <\/p>\n<p class=\"_paragraph_o9xde_4 _paragraph_xtcu6_10 layout-component text-serif-m layout-normal text-serif-m layout-padded\">Politiet mistenker ogs\u00e5 at mannen har medvirket ved hendelsen hvor det ble avfyrt skudd mot en privat bolig p\u00e5 H\u00f8ybr\u00e5ten den 6. november 2025, hvor to mindre\u00e5rige gutter ble p\u00e5grepet like ved \u00e5stedet, skriver de. <\/p>\n<p class=\"_paragraph_o9xde_4 _paragraph_xtcu6_10 layout-component text-serif-m layout-normal text-serif-m layout-padded\">If\u00f8lge politiet har 19-\u00e5ringen hatt en sentral rolle i disse tre sakene ved \u00e5 sette ut oppdragene og rekruttere mindre\u00e5rige til \u00e5 utf\u00f8re handlingene. <\/p>\n<p class=\"_paragraph_o9xde_4 _paragraph_xtcu6_10 layout-component text-serif-m layout-normal text-serif-m layout-padded\">I h\u00f8st har det v\u00e6rt flere hendelser p\u00e5 \u00d8stlandet utf\u00f8rt av unge som politiet knytter til organisert kriminalitet: <\/p>\n<p>    <img decoding=\"async\" alt=\"Tips oss illustrasjon\" src=\"https:\/\/www.europesays.com\/no\/wp-content\/uploads\/2025\/10\/pssst-small.webp.webp\"\/>    <\/p>\n<p class=\"title-serif-s\">Har du tips?<\/p>\n<p class=\"text-sans-m\">Send oss informasjon, bilder eller video.<\/p>\n<p>  <a href=\"https:\/\/www.vg.no\/tips-oss\" rel=\"nofollow noopener\" target=\"_blank\"> Tips oss <\/a>      <\/p>\n","protected":false},"excerpt":{"rendered":"\u2013 Han nekter straffskyld, sier hans forsvarer Espen Wangberg. Foto: Helge Mikalsen \/ VG Oppdatert onsdag 3. desember&hellip;\n","protected":false},"author":2,"featured_media":103052,"comment_status":"","ping_status":"","sticky":false,"template":"","format":"standard","meta":{"footnotes":""},"categories":[10],"tags":[31,20,21,24,25,15,22,23,13,30,28,29,14,16,26,27],"class_list":{"0":"post-103051","1":"post","2":"type-post","3":"status-publish","4":"format-standard","5":"has-post-thumbnail","7":"category-norge","8":"tag-breaking","9":"tag-breaking-news","10":"tag-breakingnews","11":"tag-featured-news","12":"tag-featurednews","13":"tag-headlines","14":"tag-latest-news","15":"tag-latestnews","16":"tag-news","17":"tag-no","18":"tag-norge","19":"tag-norway","20":"tag-nyheter","21":"tag-overskrifter","22":"tag-top-stories","23":"tag-topstories"},"share_on_mastodon":{"url":"https:\/\/pubeurope.com\/@no\/115655187266688133","error":""},"_links":{"self":[{"href":"https:\/\/www.europesays.com\/no\/wp-json\/wp\/v2\/posts\/103051","targetHints":{"allow":["GET"]}}],"collection":[{"href":"https:\/\/www.europesays.com\/no\/wp-json\/wp\/v2\/posts"}],"about":[{"href":"https:\/\/www.europesays.com\/no\/wp-json\/wp\/v2\/types\/post"}],"author":[{"embeddable":true,"href":"https:\/\/www.europesays.com\/no\/wp-json\/wp\/v2\/users\/2"}],"replies":[{"embeddable":true,"href":"https:\/\/www.europesays.com\/no\/wp-json\/wp\/v2\/comments?post=103051"}],"version-history":[{"count":0,"href":"https:\/\/www.europesays.com\/no\/wp-json\/wp\/v2\/posts\/103051\/revisions"}],"wp:featuredmedia":[{"embeddable":true,"href":"https:\/\/www.europesays.com\/no\/wp-json\/wp\/v2\/media\/103052"}],"wp:attachment":[{"href":"https:\/\/www.europesays.com\/no\/wp-json\/wp\/v2\/media?parent=103051"}],"wp:term":[{"taxonomy":"category","embeddable":true,"href":"https:\/\/www.europesays.com\/no\/wp-json\/wp\/v2\/categories?post=103051"},{"taxonomy":"post_tag","embeddable":true,"href":"https:\/\/www.europesays.com\/no\/wp-json\/wp\/v2\/tags?post=103051"}],"curies":[{"name":"wp","href":"https:\/\/api.w.org\/{rel}","templated":true}]}}