{"id":103055,"date":"2025-12-03T10:40:09","date_gmt":"2025-12-03T10:40:09","guid":{"rendered":"https:\/\/www.europesays.com\/no\/103055\/"},"modified":"2025-12-03T10:40:09","modified_gmt":"2025-12-03T10:40:09","slug":"eiendom-norge-bolig-boligprisene-falt-med-02-prosent","status":"publish","type":"post","link":"https:\/\/www.europesays.com\/no\/103055\/","title":{"rendered":"Eiendom Norge, Bolig | Boligprisene falt med 0,2 prosent"},"content":{"rendered":"\n<p>Eiendom Norge presenterer onsdag tall om boligprisene i november. Boligprisene falt med 0,2 prosent i november.<\/p>\n<p>\u2013 Boligprisene sank med 0,2 prosent i november, noe som ogs\u00e5 ga en oppgang i de sesongjusterte prisene p\u00e5 0,7 prosent. Den underliggende sterke trenden i boligprisene fortsetter, sier administrerende direkt\u00f8r Henning Lauridsen i Eiendom Norge.<\/p>\n<p>Det var som forventet.<\/p>\n<p>\u2013 Det er f\u00e6rre visninger og f\u00e6rre i budrunder. Det er ingen budkrig n\u00e5. Jeg forventer at prisene vil falle, sa administrerende direkt\u00f8r i Privatmegleren, Grethe Meier, til <a href=\"https:\/\/www.nettavisen.no\/heim\/forventer-boligprisfall-det-er-ingen-budkrig-na\/s\/5-95-2757941\" rel=\"Follow nofollow noopener\" target=\"_blank\">Nettavisen<\/a> tirsdag.<\/p>\n<p>Hun forventer at prisene \u00f8ker allerede fra ny\u00e5ret.<\/p>\n<p>  <a href=\"https:\/\/www.nettavisen.no\/5-95-2756273\" class=\"related-teaser has-image nettavisen-story-teaser article--c-eRUmMG article--c-eRUmMG-fZoQSp-design-nettavisen\" rel=\"nofollow noopener\" target=\"_blank\"><\/p>\n<p>    <img decoding=\"async\" loading=\"lazy\"  src=\"https:\/\/www.europesays.com\/no\/wp-content\/uploads\/2025\/12\/1764758409_203_cueres_scp-mangler_navn_Nnoqbs9p8WA.jpg\" alt=\"\" class=\"brick-c-cFOWSL\" style=\"\"\/><\/p>\n<p>\n            Les ogs\u00e5<\/p>\n<p>              Obos-prisene steg i november\n        <\/p>\n<p>  <\/a><br \/>\n  Tre byer skiller seg ut<\/p>\n<p>I \u00e5r har det v\u00e6rt store prisforskjeller i landet.<\/p>\n<p>&#8211; I 2025 har det v\u00e6rt usedvanlig store forskjeller i prisutviklingen i boligprisene i Norge. Oslo, Fredrikstad\/Sarpsborg, Drammen og T\u00f8nsberg, samt Trondheim har hatt en moderat vekst i boligprisene p\u00e5 rundt 2-3 prosent s\u00e5 langt i \u00e5r. Stavanger, Bergen og Troms\u00f8 derimot har opplevd en rekordsterk to-sifferet boligprisvekst, sier Lauridsen.<\/p>\n<p>Det er solgt 104.848 boliger i Norge, noe er 9,8 prosent flere enn i samme periode i fjor.<\/p>\n<p>\u2013 Statsbudsjettet gj\u00f8r situasjonen verre<\/p>\n<p>Administrerende direkt\u00f8r Carl O. Geving i Norges Eiendomsmeglerforbund forteller at bruktboligmarkedet er sv\u00e6rt aktivt og har h\u00f8ye omsetningsvolumer.<\/p>\n<p>I november tok det i snitt 54 dager \u00e5 selge en bolig, opp fra oktober da det tok 48 dager.<\/p>\n<p>Det er nyboligsalget som sliter.<\/p>\n<p>\u2013 Nyboligsalget st\u00e5r fortsatt i stampe. Statsbudsjettet gj\u00f8r situasjonen verre. I stedet for insentiver for boliginvesteringer f\u00e5r vi \u00f8kte kostnader: Avviklingen av borettslagsmodellen for utviklingstomter vil gj\u00f8re borettslagsboliger dyrere og mindre tilgjengelige. Og forliket mellom samarbeidspartiene p\u00e5 Stortinget gir ikke impulser til nye rentekutt.<\/p>\n<p><b>Les ogs\u00e5: <a class=\"simple-relation related-teaser article--c-eRUmMG article--c-eRUmMG-fZoQSp-design-nettavisen article--c-eRUmMG-gwthdJ-cv\" href=\"https:\/\/www.nettavisen.no\/disse-boligene-ryker-raskest\/s\/5-95-2753696\" rel=\"nofollow noopener\" target=\"_blank\">Disse boligene ryker raskest<\/a><\/b><\/p>\n<p>Befolkningen mener boligprisene er for h\u00f8ye<\/p>\n<p>Bransjen venter at boligprisene skal opp de neste \u00e5rene. De sp\u00e5r ogs\u00e5 at det blir enda vanskeligere for f\u00f8rstegangskj\u00f8perne \u00e5 komme seg inn p\u00e5 markedet.<\/p>\n<p>Slik opplever ogs\u00e5 nordmenn dagens marked. 84 prosent svarer i EiendomsMegler 1 S\u00f8r-Norges m\u00e5nedlige boligbarometer at boligprisene er h\u00f8ye eller sv\u00e6rt h\u00f8ye.<\/p>\n<p>54 prosent svarer at \u00f8kt boligbygging vil bidra til \u00e5 stabilisere boligprisene, og 51 prosent mener at det bygges for lite boliger i dag.<\/p>\n<p>\u2013 De fleste svarer at tilgang p\u00e5 den \u00f8nskede boligtypen i det \u00f8nskede omr\u00e5det er st\u00f8rste utfordringer knyttet til flytting. Dette er uforandret fra oktober, og viser at folk opplever lite tilbud som m\u00f8ter ettersp\u00f8rselen. Egen \u00f8konomi er ogs\u00e5 en utfordring, men st\u00e5r alts\u00e5 ikke p\u00e5 topp, forklarer Laila Neverdahl, adm.dir i EiendomsMegler 1 S\u00f8r-Norge.<\/p>\n<p>Men bekymringene uteblir, i hvert fall forel\u00f8pig. 73 prosent svarer at de ikke er bekymret for \u00f8kte boligpriser.<\/p>\n","protected":false},"excerpt":{"rendered":"Eiendom Norge presenterer onsdag tall om boligprisene i november. Boligprisene falt med 0,2 prosent i november. \u2013 Boligprisene&hellip;\n","protected":false},"author":2,"featured_media":103056,"comment_status":"","ping_status":"","sticky":false,"template":"","format":"standard","meta":{"footnotes":""},"categories":[10],"tags":[20,21,24,25,15,22,23,13,30,28,29,14,16,26,27],"class_list":{"0":"post-103055","1":"post","2":"type-post","3":"status-publish","4":"format-standard","5":"has-post-thumbnail","7":"category-norge","8":"tag-breaking-news","9":"tag-breakingnews","10":"tag-featured-news","11":"tag-featurednews","12":"tag-headlines","13":"tag-latest-news","14":"tag-latestnews","15":"tag-news","16":"tag-no","17":"tag-norge","18":"tag-norway","19":"tag-nyheter","20":"tag-overskrifter","21":"tag-top-stories","22":"tag-topstories"},"share_on_mastodon":{"url":"https:\/\/pubeurope.com\/@no\/115655214733800670","error":""},"_links":{"self":[{"href":"https:\/\/www.europesays.com\/no\/wp-json\/wp\/v2\/posts\/103055","targetHints":{"allow":["GET"]}}],"collection":[{"href":"https:\/\/www.europesays.com\/no\/wp-json\/wp\/v2\/posts"}],"about":[{"href":"https:\/\/www.europesays.com\/no\/wp-json\/wp\/v2\/types\/post"}],"author":[{"embeddable":true,"href":"https:\/\/www.europesays.com\/no\/wp-json\/wp\/v2\/users\/2"}],"replies":[{"embeddable":true,"href":"https:\/\/www.europesays.com\/no\/wp-json\/wp\/v2\/comments?post=103055"}],"version-history":[{"count":0,"href":"https:\/\/www.europesays.com\/no\/wp-json\/wp\/v2\/posts\/103055\/revisions"}],"wp:featuredmedia":[{"embeddable":true,"href":"https:\/\/www.europesays.com\/no\/wp-json\/wp\/v2\/media\/103056"}],"wp:attachment":[{"href":"https:\/\/www.europesays.com\/no\/wp-json\/wp\/v2\/media?parent=103055"}],"wp:term":[{"taxonomy":"category","embeddable":true,"href":"https:\/\/www.europesays.com\/no\/wp-json\/wp\/v2\/categories?post=103055"},{"taxonomy":"post_tag","embeddable":true,"href":"https:\/\/www.europesays.com\/no\/wp-json\/wp\/v2\/tags?post=103055"}],"curies":[{"name":"wp","href":"https:\/\/api.w.org\/{rel}","templated":true}]}}