{"id":103057,"date":"2025-12-03T10:42:13","date_gmt":"2025-12-03T10:42:13","guid":{"rendered":"https:\/\/www.europesays.com\/no\/103057\/"},"modified":"2025-12-03T10:42:13","modified_gmt":"2025-12-03T10:42:13","slug":"avfeier-vm-kritikk-bildene-skapte-reaksjoner","status":"publish","type":"post","link":"https:\/\/www.europesays.com\/no\/103057\/","title":{"rendered":"Avfeier VM-kritikk: Bildene skapte reaksjoner:"},"content":{"rendered":"<p>Paraguays landslagstropp fikk stjerner i \u00f8ynene i pressesonen forrige uke:\u00a0<\/p>\n<p>Flere av spillerne stilte seg i k\u00f8 for \u00e5 ta selfie \u2013 blant annet med Henny Reistad (26) \u2013 etter Norges \u00e5pningskamp.\u00a0\u00a0<\/p>\n<p>For noen ble den uvanlige seansen et bilde p\u00e5 de enorme niv\u00e5forskjellene i VM.\u00a0<\/p>\n<p> Se bildene her:<\/p>\n<p>Norges h\u00e5ndballpresident Randi Gustad ser scenene p\u00e5 en annen m\u00e5te. For henne er det f\u00f8rst og fremst et tegn p\u00e5 hvor store de norske stjernene faktisk har blitt.<\/p>\n<p class=\"bold m-bold\" data-lab-font_weight=\"bold\">\u2013 Jeg synes faktisk bare at vi skal v\u00e6re stolte av populariteten. Disse profilene er jo\u00a0helt reelt\u00a0de\u00a0aller st\u00f8rste\u00a0forbildene i verden. De er h\u00e5ndballens Ronaldo, Messi og Haaland. Og har norsk pass, sier hun til<br \/>\nTV 2.<\/p>\n<p>        <img class=\"image__img lazyload\" itemprop=\"image\" title=\"Foto: Erik Flaaris Johansen \/ NTB\" alt=\"NORGES H\u00c5NDBALLPRESIDENT: Randi Gustad overtok som h\u00e5ndballpresident i mai i \u00e5r. Foto: Erik Flaaris Johansen \/ NTB\" width=\"675\" height=\"453\" bad-src=\"https:\/\/www.europesays.com\/no\/wp-content\/uploads\/2025\/12\/18344200.webp\" fetchpriority=\"auto\" \/><\/p>\n<p>      NORGES H\u00c5NDBALLPRESIDENT: Randi Gustad overtok som h\u00e5ndballpresident i mai i \u00e5r.<br \/>\n         Foto: Erik Flaaris Johansen \/ NTB<\/p>\n<p>En velkjent debatt<\/p>\n<p>Norge har vunnet de f\u00f8rste VM-kampene med enorme sifre, og<br \/>\nkritikken mot niv\u00e5et i mesterskapet har ikke latt vente p\u00e5 seg.\u00a0<\/p>\n<p>Eksperter har brukt<br \/>\nord som \u00abgryende krise\u00bb om utviklingen i den internasjonale kvinneh\u00e5ndballen, og flere norske spillere har uttalt at VM-kampene holder<br \/>\nlavere niv\u00e5 enn p\u00e5 trening.<\/p>\n<p>Fellesnevneren er at det er f\u00e5 land som kjemper med de beste i toppen.\u00a0<\/p>\n<p class=\"bold m-bold\" data-lab-font_weight=\"bold\">\u2013\u00a0Det er all grunn til bekymring. Det er en skremmende utvikling.<\/p>\n<p>Det sa TV 2s h\u00e5ndballekspert Bent Svele om st\u00e5a i den internasjonale kvinneh\u00e5ndballen <a href=\"https:\/\/www.tv2.no\/sport\/h%C3%A5ndball\/en-gryende-krise\/18284912\/\" rel=\"nofollow noopener\" target=\"_blank\">forrige uke<\/a>.\u00a0<\/p>\n<p>        <img class=\"image__img lazyload\" itemprop=\"image\" title=\"Foto: Torjus Sagenes \/ TV 2\" alt=\"BEKYMRET FOR UTVIKLINGEN: Bent Svele (t.v.) sammen med kommentator-kollega Harald Bredeli ved en tidligere anledning. Foto: Torjus Sagenes \/ TV 2\" width=\"675\" height=\"453\" bad-src=\"https:\/\/www.europesays.com\/no\/wp-content\/uploads\/2025\/12\/17865099.webp\" fetchpriority=\"auto\" \/><\/p>\n<p>      BEKYMRET FOR UTVIKLINGEN: Bent Svele (t.v.) sammen med kommentator-kollega Harald Bredeli ved en tidligere anledning.<br \/>\n         Foto: Torjus Sagenes \/ TV 2<\/p>\n<p>Gustad mener VM-debatten er velkjent \u2013 og<br \/>\nadvarer mot \u00e5 se hele verdens h\u00e5ndball gjennom norske \u00f8yne:<\/p>\n<p>\u2013 Dette er en kjent problemstilling<br \/>\nsom kommer opp i forbindelse med alle verdensmesterskap. Det er fort gjort \u00e5\u00a0vurdere niv\u00e5\u00a0ut fra ekstremt privilegerte norske seiersvante briller, s\u00e5 de m\u00e5 vi av og til ta av oss.<\/p>\n<p>\u2013 Utviklingen skjer mellom mesterskapene, ikke i VM<\/p>\n<p>Presidenten \u00f8nsker \u00e5 nyansere krisestempelet.\u00a0<\/p>\n<p>Gustad mener at l\u00f8sningen ikke ligger i \u00e5 endre mesterskapet isolert, men i det langsiktige arbeidet mellom turneringene.\u00a0<\/p>\n<p>\u2013 Jeg er ikke s\u00e5\u00a0opptatt av antall nasjoner i VM og all den kritikken der. Det jeg er opptatt av p\u00e5 Norges vegne,\u00a0er hvilket arbeid som legges ned og hva slags \u00f8konomiske grep som tas\u00a0for \u00e5 utvikle h\u00e5ndballen de to\u00a0aktive\u00a0\u00e5rene\u00a0mellom\u00a0VM-ene, sier hun.\u00a0\u00a0<\/p>\n<p>        <img class=\"image__img lazyload\" itemprop=\"image\" title=\"Foto: Beate Oma Dahle \/ NTB\" alt=\"SUVERENE: Norges h\u00e5ndballjenter har hatt en enorm start p\u00e5 \u00e5rets VM. Foto: Beate Oma Dahle \/ NTB\" width=\"675\" height=\"453\" bad-src=\"https:\/\/www.europesays.com\/no\/wp-content\/uploads\/2025\/12\/18344414.webp\" fetchpriority=\"auto\" \/><\/p>\n<p>      SUVERENE: Norges h\u00e5ndballjenter har hatt en enorm start p\u00e5 \u00e5rets VM.<br \/>\n         Foto: Beate Oma Dahle \/ NTB<\/p>\n<p>Hun mener verdensmesterskapet f\u00f8rst og fremst er et utstillingsvindu for det arbeidet som allerede er gjort.<\/p>\n<p>\u2013\u00a0Selve VM er jo dr\u00f8mmenes teater og det ligger naturligvis mye stimuli i deltagelse her, men l\u00e6ringen blir jo begrenset om ikke begeistringen f\u00f8lges opp med ressurser, penger og kompetanse i etterkant for \u00e5 bygge nasjonal utvikling, reflekterer Gustad.<\/p>\n<p>Forventer diskusjon i IHF<\/p>\n<p>Gustad erkjenner at utviklingen i toppen byr p\u00e5 reelle utfordringer, og peker p\u00e5 at stadig flere av de beste spillerne samles i de samme klubbene:<\/p>\n<p>\u00a0\u2013\u00a0Det er selvsagt ingen heldig utvikling om de beste alltid samles i de samme europeiske klubbene. H\u00e5ndballen trenger flere sterke klubbligaer og nasjoner, men jeg mener ikke dette er s\u00e5 helsvart som man skal ha det til.<\/p>\n<p>TV 2-ekspert Bent Svele p\u00e5pekte tidligere at n\u00e5r de beste samles i et f\u00e5tall europeiske storklubber, forsvinner bredden. Kun ni nasjoner er representert i kvinnenes Champions League.<\/p>\n<p>\u2013 Det er ingen bredde der, det er land som ikke er representert og lag som velger \u00e5 ikke s\u00f8ke seg inn, sa Svele.\u00a0<\/p>\n<p>Dette betyr at spillere fra mindre h\u00e5ndballnasjoner f\u00e5r f\u00e6rre utviklingsarenaer og mindre plass i toppen.<\/p>\n<p>        <img class=\"image__img lazyload\" itemprop=\"image\" title=\"Foto: Beate Oma Dahle \/ NTB\" alt=\"P\u00c5 PLASS I TYSKLAND: H\u00e5ndballpresidenten var p\u00e5 plass under \u00e5pningskampen mot S\u00f8r-Korea i Trier. Foto: Beate Oma Dahle \/ NTB\" width=\"675\" height=\"453\" bad-src=\"https:\/\/www.europesays.com\/no\/wp-content\/uploads\/2025\/12\/18344422.webp\" fetchpriority=\"auto\" \/><\/p>\n<p>      P\u00c5 PLASS I TYSKLAND: H\u00e5ndballpresidenten var p\u00e5 plass under \u00e5pningskampen mot S\u00f8r-Korea i Trier.<br \/>\n         Foto: Beate Oma Dahle \/ NTB<\/p>\n<p>Gustad mener at bildet i dette VM-et ogs\u00e5 forsterkes av at flere tradisjonelle toppnasjoner har v\u00e6rt svekket av skadeforfall.\u00a0<\/p>\n<p>H\u00e5ndballpresidentens blikk er likevel rettet fremover. Hun viser til kongressen til det internasjonale h\u00e5ndballforbundet (IHF) i desember, der ny president skal velges.<\/p>\n<p>\u2013 N\u00e5 har vi fire presidentkandidater som alle\u00a0i\u00a0sine valgprogram\u00a0fors\u00f8ker \u00e5 svare p\u00e5 nettopp disse\u00a0utviklingssp\u00f8rsm\u00e5lene. P\u00e5 vegne av Norge kommer jeg\u00a0derfor\u00a0til \u00e5 lytte ekstra etter hvilke handlings- og investeringsplaner de har for \u00e5 utvikle sporten videre\u00a0globalt, avslutter hun.<\/p>\n","protected":false},"excerpt":{"rendered":"Paraguays landslagstropp fikk stjerner i \u00f8ynene i pressesonen forrige uke:\u00a0 Flere av spillerne stilte seg i k\u00f8 for&hellip;\n","protected":false},"author":2,"featured_media":103058,"comment_status":"","ping_status":"","sticky":false,"template":"","format":"standard","meta":{"footnotes":""},"categories":[59],"tags":[30,28,29,83,82],"class_list":{"0":"post-103057","1":"post","2":"type-post","3":"status-publish","4":"format-standard","5":"has-post-thumbnail","7":"category-sport","8":"tag-no","9":"tag-norge","10":"tag-norway","11":"tag-sport","12":"tag-sports"},"share_on_mastodon":{"url":"https:\/\/pubeurope.com\/@no\/115655222626175403","error":""},"_links":{"self":[{"href":"https:\/\/www.europesays.com\/no\/wp-json\/wp\/v2\/posts\/103057","targetHints":{"allow":["GET"]}}],"collection":[{"href":"https:\/\/www.europesays.com\/no\/wp-json\/wp\/v2\/posts"}],"about":[{"href":"https:\/\/www.europesays.com\/no\/wp-json\/wp\/v2\/types\/post"}],"author":[{"embeddable":true,"href":"https:\/\/www.europesays.com\/no\/wp-json\/wp\/v2\/users\/2"}],"replies":[{"embeddable":true,"href":"https:\/\/www.europesays.com\/no\/wp-json\/wp\/v2\/comments?post=103057"}],"version-history":[{"count":0,"href":"https:\/\/www.europesays.com\/no\/wp-json\/wp\/v2\/posts\/103057\/revisions"}],"wp:featuredmedia":[{"embeddable":true,"href":"https:\/\/www.europesays.com\/no\/wp-json\/wp\/v2\/media\/103058"}],"wp:attachment":[{"href":"https:\/\/www.europesays.com\/no\/wp-json\/wp\/v2\/media?parent=103057"}],"wp:term":[{"taxonomy":"category","embeddable":true,"href":"https:\/\/www.europesays.com\/no\/wp-json\/wp\/v2\/categories?post=103057"},{"taxonomy":"post_tag","embeddable":true,"href":"https:\/\/www.europesays.com\/no\/wp-json\/wp\/v2\/tags?post=103057"}],"curies":[{"name":"wp","href":"https:\/\/api.w.org\/{rel}","templated":true}]}}