{"id":103059,"date":"2025-12-03T10:43:09","date_gmt":"2025-12-03T10:43:09","guid":{"rendered":"https:\/\/www.europesays.com\/no\/103059\/"},"modified":"2025-12-03T10:43:09","modified_gmt":"2025-12-03T10:43:09","slug":"ida-fladen-apner-opp-om-det-toffe-aret","status":"publish","type":"post","link":"https:\/\/www.europesays.com\/no\/103059\/","title":{"rendered":"Ida Fladen \u00e5pner opp om det t\u00f8ffe \u00e5ret"},"content":{"rendered":"\n<p class=\"_lead_o9xde_2 _lead_xtcu6_50 layout-component text-serif-m layout-normal text-serif-l layout-component layout-wide layout-padded _wide_17hqh_1 layout-padded\">\u2013 Jeg har ikke snakket noe om disse tingene, og det hadde jeg ikke tenkt til heller, sier hun.<\/p>\n<p><img alt=\" Foto: Line M\u00f8ller \/ VG\" class=\"_image_qp4xg_65 layout-component layout-wide\" data-fullscreen- data-track-element-type=\"Article image fullscreen\" data-track-name=\"ImageFullscreen\" fetchpriority=\"high\" decoding=\"sync\" loading=\"eager\" height=\"5504\" itemprop=\"image\"  src=\"https:\/\/www.europesays.com\/no\/wp-content\/uploads\/2025\/12\/eb635a80-24bb-4409-a32e-1072b30ce084\"  style=\"object-position:57.92756782945736% 41.3063226744186%\" width=\"8256\"\/> Foto: Line M\u00f8ller \/ VG<\/p>\n<ul aria-hidden=\"true\" class=\"_images_1uft6_111\">\n<li><a class=\"_link_1uft6_116\" href=\"https:\/\/www.vg.no\/forfatter\/hannah-solstad-klepp\" style=\"z-index:1\" title=\"Hannah Solstad Klepp\" rel=\"nofollow noopener\" target=\"_blank\"><img alt=\"Bilde av Hannah Solstad Klepp\" class=\"_image_1uft6_93\" fetchpriority=\"low\" loading=\"lazy\" decoding=\"async\" itemprop=\"image\"  src=\"https:\/\/www.europesays.com\/no\/wp-content\/uploads\/2025\/12\/1764758589_147_f811f9c1-64f7-4c50-9133-b5735831a650\"  width=\"480\"\/><\/a><\/li>\n<\/ul>\n<p> Oppdatert onsdag 3. desember kl. 11:21     <\/p>\n<p class=\"_paragraph_o9xde_4 _paragraph_xtcu6_10 layout-component text-serif-m layout-normal text-serif-m layout-padded\">Podkast- og TV-profil <a href=\"https:\/\/www.vg.no\/tag\/ida-fladen?utm_source=vg-article&amp;utm_medium=auto-tagger&amp;utm_campaign=aJ1Xa4\" class=\"_link_o9xde_39\" rel=\"nofollow noopener\" target=\"_blank\">Ida Fladen<\/a> (39) \u00e5pner n\u00e5 opp om det som har v\u00e6rt det vanskelig \u00e5r i podkasten sin \u00abIda med hjertet i h\u00e5nden\u00bb som man kan h\u00f8re p\u00e5 Podme. Denne gangen var det programleder Silje Nordnes som var gjest.<\/p>\n<p class=\"_paragraph_o9xde_4 _paragraph_xtcu6_10 layout-component text-serif-m layout-normal text-serif-m layout-padded\">Etter ett \u00e5r helt borte fra b\u00e5de jobb og hverdagsliv, forteller hun at selvf\u00f8lelsen hennes har f\u00e5tt en knekk.<\/p>\n<p> \u2013 Har v\u00e6rt borte fra hele livet<\/p>\n<p class=\"_paragraph_o9xde_4 _paragraph_xtcu6_10 layout-component text-serif-m layout-normal text-serif-m layout-padded\">\u2013 Jeg har alltid v\u00e6rt veldig sikker og trygg i meg selv og hvem jeg er, og jeg har egentlig aldri sagt slemme ting til meg selv. Det har ikke v\u00e6rt noe jeg har slitt med, sier hun.<\/p>\n<p class=\"_paragraph_o9xde_4 _paragraph_xtcu6_10 layout-component text-serif-m layout-normal text-serif-m layout-padded\">Men etter ett \u00e5r som syk og helt ute av b\u00e5de jobb og sosialt liv, beskriver hun en f\u00f8lelse av \u00e5 ha mistet fotfestet.<\/p>\n<p class=\"_paragraph_o9xde_4 _paragraph_xtcu6_10 layout-component text-serif-m layout-normal text-serif-m layout-padded\">\u2013 Jeg har ikke bare v\u00e6rt borte fra jobb, jeg har v\u00e6rt borte fra hele livet. Det har p\u00e5virket selvf\u00f8lelsen min veldig. Jeg har ikke f\u00e5tt utrettet noe eller v\u00e6rt til nytte for noen. Jeg har bare v\u00e6rt den som er syk og helt avhengig av alle rundt meg.<\/p>\n<p><img alt=\"Fladen var med i TV 2-serien \u00abBoksen\u00bb.  Foto: Espen Solli \/ TV 2 \/ NTB\" class=\"_image_qp4xg_65 layout-component layout-normal\" data-fullscreen- data-track-element-type=\"Article image fullscreen\" data-track-name=\"ImageFullscreen\" decoding=\"async\" loading=\"lazy\" height=\"4992\" itemprop=\"image\"  src=\"https:\/\/www.europesays.com\/no\/wp-content\/uploads\/2025\/12\/e08bd6af-fef9-46dc-b00b-a748b5759e41\"  style=\"object-position:66.65553180117584% 34.31490384615385%\" width=\"7484\"\/>Fladen var med i TV 2-serien \u00abBoksen\u00bb.  Foto: Espen Solli \/ TV 2 \/ NTB<\/p>\n<p class=\"_paragraph_o9xde_4 _paragraph_xtcu6_10 layout-component text-serif-m layout-normal text-serif-m layout-padded\">For Fladen handler mye av selvf\u00f8lelsen om \u00e5 kunne bidra. Da det ble borte, begynte hun \u00e5 se annerledes p\u00e5 seg selv.<\/p>\n<p class=\"_paragraph_o9xde_4 _paragraph_xtcu6_10 layout-component text-serif-m layout-normal text-serif-m layout-padded\">\u2013 Det som er viktig for at jeg skal f\u00f8le meg verdifull, er \u00e5 v\u00e6re der for andre og bidra i andres liv. Det har jeg ikke f\u00e5tt gjort en millimeter det siste \u00e5ret, sier hun.<\/p>\n<p class=\"_paragraph_o9xde_4 _paragraph_xtcu6_10 layout-component text-serif-m layout-normal text-serif-m layout-padded\">Hun beskriver at hun for f\u00f8rste gang har kjent p\u00e5 at hun har snakket stygt til seg selv.<\/p>\n<p class=\"_paragraph_o9xde_4 _paragraph_xtcu6_10 layout-component text-serif-m layout-normal text-serif-m layout-padded\">\u2013 Jeg har ikke snakket noe om disse tingene, og det hadde jeg ikke tenkt til heller, men n\u00e5 var det noen som \u00e5pnet d\u00f8ren her, sier hun.<\/p>\n","protected":false},"excerpt":{"rendered":"\u2013 Jeg har ikke snakket noe om disse tingene, og det hadde jeg ikke tenkt til heller, sier&hellip;\n","protected":false},"author":2,"featured_media":103060,"comment_status":"","ping_status":"","sticky":false,"template":"","format":"standard","meta":{"footnotes":""},"categories":[58],"tags":[71,7196,30,28,29,72],"class_list":{"0":"post-103059","1":"post","2":"type-post","3":"status-publish","4":"format-standard","5":"has-post-thumbnail","7":"category-underholdning","8":"tag-entertainment","9":"tag-ida-fladen","10":"tag-no","11":"tag-norge","12":"tag-norway","13":"tag-underholdning"},"share_on_mastodon":{"url":"https:\/\/pubeurope.com\/@no\/115655226624035435","error":""},"_links":{"self":[{"href":"https:\/\/www.europesays.com\/no\/wp-json\/wp\/v2\/posts\/103059","targetHints":{"allow":["GET"]}}],"collection":[{"href":"https:\/\/www.europesays.com\/no\/wp-json\/wp\/v2\/posts"}],"about":[{"href":"https:\/\/www.europesays.com\/no\/wp-json\/wp\/v2\/types\/post"}],"author":[{"embeddable":true,"href":"https:\/\/www.europesays.com\/no\/wp-json\/wp\/v2\/users\/2"}],"replies":[{"embeddable":true,"href":"https:\/\/www.europesays.com\/no\/wp-json\/wp\/v2\/comments?post=103059"}],"version-history":[{"count":0,"href":"https:\/\/www.europesays.com\/no\/wp-json\/wp\/v2\/posts\/103059\/revisions"}],"wp:featuredmedia":[{"embeddable":true,"href":"https:\/\/www.europesays.com\/no\/wp-json\/wp\/v2\/media\/103060"}],"wp:attachment":[{"href":"https:\/\/www.europesays.com\/no\/wp-json\/wp\/v2\/media?parent=103059"}],"wp:term":[{"taxonomy":"category","embeddable":true,"href":"https:\/\/www.europesays.com\/no\/wp-json\/wp\/v2\/categories?post=103059"},{"taxonomy":"post_tag","embeddable":true,"href":"https:\/\/www.europesays.com\/no\/wp-json\/wp\/v2\/tags?post=103059"}],"curies":[{"name":"wp","href":"https:\/\/api.w.org\/{rel}","templated":true}]}}