{"id":103061,"date":"2025-12-03T10:47:08","date_gmt":"2025-12-03T10:47:08","guid":{"rendered":"https:\/\/www.europesays.com\/no\/103061\/"},"modified":"2025-12-03T10:47:08","modified_gmt":"2025-12-03T10:47:08","slug":"metkel-betew-stig-millehaugen-ny-siktelse-etter-drapet-pa-metkel-betew","status":"publish","type":"post","link":"https:\/\/www.europesays.com\/no\/103061\/","title":{"rendered":"Metkel Betew, Stig Millehaugen | Ny siktelse etter drapet p\u00e5 Metkel Betew"},"content":{"rendered":"\n<p>Det melder <a rel=\"Follow nofollow noopener\" href=\"https:\/\/www.nrk.no\/norge\/politiet-til-nrk_-ny-siktelse-etter-drapet-pa-metkel-betew-1.17677127\" target=\"_blank\">NRK<\/a>.<\/p>\n<p>Kanalen skriver at da Stig Millehaugen ble fremstilt for varetekstfengsling for drapet p\u00e5 Metkel Betew tirsdag, s\u00e5 stod det i kjennelsen at han undergis \u00abbrev- og bes\u00f8ksforbud mot medsiktede\u00bb.<\/p>\n<p>Det er alts\u00e5 en medsiktet i saken som tidligere ikke har v\u00e6rt offentlig kjent.<\/p>\n<p>Til NRK sier politiadvokat Christian Hatlo at det er tatt ut nye siktelser i saken, men han er av hensyn til etterforskningen sparsom med detaljer.<\/p>\n<p>\u2013 Jeg \u00f8nsker ikke \u00e5 kommentere hvor mange som er siktet, sier han.<\/p>\n<p>Hatlo kan likevel legge til at den nye siktelsen gjelder drap eller medvirkning til drap.<\/p>\n<p><b>Les ogs\u00e5: <a class=\"simple-relation related-teaser article--c-eRUmMG article--c-eRUmMG-fZoQSp-design-nettavisen article--c-eRUmMG-gwthdJ-cv\" href=\"https:\/\/www.nettavisen.no\/stig-millehaugen-forblir-fengslet\/s\/5-95-2757827\" rel=\"nofollow noopener\" target=\"_blank\">Stig Millehaugen forblir fengslet<\/a><\/b><\/p>\n<p>Tidligere Nokas-d\u00f8mte Metkel Betew (46) ble skutt og drept i Godliaskogen p\u00e5 Oppsal om kvelden skj\u00e6rtorsdag 18. april. Politiet mener de har gode bevis for \u00e5 sikte Millehaugen for drapet eller for medvirkning til det, men har ikke klart \u00e5 finne noe tydelig motiv for handlingen.<\/p>\n<p>I avh\u00f8r har Millehaugen bekreftet at han var p\u00e5 \u00e5stedet og at han var vitne til det som skjedde, men sagt at han ikke har noe med selve drapet \u00e5 gj\u00f8re, skrev <a rel=\"noopener nofollow\" href=\"https:\/\/www.vg.no\/nyheter\/i\/1MQ9xB\/betew-drapet-stig-millehaugen-tilbake-paa-aastedet\" target=\"_blank\">VG<\/a> etter en rekonstruksjon i november.<\/p>\n<p>Millehaugen ble p\u00e5grepet tre dager etter drapet. Politiet har hele tiden jaktet p\u00e5 flere gjerningspersoner.<\/p>\n","protected":false},"excerpt":{"rendered":"Det melder NRK. Kanalen skriver at da Stig Millehaugen ble fremstilt for varetekstfengsling for drapet p\u00e5 Metkel Betew&hellip;\n","protected":false},"author":2,"featured_media":103062,"comment_status":"","ping_status":"","sticky":false,"template":"","format":"standard","meta":{"footnotes":""},"categories":[10],"tags":[20,21,24,25,15,22,23,13,30,28,29,14,16,26,27],"class_list":{"0":"post-103061","1":"post","2":"type-post","3":"status-publish","4":"format-standard","5":"has-post-thumbnail","7":"category-norge","8":"tag-breaking-news","9":"tag-breakingnews","10":"tag-featured-news","11":"tag-featurednews","12":"tag-headlines","13":"tag-latest-news","14":"tag-latestnews","15":"tag-news","16":"tag-no","17":"tag-norge","18":"tag-norway","19":"tag-nyheter","20":"tag-overskrifter","21":"tag-top-stories","22":"tag-topstories"},"share_on_mastodon":{"url":"https:\/\/pubeurope.com\/@no\/115655242053926104","error":""},"_links":{"self":[{"href":"https:\/\/www.europesays.com\/no\/wp-json\/wp\/v2\/posts\/103061","targetHints":{"allow":["GET"]}}],"collection":[{"href":"https:\/\/www.europesays.com\/no\/wp-json\/wp\/v2\/posts"}],"about":[{"href":"https:\/\/www.europesays.com\/no\/wp-json\/wp\/v2\/types\/post"}],"author":[{"embeddable":true,"href":"https:\/\/www.europesays.com\/no\/wp-json\/wp\/v2\/users\/2"}],"replies":[{"embeddable":true,"href":"https:\/\/www.europesays.com\/no\/wp-json\/wp\/v2\/comments?post=103061"}],"version-history":[{"count":0,"href":"https:\/\/www.europesays.com\/no\/wp-json\/wp\/v2\/posts\/103061\/revisions"}],"wp:featuredmedia":[{"embeddable":true,"href":"https:\/\/www.europesays.com\/no\/wp-json\/wp\/v2\/media\/103062"}],"wp:attachment":[{"href":"https:\/\/www.europesays.com\/no\/wp-json\/wp\/v2\/media?parent=103061"}],"wp:term":[{"taxonomy":"category","embeddable":true,"href":"https:\/\/www.europesays.com\/no\/wp-json\/wp\/v2\/categories?post=103061"},{"taxonomy":"post_tag","embeddable":true,"href":"https:\/\/www.europesays.com\/no\/wp-json\/wp\/v2\/tags?post=103061"}],"curies":[{"name":"wp","href":"https:\/\/api.w.org\/{rel}","templated":true}]}}