{"id":103065,"date":"2025-12-03T10:54:13","date_gmt":"2025-12-03T10:54:13","guid":{"rendered":"https:\/\/www.europesays.com\/no\/103065\/"},"modified":"2025-12-03T10:54:13","modified_gmt":"2025-12-03T10:54:13","slug":"ny-siktelse-etter-drapet-pa-metkel-betew-bekrefter-politiet-overfor-nrk","status":"publish","type":"post","link":"https:\/\/www.europesays.com\/no\/103065\/","title":{"rendered":"Ny siktelse etter drapet p\u00e5 Metkel Betew, bekrefter politiet overfor NRK"},"content":{"rendered":"<p class=\"extendedContent hyperion-css-eyn926\" data-test-tag=\"lead-text\">Flere enn Stig Millehaugen er siktet etter drapet p\u00e5 Metkel Betew, bekrefter politiet. Men de vil ikke si hvor mange. <\/p>\n<p><img decoding=\"async\" class=\"image-asset hyperion-css-u06ts1\" data-test-tag=\"image-asset\" src=\"https:\/\/www.europesays.com\/no\/wp-content\/uploads\/2025\/12\/1fc189a3-ff2b-4d74-9a48-f1217e7abbe5\"  alt=\"Metkel Betew sammen med forsvarer Marius Dietrichson under Nokas-rettsaken i Stavanger i 2007. \"  loading=\"eager\" fetchpriority=\"high\" style=\"aspect-ratio:2048 \/ 1581\"\/>Metkel Betew sammen med forsvarer Marius Dietrichson under Nokas-rettsaken i Stavanger i 2007. Foto: Alf Ove Hansen \/ NTB<\/p>\n<p class=\"paywall hyperion-css-1j42uic\"> \u2013 Jeg \u00f8nsker ikke \u00e5 kommentere hvor mange som er siktet, sier politiadvokat Christian Hatlo til <a aria-label=\"NRK\" class=\"breaking-short hyperion-css-1raymq9\" href=\"https:\/\/www.nrk.no\/norge\/politiet-til-nrk_-ny-siktelse-etter-drapet-pa-metkel-betew-1.17677127\" target=\"_blank\" rel=\"noopener nofollow noreferrer\" data-test-tag=\"external-link\">NRK<\/a>. <\/p>\n<p class=\"paywall hyperion-css-1j42uic\">Siktelsen gjelder drap eller medvirkning til drap.<\/p>\n<p class=\"paywall hyperion-css-1j42uic\">Metkel Betew<a data-test-tag=\"internal-link\" href=\"https:\/\/www.aftenposten.no\/norge\/i\/GyAl8m\/nokas-raner-metkel-betew-skutt-og-drept-i-oslo\" class=\"hyperion-css-1raymq9\" rel=\"nofollow noopener\" target=\"\" aria-label=\" ble funnet skutt og drept\" theme=\"breaking-short\"> ble funnet skutt og drept<\/a>\u00a0i Godliaskogen p\u00e5 Oppsal i Oslo 17. april. Politiet beskrev drapet som sv\u00e6rt brutalt og m\u00e5lrettet.  <\/p>\n<p class=\"paywall hyperion-css-1j42uic\">Betew var 46 \u00e5r gammel og ble f\u00f8dt i Oslo. Foreldrene hans kommer fra Eritrea.  <\/p>\n<p class=\"paywall hyperion-css-1j42uic\">Han var en av 14 personer som i 2004 ranet Nokas-tellesentralen i Stavanger. Han ble d\u00f8mt for ran med d\u00f8den til f\u00f8lge. Ranerne stakk av med 57,4 millioner kroner, og politimannen Arne Sigve Klungland ble drept under ranet. Nesten hele ransbel\u00f8pet er fremdeles<a data-test-tag=\"internal-link\" href=\"https:\/\/www.aftenposten.no\/amagasinet\/i\/3JMpJe\/514-millioner-er-fortsatt-borte-etter-nokas-ranet-de-siste-sporene-slutter-her\" class=\"hyperion-css-1raymq9\" rel=\"nofollow noopener\" target=\"\" aria-label=\" sporl\u00f8st borte\" theme=\"breaking-short\"> sporl\u00f8st borte<\/a>.<\/p>\n<p><img decoding=\"async\" class=\"image-asset hyperion-css-n6kkq1\" data-test-tag=\"image-asset\" src=\"https:\/\/www.europesays.com\/no\/wp-content\/uploads\/2025\/12\/77af7e99-103a-4051-a5fe-118df0e98fa7\"  alt=\"\"  fetchpriority=\"auto\" style=\"aspect-ratio:2048 \/ 1544\"\/>Stig Millehaugen<\/p>\n<p class=\"paywall hyperion-css-1j42uic\"><strong>Fra f\u00f8r er Stig Millehaugen (56) siktet for drapet p\u00e5 Betew. Millehaugen <\/strong><a data-test-tag=\"internal-link\" href=\"https:\/\/www.aftenposten.no\/norge\/i\/wgj8pP\/millehaugen-paagrepet-i-horten-nekter-for-aa-ha-noe-med-drapet-aa-gjoere\" class=\"hyperion-css-1raymq9\" rel=\"nofollow noopener\" target=\"\" theme=\"breaking-short\"><strong>ble p\u00e5grepet 20. april i \u00e5r<\/strong><\/a><strong> og har sittet i varetekt siden.<\/strong><\/p>\n<p class=\"paywall hyperion-css-1j42uic\">Stig Millehaugen har sittet fengslet nesten hele sitt voksne liv, og er tidligere beskrevet som \u00abNorges farligste mann\u00bb.<\/p>\n<p class=\"paywall hyperion-css-1j42uic\">Millehaugen var p\u00e5 permisjon fra fengsel p\u00e5 tidspunktet for drapet. Han sonet \u2013 og soner fortsatt \u2013 en dom p\u00e5 21 \u00e5rs forvaring for bestillingsdrapet p\u00e5 Young Guns-leder Mohammad \u00abJeddi\u00bb Javed i 2009. <\/p>\n<p class=\"paywall hyperion-css-1j42uic\">Han ble ogs\u00e5 d\u00f8mt for drapet p\u00e5 en fengselsbetjent i Sarpsborg i 1993.<\/p>\n<p><img decoding=\"async\" class=\"image-asset hyperion-css-u06ts1\" data-test-tag=\"image-asset\" src=\"https:\/\/www.europesays.com\/no\/wp-content\/uploads\/2025\/12\/101541ca-453e-4ca0-9823-ce6fe3f264f6\"  alt=\"Dronebilde av \u00e5stedet i skogholt p\u00e5 Oppsal i Oslo hvor Nokas-raner Metkel Betew ble funnet skutt og drept i april. \"  loading=\"eager\" fetchpriority=\"high\" style=\"aspect-ratio:2048 \/ 1365\"\/>Dronebilde av \u00e5stedet i skogholt p\u00e5 Oppsal i Oslo hvor Nokas-raner Metkel Betew ble funnet skutt og drept i april. Foto: Gorm Kallestad \/ NTB<\/p>\n","protected":false},"excerpt":{"rendered":"Flere enn Stig Millehaugen er siktet etter drapet p\u00e5 Metkel Betew, bekrefter politiet. Men de vil ikke si&hellip;\n","protected":false},"author":2,"featured_media":103066,"comment_status":"","ping_status":"","sticky":false,"template":"","format":"standard","meta":{"footnotes":""},"categories":[10],"tags":[20,21,24,25,15,22,23,13,30,28,29,14,16,26,27],"class_list":{"0":"post-103065","1":"post","2":"type-post","3":"status-publish","4":"format-standard","5":"has-post-thumbnail","7":"category-norge","8":"tag-breaking-news","9":"tag-breakingnews","10":"tag-featured-news","11":"tag-featurednews","12":"tag-headlines","13":"tag-latest-news","14":"tag-latestnews","15":"tag-news","16":"tag-no","17":"tag-norge","18":"tag-norway","19":"tag-nyheter","20":"tag-overskrifter","21":"tag-top-stories","22":"tag-topstories"},"share_on_mastodon":{"url":"https:\/\/pubeurope.com\/@no\/115655269898458717","error":""},"_links":{"self":[{"href":"https:\/\/www.europesays.com\/no\/wp-json\/wp\/v2\/posts\/103065","targetHints":{"allow":["GET"]}}],"collection":[{"href":"https:\/\/www.europesays.com\/no\/wp-json\/wp\/v2\/posts"}],"about":[{"href":"https:\/\/www.europesays.com\/no\/wp-json\/wp\/v2\/types\/post"}],"author":[{"embeddable":true,"href":"https:\/\/www.europesays.com\/no\/wp-json\/wp\/v2\/users\/2"}],"replies":[{"embeddable":true,"href":"https:\/\/www.europesays.com\/no\/wp-json\/wp\/v2\/comments?post=103065"}],"version-history":[{"count":0,"href":"https:\/\/www.europesays.com\/no\/wp-json\/wp\/v2\/posts\/103065\/revisions"}],"wp:featuredmedia":[{"embeddable":true,"href":"https:\/\/www.europesays.com\/no\/wp-json\/wp\/v2\/media\/103066"}],"wp:attachment":[{"href":"https:\/\/www.europesays.com\/no\/wp-json\/wp\/v2\/media?parent=103065"}],"wp:term":[{"taxonomy":"category","embeddable":true,"href":"https:\/\/www.europesays.com\/no\/wp-json\/wp\/v2\/categories?post=103065"},{"taxonomy":"post_tag","embeddable":true,"href":"https:\/\/www.europesays.com\/no\/wp-json\/wp\/v2\/tags?post=103065"}],"curies":[{"name":"wp","href":"https:\/\/api.w.org\/{rel}","templated":true}]}}