{"id":103069,"date":"2025-12-03T10:56:29","date_gmt":"2025-12-03T10:56:29","guid":{"rendered":"https:\/\/www.europesays.com\/no\/103069\/"},"modified":"2025-12-03T10:56:29","modified_gmt":"2025-12-03T10:56:29","slug":"russlands-anke-vant-frem-skal-delta-i-ol-nrk-sport-sportsnyheter-resultater-og-sendeplan-3","status":"publish","type":"post","link":"https:\/\/www.europesays.com\/no\/103069\/","title":{"rendered":"Russlands anke vant frem \u2013 skal delta i OL \u2013 NRK Sport \u2013 Sportsnyheter, resultater og sendeplan"},"content":{"rendered":"<p>\u2013 Russland vant sin sak mot FIS i CAS. N\u00e5 er FIS forpliktet til \u00e5 la russiske ut\u00f8vere f\u00e5 delta internasjonalt, skriver sportsministeren i Russland, Mikhail Degtyarev, i sin Telegram-kanal.<\/p>\n<p><strong>Tirsdag ettermiddag bekrefter den internasjonale voldgiftsretten for sport, CAS, det samme i en pressemelding.<\/strong><\/p>\n<p>17 ut\u00f8vere (12 russere og fem belarusere) anket FIS&#8217; avgj\u00f8relse om \u00e5 nekte russiske og belarusiske ut\u00f8vere deltakelse i FIS-konkurranser. CAS skriver til NRK at ankeseieren betyr at samtlige ut\u00f8vere kan delta, ikke bare de 17, s\u00e5 lenge de er n\u00f8ytrale.<\/p>\n<p>H\u00f8ringen fant sted i Lausanne i Sveits mandag.<\/p>\n<p>Kan kvalifisere seg til OL<\/p>\n<p>CAS skriver i pressemeldingen at grunnen til ankeseieren er at FIS-avgj\u00f8relsen om \u00e5 nekte russisk og belarusisk deltakelse er en ren utestengelse, uten \u00e5 ta hensyn til om ut\u00f8vere ville innfridd n\u00f8ytralitetskriteriene.<\/p>\n<p>Beslutningen gj\u00f8r at russiske og belarusiske ut\u00f8vere n\u00e5 kan delta i OL som n\u00f8ytrale ut\u00f8vere hvis de kvalifiserer seg i FIS-grenene langrenn, hopp, kombinert, alpint, snowboard, friski og fristil.<\/p>\n<p>For at ut\u00f8verne skal ha muligheten til \u00e5 kvalifisere seg til OL, er FIS n\u00e5 p\u00e5lagt \u00e5 slippe til ut\u00f8vere med n\u00f8ytral status i konkurranser hvor de kan kvalifisere seg &#8211; som verdenscuprenn.<\/p>\n<p>Blant dem som sto bak anken er Savelij Korostelev, som tok gull i junior-VM i 2022 \u2013 en av de siste internasjonale konkurransene russiske ut\u00f8vere fikk delta i.<\/p>\n<p>I en melding til NRK skriver han at han \u00f8nsker \u00e5 delta internasjonalt s\u00e5 fort han kan f\u00e5 status som n\u00f8ytral ut\u00f8ver fra FIS.<\/p>\n<p>Han avviser muligheten for at han kan delta i verdenscuprennene i Trondheim denne uka, hvor f\u00f8rste konkurransedag er fredag.<\/p>\n<p><strong>\u2013 Det er ingen sjanse for Trondheim. For lite tid. Jeg h\u00e5per p\u00e5 Davos (12.-14. desember), skriver 22-\u00e5ringen. <\/strong><\/p>\n<p>\u2013 Tror du mange russiske ut\u00f8vere vil f\u00e5 delta, eller blir det bare noen f\u00e5?<\/p>\n<p>\u2013 For \u00e5 v\u00e6re helt \u00e6rlig, s\u00e5 vet jeg ikke. Alt avhenger av FIS.<\/p>\n<p><img decoding=\"async\"   src=\"data:image\/gif;base64,R0lGODlhAQABAIAAAAAAAP\/\/\/yH5BAEAAAAALAAAAAABAAEAAAIBRAA7\" loading=\"eager\" alt=\"Fire personer st\u00e5r p\u00e5 sn\u00f8en, if\u00f8rt r\u00f8de og hvite skiutstyr. En av dem mottar gratulasjoner fra de andre. Bakgrunnen viser en skiarena med utstyr og heiser. Stemningen er jubelaktig og energisk.\" title=\"Foto: Terje Pedersen \/ NTB\"\/><\/p>\n<p class=\"\">FORN\u00d8YD: Savelij Korostolev (nummer to fra venstre) gikk inn til stafettgull, samt ett gull og ett s\u00f8lv individuelt, under junior-VM i 2022. <\/p>\n<p>Foto: Terje Pedersen \/ NTB<\/p>\n<p>M\u00e5 sende e-post<\/p>\n<p>FIS skriver selv i en pressemelding at de tar dommen til etterretning, og at alle ut\u00f8vere som \u00f8nsker n\u00f8ytralitetsstatus m\u00e5 sende en e-post til forbundet og s\u00f8ke om det.<\/p>\n<p>Alle s\u00f8knadene vil gjennomg\u00e5s av tre personer: Generalsekret\u00e6ren i FIS, en uavhengig sportsintegritetsekspert og en representant fra FIS-administrasjonen som gjennomg\u00e5r funnene til FIS&#8217; sin gjennomgang av de aktuelle ut\u00f8verne.<\/p>\n<p>Ut\u00f8verne som \u00f8nsker \u00e5 konkurrere i OL som n\u00f8ytrale ut\u00f8vere m\u00e5 oppfylle flere kriterier.<\/p>\n<ul>\n<li>Ut\u00f8vere og st\u00f8ttepersonell som aktivt st\u00f8tter krigen vil ikke ha mulighet til \u00e5 stille.<\/li>\n<li>Ut\u00f8vere og st\u00f8ttepersonell som er under kontrakt med det russiske eller belarusiske milit\u00e6ret, eller nasjonale sikkerhetsmyndigheter, vil ikke ha mulighet til \u00e5 stille.<\/li>\n<li>Ut\u00f8verne m\u00e5 ha v\u00e6rt gjennom all n\u00f8dvendig antidoping-testing inn mot og under vinter-OL.<\/li>\n<\/ul>\n<p>FIS skriver at de ogs\u00e5 har et krav om at ut\u00f8vere\/st\u00f8ttepersonell ikke skal ha kommunikasjonen som er tilknyttet Russland eller Belarus.<\/p>\n<p><strong>Mens det i IOCs regelverk heter ut\u00f8vere og st\u00f8ttepersonell som er under kontrakt med milit\u00e6ret eller sikkerhetsmyndigheter, skriver FIS at deres krav er at de ikke kan ha en frivillig kobling til milit\u00e6ret eller sikkerhetsmyndigheter. <\/strong><\/p>\n<p>Renndirekt\u00f8r i kombinert for FIS, Lasse Ottesen forteller til NRK at FIS i l\u00f8pet av de siste ukene har gjort innledende unders\u00f8kelser av russiske og belarusiske ut\u00f8vere, i p\u00e5vente av dommen fra CAS.<\/p>\n<p>17 ut\u00f8vere som sto bak anken:<\/p>\n<p>12 russiske ut\u00f8vere sto bak anken sammen med Russlands skiforbund og Russlands paralympiske komit\u00e9 etter at Det internasjonale ski- og sn\u00f8brettforbundet (FIS) sa nei til n\u00f8ytrale russiske l\u00f8pere i OL i oktober:<\/p>\n<p><strong>Seks mulige OL-ut\u00f8vere: <\/strong><\/p>\n<ul>\n<li>Savelij Korostelev, langrenn<\/li>\n<li>Lana Prusakova, friski<\/li>\n<li>Maria Travinitsjeva, sn\u00f8brett<\/li>\n<li>Artjom Galunin, kombinert<\/li>\n<li>Jekaterina Tkatsjenko, alpint<\/li>\n<li>Daniil Serejev, skihopp<\/li>\n<\/ul>\n<p><strong>Seks mulig Paralympics-ut\u00f8vere:<\/strong><\/p>\n<ul>\n<li>Aleksej Bugajev, alpint<\/li>\n<li>Varvara Vorontsjikhina, alpint<\/li>\n<li>Anastasia Bagagin, langrenn<\/li>\n<li>Ivan Golubkov, langrenn<\/li>\n<li>Polina Novakovskja, langrenn<\/li>\n<li>Mikhail Slinkin, sn\u00f8brett<\/li>\n<\/ul>\n<p><strong>Fem belarusiske ut\u00f8vere sto bak anken sammen med Det belarusiske skiforbundet (BSU):<\/strong><\/p>\n<ul>\n<li>Hanna Huskova, friski<\/li>\n<li>Anna Derugo, friski<\/li>\n<li>Anastasija Andryjanava, friski<\/li>\n<li>Ihar Drabiankou, friski<\/li>\n<li>Vladislav Vaznyuk<\/li>\n<\/ul>\n<p>\u2013 Kommer med helikopter<\/p>\n<p>Russiske og belarusiske ut\u00f8vere har en teoretisk mulighet til \u00e5 delta i verdenscuprennene i Trondheim fra fredag til s\u00f8ndag, hvor det er langrenn og kombinert p\u00e5 programmet i forrige vinters VM-anlegg.<\/p>\n<p>Den russiske landslagssjefen i langrenn, Egor Sorin, sp\u00f8kte tidligere tirsdag med at den russiske leiren tar helikopter til Tr\u00f8ndelag, <a href=\"https:\/\/www.tv2.no\/sport\/dramatisk-vending-russland-vant-frem-kan-delta-i-ol\/18342905\/\" ec-id=\"https:\/\/www.tv2.no\/sport\/dramatisk-vending-russland-vant-frem-kan-delta-i-ol\/18342905\/\" ec-name=\"if\u00f8lge TV 2\" rel=\"nofollow noopener\" target=\"_blank\">if\u00f8lge TV 2<\/a>.<\/p>\n<p><img decoding=\"async\"   src=\"data:image\/gif;base64,R0lGODlhAQABAIAAAAAAAP\/\/\/yH5BAEAAAAALAAAAAABAAEAAAIBRAA7\" loading=\"eager\" alt=\"Egor Sorin\" title=\"Foto: SVT\"\/><\/p>\n<p class=\"\">TRENER: Russlands landslagssjef Egor Sorin er lysten p\u00e5 en Norge-retur.<\/p>\n<p>Foto: SVT<\/p>\n<p><strong>\u2013 Trondheim er en mulighet, absolutt. Vi kommer med helikopter!<\/strong><\/p>\n<p>Men i det helikopteret sitter ikke langrennsstjernen Veronika Stepanova. Hun svarer klokkeklart \u00abnei\u00bb til NRK p\u00e5 sp\u00f8rsm\u00e5l om hun vil g\u00e5 i Trondheim.<\/p>\n<p>President i Norges Skiforbund, Tove Moe Dyrhaug, hadde tirsdag ettermiddag ikke svar p\u00e5 om det ville v\u00e6re mulig praktisk sett for russiske og belarusiske ut\u00f8vere \u00e5 delta i Trondheim denne uken.<\/p>\n<p>\u2013 Det har jeg satt i gang for \u00e5 unders\u00f8ke med FIS. Det skal jeg skaffe meg oversikt over ganske fort, sier Dyrhaug til NRK.<\/p>\n<p>UDI forteller til NRK at russere som har et s\u00e5kalt schengenvisum ogs\u00e5 kan delta i idrettsarrrangementer i Norge. Det er usikkert hvilke ut\u00f8vere som eventuelt har et slikt visum, men flere russiske ut\u00f8vere <a href=\"https:\/\/www.nrk.no\/sport\/langrenn_-russiske-egor-sorin-langer-ut-mot-johannes-hosflot-klaebo-1.17642442\" ec-id=\"pp:article:1.17642442\" ec-name=\"tok del i en treningsleir i italienske Livigno\" rel=\"nofollow noopener\" target=\"_blank\">tok del i en treningsleir i italienske Livigno<\/a> i november.<\/p>\n<p>\u2013 M\u00e5 forholde oss til dette<\/p>\n<p>Dyrhaug sa i en pressemelding tidligere tirsdag at hun er sv\u00e6rt skuffet over CAS-domstolens avgj\u00f8relse.<\/p>\n<p>\u2013 Norges syn i denne saken st\u00e5r fast, men sammen med de andre medlemsnasjonene i FIS m\u00e5 vi naturligvis forholde oss til dette, sa hun.\n<\/p>\n<p><img decoding=\"async\"   src=\"data:image\/gif;base64,R0lGODlhAQABAIAAAAAAAP\/\/\/yH5BAEAAAAALAAAAAABAAEAAAIBRAA7\" loading=\"eager\" alt=\"Tove Moe Dyrhaug i Holmenkollen\" title=\"Foto: Geir Olsen \/ NTB\"\/><\/p>\n<p class=\"\">SKUFFET: President i Norges Skiforbund, Tove Moe Dyrhaug, uttaler seg om CAS-avgj\u00f8relsen.<\/p>\n<p>Foto: Geir Olsen \/ NTB<\/p>\n<p>60-\u00e5ringen har v\u00e6rt en uttalt motstander av Russland tilbake i skisporet. Senest i oktober stemte hun imot russisk deltakelse.<\/p>\n<p><strong>\u2013 Vi trenger noe tid til \u00e5 finne ut hva som skjer videre. Vedtaket i CAS ber\u00f8rer flere ut\u00f8vere fra ulike grener i FIS, og vi vet forel\u00f8pig ikke hva som er tenkt n\u00e5r det gjelder praktisk gjennomf\u00f8ring med tanke p\u00e5 deltakelse i konkurranser f\u00f8r OL, sa Dyrhaug.<\/strong><\/p>\n<p>\u2013 Stor symbolverdi<\/p>\n<p>NRKs sportskommentator Jan-Petter Saltvedt, kaller avgj\u00f8relsen fra CAS \u00aboverraskende, men ikke sjokkerende\u00bb.<\/p>\n<p>\u2013 Flere andre avgj\u00f8relser den siste tid har gitt russiske ut\u00f8vere medhold i kravet om \u00e5 f\u00e5 delta som n\u00f8ytrale ut\u00f8vere i internasjonale konkurranser, inkludert OL, sier Saltvedt.<\/p>\n<p><img decoding=\"async\"   src=\"data:image\/gif;base64,R0lGODlhAQABAIAAAAAAAP\/\/\/yH5BAEAAAAALAAAAAABAAEAAAIBRAA7\" loading=\"eager\" alt=\"Jan Petter Saltvedt\" title=\"Foto: Martin Leigland\"\/><\/p>\n<p class=\"\">KOMMENTATOR: Jan-Petter Saltvedt.<\/p>\n<p>Foto: Martin Leigland<\/p>\n<p>FIS utestengte Russland f\u00e5 dager etter landets invasjon av Ukraina i februar 2022.<\/p>\n<p>Siden har ingen russiske ut\u00f8vere kunnet konkurrere i hverken verdenscupen, VM eller OL, heller ikke under s\u00e5kalt n\u00f8ytralt flagg.<\/p>\n<p><strong>\u2013 N\u00e5 gjenst\u00e5r det \u00e5 se hvor mange av de russiske l\u00f8perne som faktisk f\u00e5r delta i OL. De skal gjennom en ny vurdering opp mot sin kobling til h\u00e6ren og krigen i Ukraina. Og de skal i tillegg faktisk kvalifisere seg p\u00e5 ganske s\u00e5 kort tid. Men for Russland og deres sportsgale president er dette dessverre en seier med stor symbolverdi, sier Saltvedt videre.<\/strong><\/p>\n<p>Russisk jubel<\/p>\n<p>Og nyheten tas imot med jubel og glede i Russland.<\/p>\n<p>\u2013 CAS-avgj\u00f8relsen er ett lite skritt for den enkelte skil\u00f8per, men et gigantisk sprang for hele det globale skisamfunnet. Prinsippet om \u00e5 f\u00e5 konkurrere uavhengig av nasjonalitet\/pass ble opprettholdt. Neste steg \u2013 like rettigheter for alle ut\u00f8vere, uansett politisk overbevisning, sier den russiske langrennsl\u00f8peren Veronika Stepanova til NRK.<\/p>\n<p>Hun fortsetter:\n<\/p>\n<p><img decoding=\"async\"   src=\"data:image\/gif;base64,R0lGODlhAQABAIAAAAAAAP\/\/\/yH5BAEAAAAALAAAAAABAAEAAAIBRAA7\" loading=\"eager\" alt=\"Veronika Stepanova i skidrakt\" title=\"Foto: Terje Pedersen \/ NRK\"\/><\/p>\n<p class=\"\">RUSSISK: Skil\u00f8peren Veronika Stepanova uttaler seg til NRK.<\/p>\n<p>Foto: Terje Pedersen \/ NRK<\/p>\n<p><strong>\u2013 La dem som har fors\u00f8kt \u00e5 utestenge oss i alle disse \u00e5rene huske ordene mine for tre og et halvt \u00e5r siden: \u00abHva er det dere pr\u00f8ver \u00e5 oppn\u00e5? Hva er det dere pr\u00f8ver \u00e5 bevise?\u00bb Vi kommer tilbake, og n\u00e5 er vi tilbake.<\/strong><\/p>\n<p>Tror ikke Norge boikotter<\/p>\n<p>NRKs langrennsekspert Torgeir Bj\u00f8rn tror ikke Norge kommer til \u00e5 boikotte renn som f\u00f8lger av avgj\u00f8relsen.<\/p>\n<p><strong>\u2013 Man m\u00e5 rette seg etter de organer som behandler det, og hvis CAS gir medhold i det, s\u00e5 m\u00e5 man forholde seg til det. Jeg er ikke der at jeg synes det er noen skandale. Det er derfor man har den instansen. Norge m\u00e5 forholde seg til det.<br \/>\n<\/strong><\/p>\n<p><img decoding=\"async\"   src=\"data:image\/gif;base64,R0lGODlhAQABAIAAAAAAAP\/\/\/yH5BAEAAAAALAAAAAABAAEAAAIBRAA7\" loading=\"eager\" alt=\"Torgeir Bj\u00f8rn\" title=\"Foto: Terje Pedersen \/ Terje Pedersen \/ NTB\"\/><\/p>\n<p class=\"\">EKSPERT: Torgeir Bj\u00f8rn mener det ikke er noen skandale at russere n\u00e5 er tilbake i det gjeveste ski-selskapet.<\/p>\n<p>Foto: Terje Pedersen \/ Terje Pedersen \/ NTB<\/p>\n<p>Rettelse: I en tidlig versjon av denne artikkelen skrev NRK at det bare var de 17 ut\u00f8verne som hadde anket til CAS som n\u00e5 fikk delta i internasjonale konkurranser. Det riktige er at ankeseieren gir samtlige n\u00f8ytrale ut\u00f8vere fra Russland og Belarus mulighet til \u00e5 delta under n\u00f8ytralt flagg.<\/p>\n<p>Publisert<\/p>\n<p>02.12.2025, kl. 12.01<\/p>\n<p>Oppdatert<\/p>\n<p>02.12.2025, kl. 20.20<\/p>\n","protected":false},"excerpt":{"rendered":"\u2013 Russland vant sin sak mot FIS i CAS. N\u00e5 er FIS forpliktet til \u00e5 la russiske ut\u00f8vere&hellip;\n","protected":false},"author":2,"featured_media":102240,"comment_status":"","ping_status":"","sticky":false,"template":"","format":"standard","meta":{"footnotes":""},"categories":[59],"tags":[30,28,29,83,82],"class_list":{"0":"post-103069","1":"post","2":"type-post","3":"status-publish","4":"format-standard","5":"has-post-thumbnail","7":"category-sport","8":"tag-no","9":"tag-norge","10":"tag-norway","11":"tag-sport","12":"tag-sports"},"share_on_mastodon":{"url":"https:\/\/pubeurope.com\/@no\/115655277470578029","error":""},"_links":{"self":[{"href":"https:\/\/www.europesays.com\/no\/wp-json\/wp\/v2\/posts\/103069","targetHints":{"allow":["GET"]}}],"collection":[{"href":"https:\/\/www.europesays.com\/no\/wp-json\/wp\/v2\/posts"}],"about":[{"href":"https:\/\/www.europesays.com\/no\/wp-json\/wp\/v2\/types\/post"}],"author":[{"embeddable":true,"href":"https:\/\/www.europesays.com\/no\/wp-json\/wp\/v2\/users\/2"}],"replies":[{"embeddable":true,"href":"https:\/\/www.europesays.com\/no\/wp-json\/wp\/v2\/comments?post=103069"}],"version-history":[{"count":0,"href":"https:\/\/www.europesays.com\/no\/wp-json\/wp\/v2\/posts\/103069\/revisions"}],"wp:featuredmedia":[{"embeddable":true,"href":"https:\/\/www.europesays.com\/no\/wp-json\/wp\/v2\/media\/102240"}],"wp:attachment":[{"href":"https:\/\/www.europesays.com\/no\/wp-json\/wp\/v2\/media?parent=103069"}],"wp:term":[{"taxonomy":"category","embeddable":true,"href":"https:\/\/www.europesays.com\/no\/wp-json\/wp\/v2\/categories?post=103069"},{"taxonomy":"post_tag","embeddable":true,"href":"https:\/\/www.europesays.com\/no\/wp-json\/wp\/v2\/tags?post=103069"}],"curies":[{"name":"wp","href":"https:\/\/api.w.org\/{rel}","templated":true}]}}