{"id":103072,"date":"2025-12-03T11:03:44","date_gmt":"2025-12-03T11:03:44","guid":{"rendered":"https:\/\/www.europesays.com\/no\/103072\/"},"modified":"2025-12-03T11:03:44","modified_gmt":"2025-12-03T11:03:44","slug":"statsbudsjettet-2026-statsbudsjett-krise-avverget-flertall-for-statsbudsjettet","status":"publish","type":"post","link":"https:\/\/www.europesays.com\/no\/103072\/","title":{"rendered":"Statsbudsjettet 2026, Statsbudsjett | Krise avverget \u2013 flertall for statsbudsjettet"},"content":{"rendered":"\n<p>De fem r\u00f8dgr\u00f8nne partiene kunne presentere flertallsenigheten om statsbudsjettet for 2026 p\u00e5 en pressekonferanse i Vandrehallen p\u00e5 Stortinget klokka 2 natt til onsdag.<\/p>\n<p>Da hadde partilederne for R\u00f8dt, Senterpartiet, Sosialistisk Venstreparti og Milj\u00f8partiet De Gr\u00f8nne sittet p\u00e5 kontoret til Tonje Brenna, Arbeiderpartiets parlamentariske leder, i flere timer.<\/p>\n<p>Ap, Sp og R\u00f8dt landet etter forhandlinger en budsjettavtale sist l\u00f8rdag, etter at MDG hadde trukket seg fra forhandlingene tidligere samme dag. SV var ikke med p\u00e5 avtalen, og partiet tok til orde for videre forhandlinger. Etter helga har Ap-ledelsen v\u00e6rt i nye samtaler med de r\u00f8dgr\u00f8nne partiene.<\/p>\n<p>Tallene er de samme<\/p>\n<p>Brenna understreket p\u00e5 pressekonferansen at budsjettinnstillingen fra l\u00f8rdag ligger fast.<\/p>\n<p>\u2013 I tillegg har vi blitt enige med SV og MDG om forslag som ogs\u00e5 vil fremmes til finansdebatten p\u00e5 fredag, og som alle de fem r\u00f8dgr\u00f8nne partiene vil stille sitt flertall bak, sa hun i en pressemelding.<\/p>\n<p>P\u00e5 en pressekonferanse natt til onsdag understreket hun at noen tydelige stolper har ligget til grunn for Ap.<\/p>\n<p>\u2013 Vi skal ha en ansvarlig pengebruk, og det er uendret uttaksprosess fra oljefondet sammenlignet med regjeringens forslag. Det er fortsatt tilfelle i dag. Tallene i budsjettet for 2026 fra helgen er ikke endret, sa Brenna.<\/p>\n<p>SV tapte kampen om oljefondet<\/p>\n<p>\u2013 Vi har f\u00e5tt p\u00e5 plass viktige ting for Palestina. Regjeringen skal ta initiativ til et internasjonalt forbud mot import av bosettervarer. Dette er den spede starten p\u00e5 internasjonale sanksjoner mot Israel, sier SV-leder Kirsti Bergst\u00f8.<\/p>\n<p>Palestina var en av SVs kampsaker. Det var ogs\u00e5 partiets \u00f8nske om \u00e5 endre oljefondet. Den tapte partiet.<\/p>\n<p>\u2013 Vi gikk inn i forhandlingene med krav om at v\u00e5re sparepenger ikke skal v\u00e6re investert i folkemord og okkupasjon. Dessverre er motstanden mot dette total i Arbeiderpartiet. Motviljen er s\u00e5 gjennomf\u00f8rt at selv \u00f8rsm\u00e5 tiltak er helt umulige for dem. De gj\u00f8r heller opp sitt etiske budsjett med Sylvi Listhaug enn med det r\u00f8dgr\u00f8nne laget. Det er bare \u00e5 beklage, vi har snudd hver stein og kjempet hardt, men kampen om oljefondet tapte vi, sier Bergst\u00f8.<\/p>\n<p>Dobbelt s\u00e5 mye skog vernes<\/p>\n<p>P\u00e5 den annen side sier Bergst\u00f8 at partiet har f\u00e5tt gjennomslag for \u00f8kt milj\u00f8satsing. Dobbelt s\u00e5 mye skog skal bli vernet, regjeringen forpliktes til \u00e5 legge fram nye tiltak innen mai for \u00e5 kutte utslipp av klimagasser, og det skal utredes norgespris p\u00e5 solkraft, forteller partilederen.<\/p>\n<p>Hun trekker ogs\u00e5 fram styrking av kommune\u00f8konomi og velferd.<\/p>\n<p>\u2013 Vi bygger videre p\u00e5 de to store velferdsreformene SV har kjempet fram i forhandlinger med regjeringen: Gratis SFO og fortsettelsen p\u00e5 en tannhelsereform som skal gj\u00f8re at det ikke koster mer \u00e5 g\u00e5 til tannlegen enn til fastlegen, sier hun.<\/p>\n<p>MDG: Gr\u00f8nt parti ved forhandlingsbordet <\/p>\n<p>\u2013 For f\u00f8rste gang sitter et gr\u00f8nt parti ved forhandlingsbordet. Det merkes. Det blir billigere \u00e5 velge milj\u00f8vennlig og t\u00f8ffere tak i klima- og naturpolitikken. Oljeelefanten i rommet f\u00e5r ikke lenger st\u00e5 i fred. Dette statsbudsjettet vil prege Norge neste \u00e5r, men ogs\u00e5 i ti\u00e5rene framover, sier Ingrid Liland, finanspolitisk talsperson i MDG.<\/p>\n<p>Hun trekker fram blant annet fram norgeskortet.<\/p>\n<p>\u2013 Vi leverer n\u00e5 p\u00e5 v\u00e5rt viktigste valgl\u00f8fte: Et landsdekkende m\u00e5nedskort for hele Norge skal innf\u00f8res fra 2027. Et norgeskort! Allerede fra neste \u00e5r blir m\u00e5nedskortet 100 kroner billigere i fylker som \u00f8nsker det. Det er starten p\u00e5 en liten transportrevolusjon i hverdagen til folk flest, sier Liland.<\/p>\n<p>Oljekommisjon<\/p>\n<p>MDG melder ogs\u00e5 om gjennomslag for \u00e5 lage en strategi for norsk oljeindustri.<\/p>\n<p>\u2013 Vi starter n\u00e5 \u00e5 skrive det siste kapittelet i norsk oljehistorie og \u00e5pner derfor for alle de eventyrene som skal bygge Norge videre, sier Liland.<\/p>\n<p>En oljekommisjon skal if\u00f8lge MDG skrive denne strategien og best\u00e5 av partene i arbeidslivet, fagfolk og milj\u00f8bevegelsen \u2013 etter modell fra Tysklands kullutfasingskommisjon.<\/p>\n<p>I tillegg \u00f8kes CO2-avgiften p\u00e5 sokkelen, og den trappes videre opp i \u00e5rene som kommer, if\u00f8lge MDG, noe partiene mener vil gj\u00f8re at de mest forurensende og minst l\u00f8nnsomme feltene fases ut tidligere.<\/p>\n<p>MDG viser ogs\u00e5 til gjennomslag for politikk som nuller ut Senterpartiets bensinpriskutt, samt minstepris p\u00e5 str\u00f8m fra solceller.<\/p>\n<p>R\u00f8dt: N\u00e5 er ventetida endelig over<\/p>\n<p>\u2013 N\u00e5 er ventetida endelig over. Det er 100 prosent sikkert at R\u00f8dts viktige gjennomslag blir norsk virkelighet, sier partileder Marie Sneve Martinussen.<\/p>\n<p>\u2013 Det merkes at R\u00f8dt er med og lager statsbudsjett, for folk flest, framtida og for Norge, legger hun til.<\/p>\n<p>Hun viser blant annet til en forpliktelse til \u00e5 begynne gjennomf\u00f8ringen av en tannhelsereform.<\/p>\n<p>\u2013 R\u00f8dt har f\u00e5tt gjennomslag for \u00e5 \u00f8ke fribel\u00f8pet for uf\u00f8re, som gj\u00f8r at uf\u00f8re som jobber litt kan beholde mer av trygda si, til 1G, tilsvarende 130.000 kroner. Dette er et viktig steg i kampen mot Forskjells-Norge, sier partilederen.<\/p>\n<p>Sp: Ingen eksperimenter rundt oljen\u00e6ringen<\/p>\n<p>Budsjettenigheten inneb\u00e6rer at det ikke blir noen eksperimenter knyttet til oljefondet eller olje- og gassn\u00e6ringen, sl\u00e5r Sp-leder Trygve Slagsvold Vedum fast.<\/p>\n<p>\u2013 Disse er b\u00e6rebjelker i velferdsstaten som vi tar vare p\u00e5, sier han i en pressemelding.<\/p>\n<p>Budsjettet sikrer velferdstilbudet for hele landet, sl\u00e5r Vedum fast, og trekker fram distriktspolitiske satsinger, blant annet videref\u00f8ring av ordningen med sletting av studiel\u00e5n i distriktene. Han trekker ogs\u00e5 fram gratis ferger i en rekke \u00f8ysamfunn.<\/p>\n<p>Vedum sier ogs\u00e5 at avgifts\u00f8kningen p\u00e5 bensin og diesel er avlyst.<\/p>\n<p>St\u00f8re: B\u00e5de gledelig og viktig<\/p>\n<p>Statsminister Jonas Gahr St\u00f8re (Ap) takker de andre partilederne p\u00e5 r\u00f8dgr\u00f8nn side for \u00e5 ha f\u00e5tt til enighet om statsbudsjettet for neste \u00e5r.<\/p>\n<p>\u2013 Det har v\u00e6rt gode og konstruktive samtaler med SV og MDG de siste dagene, og vi har kommet fram til et budsjett og en enighet som sikrer trygghet for \u00f8konomien, for folk og for landet, sier St\u00f8re i en uttalelse sendt til NTB.<\/p>\n<p>Han trekker ogs\u00e5 fram grep som sikrer \u00f8kt innsats for klima og natur \u2013 og en omstillingskommisjon som skal sikre konkurransekraften i norsk n\u00e6ringsliv.<\/p>\n<p>\u2013 For Arbeiderpartiet har det v\u00e6rt avgj\u00f8rende \u00e5 lande denne enigheten innenfor trygge og ansvarlige \u00f8konomiske rammer, og p\u00e5 en m\u00e5te som sikrer forutsigbarhet for olje- og gassn\u00e6ringen og ansvarlig forvaltning av pensjonsfondet. Jeg er glad for at vi er blitt enige innenfor disse rammene, fortsetter St\u00f8re.<\/p>\n<p>(\u00a9NTB)<\/p>\n","protected":false},"excerpt":{"rendered":"De fem r\u00f8dgr\u00f8nne partiene kunne presentere flertallsenigheten om statsbudsjettet for 2026 p\u00e5 en pressekonferanse i Vandrehallen p\u00e5 Stortinget&hellip;\n","protected":false},"author":2,"featured_media":103073,"comment_status":"","ping_status":"","sticky":false,"template":"","format":"standard","meta":{"footnotes":""},"categories":[5],"tags":[36,20,21,24,25,15,19,22,23,17,18,13,30,28,29,14,16,41,8943,8907,1510,26,27],"class_list":{"0":"post-103072","1":"post","2":"type-post","3":"status-publish","4":"format-standard","5":"has-post-thumbnail","7":"category-overskrifter","8":"tag-art","9":"tag-breaking-news","10":"tag-breakingnews","11":"tag-featured-news","12":"tag-featurednews","13":"tag-headlines","14":"tag-hovedoppslag","15":"tag-latest-news","16":"tag-latestnews","17":"tag-main-news","18":"tag-mainnews","19":"tag-news","20":"tag-no","21":"tag-norge","22":"tag-norway","23":"tag-nyheter","24":"tag-overskrifter","25":"tag-politikk","26":"tag-statsbudsjett","27":"tag-statsbudsjettet-2026","28":"tag-story","29":"tag-top-stories","30":"tag-topstories"},"share_on_mastodon":{"url":"https:\/\/pubeurope.com\/@no\/115655305036762238","error":""},"_links":{"self":[{"href":"https:\/\/www.europesays.com\/no\/wp-json\/wp\/v2\/posts\/103072","targetHints":{"allow":["GET"]}}],"collection":[{"href":"https:\/\/www.europesays.com\/no\/wp-json\/wp\/v2\/posts"}],"about":[{"href":"https:\/\/www.europesays.com\/no\/wp-json\/wp\/v2\/types\/post"}],"author":[{"embeddable":true,"href":"https:\/\/www.europesays.com\/no\/wp-json\/wp\/v2\/users\/2"}],"replies":[{"embeddable":true,"href":"https:\/\/www.europesays.com\/no\/wp-json\/wp\/v2\/comments?post=103072"}],"version-history":[{"count":0,"href":"https:\/\/www.europesays.com\/no\/wp-json\/wp\/v2\/posts\/103072\/revisions"}],"wp:featuredmedia":[{"embeddable":true,"href":"https:\/\/www.europesays.com\/no\/wp-json\/wp\/v2\/media\/103073"}],"wp:attachment":[{"href":"https:\/\/www.europesays.com\/no\/wp-json\/wp\/v2\/media?parent=103072"}],"wp:term":[{"taxonomy":"category","embeddable":true,"href":"https:\/\/www.europesays.com\/no\/wp-json\/wp\/v2\/categories?post=103072"},{"taxonomy":"post_tag","embeddable":true,"href":"https:\/\/www.europesays.com\/no\/wp-json\/wp\/v2\/tags?post=103072"}],"curies":[{"name":"wp","href":"https:\/\/api.w.org\/{rel}","templated":true}]}}