{"id":103076,"date":"2025-12-03T11:09:09","date_gmt":"2025-12-03T11:09:09","guid":{"rendered":"https:\/\/www.europesays.com\/no\/103076\/"},"modified":"2025-12-03T11:09:09","modified_gmt":"2025-12-03T11:09:09","slug":"stranger-things-netflix-sa-mange-sa-premieren-pa-stranger-things","status":"publish","type":"post","link":"https:\/\/www.europesays.com\/no\/103076\/","title":{"rendered":"Stranger Things, Netflix | S\u00e5 mange s\u00e5 premieren p\u00e5 \u00abStranger Things\u00bb"},"content":{"rendered":"\n<p>Innledningen p\u00e5 den femte og alts\u00e5 siste sesongen er dermed den beste premiereuken noensinne for en engelskspr\u00e5klig Netflix-serie, melder <a href=\"https:\/\/deadline.com\/2025\/12\/stranger-things-5-premiere-viewership-netflix-1236633162\/\" rel=\"nofollow noopener\" target=\"_blank\">Deadline<\/a>.<\/p>\n<p>\u00abStranger Things\u00bb g\u00e5r dermed forbi \u00abWednesday\u00bb, som i premiereuken for sin f\u00f8rste sesong fikk 56 millioner visninger. <\/p>\n<p>Internasjonalt sl\u00e5r likevel \u00abStranger Things\u00bb ikke rekorden: Der topper fremdeles andre sesong av s\u00f8rkoreanske \u00abSquid Games\u00bb, som innehar rekorden for tidenes beste premiereuke p\u00e5 Netflix, med 68 millioner visninger. <\/p>\n<p>De fire f\u00f8rste episodene av \u00abStranger Things\u00bb ble sluppet 27. november, de neste tre episodene kommer 26. desember, og den \u00e5ttende og siste episoden kommer 1. januar 2026.<\/p>\n<p>(\u00a9NTB)<\/p>\n","protected":false},"excerpt":{"rendered":"Innledningen p\u00e5 den femte og alts\u00e5 siste sesongen er dermed den beste premiereuken noensinne for en engelskspr\u00e5klig Netflix-serie,&hellip;\n","protected":false},"author":2,"featured_media":98224,"comment_status":"","ping_status":"","sticky":false,"template":"","format":"standard","meta":{"footnotes":""},"categories":[12],"tags":[20,21,24,25,15,22,23,13,30,28,29,14,16,26,27,42,43,44,45],"class_list":{"0":"post-103076","1":"post","2":"type-post","3":"status-publish","4":"format-standard","5":"has-post-thumbnail","7":"category-verden","8":"tag-breaking-news","9":"tag-breakingnews","10":"tag-featured-news","11":"tag-featurednews","12":"tag-headlines","13":"tag-latest-news","14":"tag-latestnews","15":"tag-news","16":"tag-no","17":"tag-norge","18":"tag-norway","19":"tag-nyheter","20":"tag-overskrifter","21":"tag-top-stories","22":"tag-topstories","23":"tag-verden","24":"tag-world","25":"tag-world-news","26":"tag-worldnews"},"share_on_mastodon":{"url":"https:\/\/pubeurope.com\/@no\/115655328698251328","error":""},"_links":{"self":[{"href":"https:\/\/www.europesays.com\/no\/wp-json\/wp\/v2\/posts\/103076","targetHints":{"allow":["GET"]}}],"collection":[{"href":"https:\/\/www.europesays.com\/no\/wp-json\/wp\/v2\/posts"}],"about":[{"href":"https:\/\/www.europesays.com\/no\/wp-json\/wp\/v2\/types\/post"}],"author":[{"embeddable":true,"href":"https:\/\/www.europesays.com\/no\/wp-json\/wp\/v2\/users\/2"}],"replies":[{"embeddable":true,"href":"https:\/\/www.europesays.com\/no\/wp-json\/wp\/v2\/comments?post=103076"}],"version-history":[{"count":0,"href":"https:\/\/www.europesays.com\/no\/wp-json\/wp\/v2\/posts\/103076\/revisions"}],"wp:featuredmedia":[{"embeddable":true,"href":"https:\/\/www.europesays.com\/no\/wp-json\/wp\/v2\/media\/98224"}],"wp:attachment":[{"href":"https:\/\/www.europesays.com\/no\/wp-json\/wp\/v2\/media?parent=103076"}],"wp:term":[{"taxonomy":"category","embeddable":true,"href":"https:\/\/www.europesays.com\/no\/wp-json\/wp\/v2\/categories?post=103076"},{"taxonomy":"post_tag","embeddable":true,"href":"https:\/\/www.europesays.com\/no\/wp-json\/wp\/v2\/tags?post=103076"}],"curies":[{"name":"wp","href":"https:\/\/api.w.org\/{rel}","templated":true}]}}