{"id":103077,"date":"2025-12-03T11:10:07","date_gmt":"2025-12-03T11:10:07","guid":{"rendered":"https:\/\/www.europesays.com\/no\/103077\/"},"modified":"2025-12-03T11:10:07","modified_gmt":"2025-12-03T11:10:07","slug":"dette-er-de-enige-om-nrk-norge-oversikt-over-nyheter-fra-ulike-deler-av-landet","status":"publish","type":"post","link":"https:\/\/www.europesays.com\/no\/103077\/","title":{"rendered":"Dette er de enige om \u2013 NRK Norge \u2013 Oversikt over nyheter fra ulike deler av landet"},"content":{"rendered":"<p>I oktober la regjeringen frem sitt forslag til statsbudsjettet for 2026.<\/p>\n<p>De to siste ukene har v\u00e6rt preget av forhandlinger om budsjettet blant de fem r\u00f8dgr\u00f8nne partiene, Ap, SV, MDG, Sp og R\u00f8dt.<\/p>\n<p><strong>L\u00f8rdag valgte SV og MDG \u00e5 bryte med forhandlingene etter uenigheter med regjeringen. <\/strong><\/p>\n<p>Etter tre dager med samtaler, kom alle partiene til slutt til en enighet.<\/p>\n<p>I denne saken kan du lese om:<\/p>\n<p>Dette ble Ap, Sp og R\u00f8dt enige om l\u00f8rdag<\/p>\n<p>\u2013 Arbeiderpartiet har sammen med Senterpartiet og R\u00f8dt lagt fram en god budsjettavtale i kveld, sa statsminister Jonas Gahr St\u00f8re (Ap) <a href=\"https:\/\/www.nrk.no\/norge\/budsjettforhandlingane-held-fram-1.17672405\" ec-id=\"pp:article:1.17672405\" ec-name=\"l\u00f8rdag\" rel=\"nofollow noopener\" target=\"_blank\">l\u00f8rdag<\/a> kveld.<\/p>\n<p><strong>Innenfor velferd og tjenester ble de tre partiene enige om \u00e5: <\/strong><\/p>\n<ul>\n<li>Styrke kommune\u00f8konomien med 3 milliarder kroner i frie inntekter<\/li>\n<li>Styrke fylkes\u00f8konomien med 1,1 milliarder kroner for blant annet \u00e5 styrke kollektivtilbudet<\/li>\n<li>Utrede muligheten for et nasjonalt m\u00e5nedskort for kollektivtransport<\/li>\n<li>600 millioner kroner til toppet bemanning i barnehagen<\/li>\n<li>500 millioner kroner til styrking av sykehus\u00f8konomien<\/li>\n<li>Nei til gruvedrift p\u00e5 havbunnen for hele stortingsperioden.<\/li>\n<\/ul>\n<p><strong>I tillegg ble Ap, Sp og R\u00f8dt enige om \u00e5 ikke \u00f8ke bensin- og dieselavgiftene og stanse ny avgift p\u00e5 kunstgj\u00f8dsel.<\/strong>\n<\/p>\n<p><img decoding=\"async\"   src=\"data:image\/gif;base64,R0lGODlhAQABAIAAAAAAAP\/\/\/yH5BAEAAAAALAAAAAABAAEAAAIBRAA7\" loading=\"eager\" alt=\"\" title=\"Foto: Gorm Kallestad \/ NTB\"\/><\/p>\n<p class=\"\">Statsminister Jonas Gahr St\u00f8re- <\/p>\n<p>Foto: Gorm Kallestad \/ NTB<\/p>\n<p>Budsjettet inkluderer ogs\u00e5 midler til Gaza og internasjonalt arbeid. De tre partiene ble ogs\u00e5 enige om \u00e5:<\/p>\n<ul>\n<li><strong>Gi 1 milliard kroner til en hjelpepakke til Gaza<\/strong><\/li>\n<li><strong>Arbeide for israelsk medansvar for gjenoppbyggingen av Gaza<\/strong><\/li>\n<\/ul>\n<p>\u2013 Det er et budsjett som sikrer trygghet for folks \u00f8konomi, for v\u00e5re grunnleggende velferdstjenester og for landet i en urolig tid, sa St\u00f8re videre l\u00f8rdag kveld.<\/p>\n<p>Det ble ogs\u00e5 foresl\u00e5tt \u00e5 \u00f8ke bevilgningen i 2026 med 315,7 millioner til Helfo for \u00e5 \u00f8ke tannhelsesatsene med 10 prosent.<\/p>\n<p><strong>Hensikten er \u00e5 redusere egenbetalingen tilsvarende.<\/strong><\/p>\n<p>I tillegg ble det ogs\u00e5 foresl\u00e5tt at uf\u00f8re kan tjene opptil 130\u202f000 kroner (1G) ved siden av uf\u00f8retrygden.<\/p>\n<p>Dette ville MDG og SV ha med i budsjettet<\/p>\n<p>MDG mente at budsjettet inneholdt for lite om klima og omstilling til at partiet kunnen g\u00e5 god for det.<\/p>\n<p>Tirsdag sa MDG-leder Arild Hermstad at <a href=\"https:\/\/www.nrk.no\/norge\/mdg-gir-ingen-store-garanti-1.17675425\" ec-id=\"pp:article:1.17675425\" ec-name=\"partiet ikke kan v\u00e6re med p\u00e5 at utslippene blir h\u00f8yere, enn det de ellers hadde blitt.\" rel=\"nofollow noopener\" target=\"_blank\">partiet ikke kan v\u00e6re med p\u00e5 at utslippene blir h\u00f8yere, enn det de ellers hadde blitt.<\/a><\/p>\n<p><img decoding=\"async\"   src=\"data:image\/gif;base64,R0lGODlhAQABAIAAAAAAAP\/\/\/yH5BAEAAAAALAAAAAABAAEAAAIBRAA7\" loading=\"eager\" alt=\"En mann i dress st\u00e5r foran en fargerik bakgrunn.\" title=\"Foto: Jonas Been Henriksen \/ NTB\"\/><\/p>\n<p class=\"\">MDG-leder Arild Hermstad. <\/p>\n<p>Foto: Jonas Been Henriksen \/ NTB<\/p>\n<p><strong>Partiet krevde en tydelig plan for utfasing av oljen\u00e6ringen.<\/strong>\n<\/p>\n<p><img decoding=\"async\"   src=\"data:image\/gif;base64,R0lGODlhAQABAIAAAAAAAP\/\/\/yH5BAEAAAAALAAAAAABAAEAAAIBRAA7\" loading=\"eager\" alt=\"En kvinne med langt, b\u00f8lgete h\u00e5r st\u00e5r foran en bl\u00e5 bakgrunn. Hun har p\u00e5 seg en svart genser og ser mot kamera. Omgivelsene er uklare, men det er innend\u00f8rs. Lyset er mykt og jevnt.\" title=\"Foto: Shilan Sari \/ NRK\"\/><\/p>\n<p class=\"\">SV-leder Kirsti Bergst\u00f8. <\/p>\n<p>Foto: Shilan Sari \/ NRK<\/p>\n<p>Et kjernepunkt for SV var formuleringer om oljefondets investeringer i Israel.<\/p>\n<p><strong>SV-leder Kirsti Bergst\u00f8 <a href=\"https:\/\/www.nrk.no\/nyheter\/bergsto_-_-kampen-om-oljefondet-tapte-vi-1.17676880\" ec-id=\"pp:article:1.17676880\" ec-name=\"krevde budsjettet skulle inneholde at Norge m\u00e5 trekke oljefondet\" rel=\"nofollow noopener\" target=\"_blank\">krevde budsjettet skulle inneholde at Norge m\u00e5 trekke oljefondet<\/a> ut av israelske selskap som bidrar til folkemord og okkupasjon i Palestina. <\/strong><\/p>\n<p>\u2013 Vi gikk inn i forhandlingene med krav om at v\u00e5re sparepenger ikke skal v\u00e6re investert i folkemord og okkupasjon, sa Bergst\u00f8 onsdag.<\/p>\n<p>Disse punktene er lagt til i budsjettet etter enighet<\/p>\n<p>Etter at MDG og SV br\u00f8t budsjettforhandlingen p\u00e5 l\u00f8rdag, var<a href=\"https:\/\/www.nrk.no\/norge\/ap_-nekter-for-rodgront-kaos-1.17673850\" ec-id=\"pp:article:1.17673850\" ec-name=\"begge partiene \u00e5pne for videre dialog\" rel=\"nofollow noopener\" target=\"_blank\"> begge partiene \u00e5pne for videre dialog<\/a>.<\/p>\n<p><strong>Natt til <a href=\"https:\/\/www.nrk.no\/norge\/partitoppene-samlet-hos-brenna-_-samtalene-om-statsbudsjett-fortsetter-1.17676832\" ec-id=\"pp:article:1.17676832\" ec-name=\"onsdag kom de fem partiene til enighet.\" rel=\"nofollow noopener\" target=\"_blank\">onsdag kom de fem partiene til enighet.<\/a><\/strong><\/p>\n<p>\u2013 Jeg er veldig tilfreds med at grundig og respektfullt arbeid mellom fem partier, som er ingen enkel oppgave er ledet fram, sa St\u00f8re onsdag morgen.<\/p>\n<p><img decoding=\"async\"   src=\"data:image\/gif;base64,R0lGODlhAQABAIAAAAAAAP\/\/\/yH5BAEAAAAALAAAAAABAAEAAAIBRAA7\" loading=\"eager\" alt=\"Jonas Gahr St\u00f8re og Arild Hermstad\" title=\"Foto: Lars Nehru Sand \/ NRK\"\/><\/p>\n<p class=\"\">Statsminister Jonas Gahr St\u00f8re og MDG-leder Arild Hermstad onsdag morgen etter \u00e5 ha landet budsjettforhandlingene. <\/p>\n<p>Foto: Lars Nehru Sand \/ NRK<\/p>\n<p><strong>Siden helgen er det dermed lagt til \u00e5tte nye punkter for statsbudsjettet 2026. Disse er:<\/strong><\/p>\n<ul>\n<li>Opprettelsen av en omstillingskommisjon for Norge<\/li>\n<li>Prising av CO\u2082 p\u00e5 norsk sokkel ogs\u00e5 etter 2030<\/li>\n<li>Mer penger til b\u00e5de klimainvesteringsfondet og skogvern<\/li>\n<li>Lovfesting av gratis halvdagsplass p\u00e5 SFO fra 1.\u20133. trinn<\/li>\n<li>Nedtrapping av toppmomsgrense p\u00e5 elbil<\/li>\n<li>Garantipris p\u00e5 solkraft<\/li>\n<li>Noe ekstra tilskudd til humanit\u00e6re organisering og matsentralene<\/li>\n<\/ul>\n<p>Fakta om Omstillingskommisjonen<\/p>\n<p>Som en del av budsjettforliket har Ap, MDG, SV, Sp og R\u00f8dt vedtatt \u00e5 sette ned en kommisjon som skal vurdere ulike veier ut av oljealderen. Dette er kommisjonens mandat:<\/p>\n<p>Kilde: Kilde: Regjeringens mandat for omstillingskommisjonen, NTB<\/p>\n<p>I tillegg er partene enige om at regjeringen skal sikre at klimagassutslippene ikke skal \u00f8ke som f\u00f8lge av endringene i veibruksavgiften sammenlignet med budsjettforslaget som regjeringen la frem i oktober.<\/p>\n<p>Publisert<\/p>\n<p>03.12.2025, kl. 11.37<\/p>\n<p>Oppdatert<\/p>\n<p>03.12.2025, kl. 11.41<\/p>\n","protected":false},"excerpt":{"rendered":"I oktober la regjeringen frem sitt forslag til statsbudsjettet for 2026. De to siste ukene har v\u00e6rt preget&hellip;\n","protected":false},"author":2,"featured_media":103078,"comment_status":"","ping_status":"","sticky":false,"template":"","format":"standard","meta":{"footnotes":""},"categories":[10],"tags":[20,21,24,25,15,22,23,13,30,28,29,14,16,26,27],"class_list":{"0":"post-103077","1":"post","2":"type-post","3":"status-publish","4":"format-standard","5":"has-post-thumbnail","7":"category-norge","8":"tag-breaking-news","9":"tag-breakingnews","10":"tag-featured-news","11":"tag-featurednews","12":"tag-headlines","13":"tag-latest-news","14":"tag-latestnews","15":"tag-news","16":"tag-no","17":"tag-norge","18":"tag-norway","19":"tag-nyheter","20":"tag-overskrifter","21":"tag-top-stories","22":"tag-topstories"},"share_on_mastodon":{"url":"https:\/\/pubeurope.com\/@no\/115655332699321182","error":""},"_links":{"self":[{"href":"https:\/\/www.europesays.com\/no\/wp-json\/wp\/v2\/posts\/103077","targetHints":{"allow":["GET"]}}],"collection":[{"href":"https:\/\/www.europesays.com\/no\/wp-json\/wp\/v2\/posts"}],"about":[{"href":"https:\/\/www.europesays.com\/no\/wp-json\/wp\/v2\/types\/post"}],"author":[{"embeddable":true,"href":"https:\/\/www.europesays.com\/no\/wp-json\/wp\/v2\/users\/2"}],"replies":[{"embeddable":true,"href":"https:\/\/www.europesays.com\/no\/wp-json\/wp\/v2\/comments?post=103077"}],"version-history":[{"count":0,"href":"https:\/\/www.europesays.com\/no\/wp-json\/wp\/v2\/posts\/103077\/revisions"}],"wp:featuredmedia":[{"embeddable":true,"href":"https:\/\/www.europesays.com\/no\/wp-json\/wp\/v2\/media\/103078"}],"wp:attachment":[{"href":"https:\/\/www.europesays.com\/no\/wp-json\/wp\/v2\/media?parent=103077"}],"wp:term":[{"taxonomy":"category","embeddable":true,"href":"https:\/\/www.europesays.com\/no\/wp-json\/wp\/v2\/categories?post=103077"},{"taxonomy":"post_tag","embeddable":true,"href":"https:\/\/www.europesays.com\/no\/wp-json\/wp\/v2\/tags?post=103077"}],"curies":[{"name":"wp","href":"https:\/\/api.w.org\/{rel}","templated":true}]}}