{"id":103079,"date":"2025-12-03T11:11:09","date_gmt":"2025-12-03T11:11:09","guid":{"rendered":"https:\/\/www.europesays.com\/no\/103079\/"},"modified":"2025-12-03T11:11:09","modified_gmt":"2025-12-03T11:11:09","slug":"19-aring-pagrepet-i-voldsoppdrag-sakene-pagrepet-i-nederland","status":"publish","type":"post","link":"https:\/\/www.europesays.com\/no\/103079\/","title":{"rendered":"19-\u00e5ring p\u00e5grepet i voldsoppdrag-sakene \u2013 p\u00e5grepet i Nederland"},"content":{"rendered":"<p class=\"extendedContent hyperion-css-eyn926\" data-test-tag=\"lead-text\">Det f\u00f8rste tilfellet knyttes til skytingen utenfor en privat adresse i Sarpsborg 30. september. <\/p>\n<p><img decoding=\"async\" class=\"image-asset hyperion-css-u06ts1\" data-test-tag=\"image-asset\" src=\"https:\/\/www.europesays.com\/no\/wp-content\/uploads\/2025\/12\/412e795a-1b43-4eb7-9c76-dc31b420ec45\"  alt=\"Politietterforskere p\u00e5 \u00e5stedet etter at det ble skutt mot en bolig i Sarpsborg 30. september. \"  loading=\"eager\" fetchpriority=\"high\" style=\"aspect-ratio:2048 \/ 1366\"\/>Politietterforskere p\u00e5 \u00e5stedet etter at det ble skutt mot en bolig i Sarpsborg 30. september. Foto: Dan P. Neegaard \/ Aftenposten<\/p>\n<p>Publisert: 03.12.2025 11:02 |\u00a0Oppdatert: 03.12.2025 11:36<\/p>\n<p class=\"paywall hyperion-css-1j42uic\">En norsk mann p\u00e5 19 \u00e5r er p\u00e5grepet og fremstilles for varetektsfengsling onsdag. <\/p>\n<p class=\"paywall hyperion-css-1j42uic\">Mannen er siktet for to tilfeller av medvirkning til grov ulovlig befatning med skytev\u00e5pen, som ledd i aktivitetene til en organisert kriminell gruppe.<\/p>\n<p class=\"paywall hyperion-css-1j42uic\">Det f\u00f8rste tilfellet knyttes til skytingen <a data-test-tag=\"internal-link\" href=\"https:\/\/www.aftenposten.no\/norge\/i\/wgwlod\/barn-ned-i-12-aarsalderen-involvert-i-skyting-flere-oppdrag-skal-vaere-bestilt\" class=\"hyperion-css-1raymq9\" rel=\"nofollow noopener\" target=\"\" aria-label=\"utenfor en privat adresse i Sarpsborg tirsdag 30. september\">utenfor en privat adresse i Sarpsborg tirsdag 30. september<\/a>, hvor tre mindre\u00e5rige gutter ble p\u00e5grepet p\u00e5 stedet. <\/p>\n<p class=\"paywall hyperion-css-1j42uic\">Det andre tilfellet knyttes til et forhold som ble avverget av politiet og hvor det 1. oktober 2025, ble planlagt \u00e5 avfyre skudd mot en adresse, skriver politiet i en pressemelding. <\/p>\n<p class=\"paywall hyperion-css-1j42uic\">Politiet mistenker ogs\u00e5 at mannen har medvirket ved hendelsen hvor <a data-test-tag=\"internal-link\" href=\"https:\/\/www.aftenposten.no\/norge\/i\/LMyWjp\/to-mindreaarige-siktet-for-drapsforsoek-etter-skudd-mot-bolig-i-oslo\" class=\"hyperion-css-1raymq9\" rel=\"nofollow noopener\" target=\"\" aria-label=\"det ble avfyrt skudd mot en privat bolig\">det ble avfyrt skudd mot en privat bolig<\/a> p\u00e5 H\u00f8ybr\u00e5ten 6. november 2025, hvor to mindre\u00e5rige gutter ble p\u00e5grepet like ved \u00e5stedet.<\/p>\n<p class=\"paywall hyperion-css-1j42uic\">Politiet skriver at de vurderer det slik at siktede har hatt en sentral rolle i alle disse tre sakene ved \u00e5 sette ut disse oppdragene, samt \u00e5 rekruttere mindre\u00e5rige til \u00e5 utf\u00f8re handlingene.<\/p>\n<p class=\"paywall hyperion-css-1j42uic\">If\u00f8lge politiet har siktede over noe tid har oppholdt seg i Mexico, men han ble p\u00e5grepet i Nederland den 17. november p\u00e5 bakgrunn av en internasjonal etterlysning. <\/p>\n<p class=\"paywall hyperion-css-1j42uic\">Politiet arbeider n\u00e5 videre med etterforskning opp mot bakmenn i samtlige saker hvor de mener at kriminelle har benyttet mindre\u00e5rige til \u00e5 utf\u00f8re voldsoppdrag, opplyser de.<\/p>\n<p class=\"paywall hyperion-css-1j42uic\">Siktedes advokat Espen Wangberg opplyser overfor Aftenposten at hans klient nekter straffskyld.<\/p>\n<p class=\"paywall hyperion-css-1j42uic\">\u2013 Utover det har han ingen kommentar, sier advokaten. <\/p>\n","protected":false},"excerpt":{"rendered":"Det f\u00f8rste tilfellet knyttes til skytingen utenfor en privat adresse i Sarpsborg 30. september. Politietterforskere p\u00e5 \u00e5stedet etter&hellip;\n","protected":false},"author":2,"featured_media":103080,"comment_status":"","ping_status":"","sticky":false,"template":"","format":"standard","meta":{"footnotes":""},"categories":[5],"tags":[20,21,24,25,15,19,22,23,17,18,13,30,28,29,14,16,26,27],"class_list":{"0":"post-103079","1":"post","2":"type-post","3":"status-publish","4":"format-standard","5":"has-post-thumbnail","7":"category-overskrifter","8":"tag-breaking-news","9":"tag-breakingnews","10":"tag-featured-news","11":"tag-featurednews","12":"tag-headlines","13":"tag-hovedoppslag","14":"tag-latest-news","15":"tag-latestnews","16":"tag-main-news","17":"tag-mainnews","18":"tag-news","19":"tag-no","20":"tag-norge","21":"tag-norway","22":"tag-nyheter","23":"tag-overskrifter","24":"tag-top-stories","25":"tag-topstories"},"share_on_mastodon":{"url":"https:\/\/pubeurope.com\/@no\/115655336548961905","error":""},"_links":{"self":[{"href":"https:\/\/www.europesays.com\/no\/wp-json\/wp\/v2\/posts\/103079","targetHints":{"allow":["GET"]}}],"collection":[{"href":"https:\/\/www.europesays.com\/no\/wp-json\/wp\/v2\/posts"}],"about":[{"href":"https:\/\/www.europesays.com\/no\/wp-json\/wp\/v2\/types\/post"}],"author":[{"embeddable":true,"href":"https:\/\/www.europesays.com\/no\/wp-json\/wp\/v2\/users\/2"}],"replies":[{"embeddable":true,"href":"https:\/\/www.europesays.com\/no\/wp-json\/wp\/v2\/comments?post=103079"}],"version-history":[{"count":0,"href":"https:\/\/www.europesays.com\/no\/wp-json\/wp\/v2\/posts\/103079\/revisions"}],"wp:featuredmedia":[{"embeddable":true,"href":"https:\/\/www.europesays.com\/no\/wp-json\/wp\/v2\/media\/103080"}],"wp:attachment":[{"href":"https:\/\/www.europesays.com\/no\/wp-json\/wp\/v2\/media?parent=103079"}],"wp:term":[{"taxonomy":"category","embeddable":true,"href":"https:\/\/www.europesays.com\/no\/wp-json\/wp\/v2\/categories?post=103079"},{"taxonomy":"post_tag","embeddable":true,"href":"https:\/\/www.europesays.com\/no\/wp-json\/wp\/v2\/tags?post=103079"}],"curies":[{"name":"wp","href":"https:\/\/api.w.org\/{rel}","templated":true}]}}