{"id":103087,"date":"2025-12-03T11:18:09","date_gmt":"2025-12-03T11:18:09","guid":{"rendered":"https:\/\/www.europesays.com\/no\/103087\/"},"modified":"2025-12-03T11:18:09","modified_gmt":"2025-12-03T11:18:09","slug":"boligprisene-falt-02-prosent-i-november-e24","status":"publish","type":"post","link":"https:\/\/www.europesays.com\/no\/103087\/","title":{"rendered":"Boligprisene falt 0,2 prosent i november \u2013 E24"},"content":{"rendered":"<p class=\"fullWidthDesktop hyperion-css-71ztg2\" data-test-tag=\"lead-text\">Det var en nedgang i prisene p\u00e5 boliger i \u00e5rets nest siste m\u00e5ned. <\/p>\n<p><img decoding=\"async\" class=\"image-asset hyperion-css-u06ts1\" data-test-tag=\"image-asset\" src=\"https:\/\/www.europesays.com\/no\/wp-content\/uploads\/2025\/12\/a9f13418-861b-4b1d-8d40-67fc61295d05\"  alt=\"\"  loading=\"eager\" fetchpriority=\"high\" style=\"aspect-ratio:1900 \/ 1267\"\/> Foto: H\u00e5kon Mosvold Larsen \/ NTBPublisert: <\/p>\n<p>For mindre enn 40 minutter siden<\/p>\n<p>Oppdatert for mindre enn 20 minutter siden<\/p>\n<ul class=\"hyperion-css-pte5x0\">\n<li aria-label=\"link\" class=\"narrow-button hyperion-css-1sz7d3n\">Kopier lenke<\/li>\n<li aria-label=\"link\" class=\"wide-button hyperion-css-1sz7d3n\">Kopier lenke<\/li>\n<li aria-label=\"facebook\" class=\"narrow-button hyperion-css-1sz7d3n\">Del p\u00e5 Facebook<\/li>\n<li aria-label=\"facebook\" class=\"wide-button hyperion-css-1sz7d3n\">Del p\u00e5 Facebook<\/li>\n<li aria-label=\"email\" class=\"narrow-button hyperion-css-1sz7d3n\">Del med e-post<\/li>\n<li aria-label=\"email\" class=\"wide-button hyperion-css-1sz7d3n\">Del med e-post<\/li>\n<\/ul>\n<p class=\"hyperion-css-1lemvax\">Saken oppdateres. <\/p>\n<p class=\"hyperion-css-1lemvax\">Statistikk fra Eiendom Norge viser at boligprisene falt 0,2 prosent i november. Justert for sesongvariasjoner var det derimot oppgang p\u00e5 0,7 prosent.<\/p>\n<p class=\"hyperion-css-1lemvax\">\u2013 Den underliggende sterke trenden i boligprisene fortsetter, sier administrerende direkt\u00f8r i Eiendom Norge, Henning Lauridsen.<\/p>\n<p class=\"hyperion-css-1lemvax\">Det er normalt at boligprisene faller p\u00e5 h\u00f8sten og frem mot nytt\u00e5r, f\u00f8r de stiger igjen p\u00e5 ny\u00e5ret.<\/p>\n<p>Peker p\u00e5 rentekutt<\/p>\n<p class=\"hyperion-css-1lemvax\">Norges Bank satte ned renten b\u00e5de<a data-test-tag=\"internal-link\" href=\"https:\/\/e24.no\/norsk-oekonomi\/i\/Av1weA\/norges-bank-sjokkerer-med-rentekutt\" class=\"hyperion-css-1rezu2g\" rel=\"nofollow noopener\" target=\"\" aria-label=\"\u00a0i juni\u00a0\">\u00a0i juni\u00a0<\/a>og<a data-test-tag=\"internal-link\" href=\"https:\/\/e24.no\/i\/Vz0ELV\/norges-bank-kutter-renten\" class=\"hyperion-css-1rezu2g\" rel=\"nofollow noopener\" target=\"\" aria-label=\"\u00a0september\">\u00a0september<\/a>, til en styringsrente p\u00e5 4 prosent. Det er vanlig at boligprisene isolert sett stiger n\u00e5r renten settes ned. <\/p>\n<p class=\"hyperion-css-1lemvax\">\u2013 Trolig er det rentekuttet i september som er hovedgrunnen til den sterke trenden n\u00e5, i kombinasjon med at antall ferdigstilte nye boliger stadig synker i kj\u00f8lvannet av det historisk svake nyboligmarkedet de siste \u00e5rene, sier han.<\/p>\n<p class=\"hyperion-css-1lemvax\">Senior\u00f8konom i Handelsbanken, Karine Alsvik Nelson sier ogs\u00e5 l\u00f8nnsveksten bidrar. <\/p>\n<p class=\"hyperion-css-1lemvax\">\u2013 Rentekuttene vi har f\u00e5tt gir fortsatt drahjelp til boligmarkedet, og effekten vil vare en stund fremover. Samtidig har l\u00f8nnsveksten v\u00e6rt h\u00f8y, noe som har l\u00f8ftet husholdningenes kj\u00f8pekraft. N\u00e5r dette skjer parallelt med lav arbeidsledighet og sv\u00e6rt lav boligbygging, gir det st\u00f8tte til boligprisene, sier hun. <\/p>\n<p class=\"hyperion-css-1lemvax\">S\u00e5 langt i \u00e5r har boligprisene i Norge steget med 6,1 prosent.<\/p>\n<p class=\"hyperion-css-1lemvax\">Mandag kom Obos-prisene som viste en \u00f8kning p\u00e5 0,5 prosent i Oslo. <\/p>\n<p><a data-test-tag=\"teaser-small:link-internal\" href=\"https:\/\/e24.no\/karriere-og-ledelse\/i\/43janV\/273-eiendomsmeglere-tjente-over-to-millioner-i-2024\" class=\"imagePosition-top inline hyperion-css-6238vu\" rel=\"nofollow noopener\" target=\"\" aria-label=\"273 eiendomsmeglere tjente over to millioner i 2024 \"><\/p>\n<p>Les p\u00e5 E24+<\/p>\n<p>273 eiendomsmeglere tjente over to millioner i 2024 <\/p>\n<p><\/a>Her steg prisene mest<\/p>\n<p class=\"hyperion-css-1lemvax\">Det var boligprisene i Troms\u00f8 som steg mest av de store byene, med en oppgang p\u00e5 2,1 prosent<\/p>\n<p class=\"hyperion-css-1lemvax\">P\u00e5 motsatt side av skalaen finner vi Kristiansand der prisene falt 1,1 prosent. <\/p>\n<p class=\"hyperion-css-1lemvax\">I november ble det solgt 7.461 boliger i Norge, noe som er 2,8 prosent flere enn i november 2024.<\/p>\n<p class=\"hyperion-css-1lemvax\">S\u00e5 langt i \u00e5r er det solgt 104.848 boliger i Norge, noe er 9,8 prosent flere enn i samme periode i fjor.<\/p>\n","protected":false},"excerpt":{"rendered":"Det var en nedgang i prisene p\u00e5 boliger i \u00e5rets nest siste m\u00e5ned. Foto: H\u00e5kon Mosvold Larsen \/&hellip;\n","protected":false},"author":2,"featured_media":103088,"comment_status":"","ping_status":"","sticky":false,"template":"","format":"standard","meta":{"footnotes":""},"categories":[5],"tags":[20,21,24,25,15,19,22,23,17,18,13,30,28,29,14,16,26,27],"class_list":{"0":"post-103087","1":"post","2":"type-post","3":"status-publish","4":"format-standard","5":"has-post-thumbnail","7":"category-overskrifter","8":"tag-breaking-news","9":"tag-breakingnews","10":"tag-featured-news","11":"tag-featurednews","12":"tag-headlines","13":"tag-hovedoppslag","14":"tag-latest-news","15":"tag-latestnews","16":"tag-main-news","17":"tag-mainnews","18":"tag-news","19":"tag-no","20":"tag-norge","21":"tag-norway","22":"tag-nyheter","23":"tag-overskrifter","24":"tag-top-stories","25":"tag-topstories"},"share_on_mastodon":{"url":"https:\/\/pubeurope.com\/@no\/115655364443851073","error":""},"_links":{"self":[{"href":"https:\/\/www.europesays.com\/no\/wp-json\/wp\/v2\/posts\/103087","targetHints":{"allow":["GET"]}}],"collection":[{"href":"https:\/\/www.europesays.com\/no\/wp-json\/wp\/v2\/posts"}],"about":[{"href":"https:\/\/www.europesays.com\/no\/wp-json\/wp\/v2\/types\/post"}],"author":[{"embeddable":true,"href":"https:\/\/www.europesays.com\/no\/wp-json\/wp\/v2\/users\/2"}],"replies":[{"embeddable":true,"href":"https:\/\/www.europesays.com\/no\/wp-json\/wp\/v2\/comments?post=103087"}],"version-history":[{"count":0,"href":"https:\/\/www.europesays.com\/no\/wp-json\/wp\/v2\/posts\/103087\/revisions"}],"wp:featuredmedia":[{"embeddable":true,"href":"https:\/\/www.europesays.com\/no\/wp-json\/wp\/v2\/media\/103088"}],"wp:attachment":[{"href":"https:\/\/www.europesays.com\/no\/wp-json\/wp\/v2\/media?parent=103087"}],"wp:term":[{"taxonomy":"category","embeddable":true,"href":"https:\/\/www.europesays.com\/no\/wp-json\/wp\/v2\/categories?post=103087"},{"taxonomy":"post_tag","embeddable":true,"href":"https:\/\/www.europesays.com\/no\/wp-json\/wp\/v2\/tags?post=103087"}],"curies":[{"name":"wp","href":"https:\/\/api.w.org\/{rel}","templated":true}]}}