{"id":103092,"date":"2025-12-03T11:23:17","date_gmt":"2025-12-03T11:23:17","guid":{"rendered":"https:\/\/www.europesays.com\/no\/103092\/"},"modified":"2025-12-03T11:23:17","modified_gmt":"2025-12-03T11:23:17","slug":"hva-er-bakgrunnen-for-demonstrasjonene-i-bulgaria","status":"publish","type":"post","link":"https:\/\/www.europesays.com\/no\/103092\/","title":{"rendered":"Hva er bakgrunnen for demonstrasjonene i Bulgaria?"},"content":{"rendered":"<p>            <img loading=\"lazy\" decoding=\"async\" width=\"696\" height=\"393\" class=\"entry-thumb\" src=\"https:\/\/www.europesays.com\/no\/wp-content\/uploads\/2025\/12\/demo-i-sofia.jpg\"   alt=\"\" title=\"demo i sofia\"\/>Fra demonstrasjonene i Sofia.<\/p>\n<p>Demonstrasjonene i Bulgaria i desember 2025 er blant de st\u00f8rste i landets nyere historie, med titusenvis av deltakere i Sofia og andre byer som Plovdiv, Varna og Burgas. De startet i slutten av november og kulminerte 1. desember, med opptil 50.000\u2013100.000 demonstranter i Sofia alene. Plakater med paroler som \u00abGeneration Z is Coming\u00bb og \u00abYoung Bulgaria Without the Mafia\u00bb antyder at det handler om vestorientert urban ungdom og middelklasse. Hele opplegget lukter \u00abfargerevolusjon\u00bb lang vei.<\/p>\n<blockquote class=\"twitter-tweet\" data-width=\"550\" data-dnt=\"true\">\n<p lang=\"en\" dir=\"ltr\">Protesters and police clash in Bulgaria anti-graft demonstration.<\/p>\n<p>Tens of thousands of people took to the streets in Sofia and other major regional centres across Bulgaria in an anti-government protest, triggered by the draft budget for 2026 that protesters say is an attempt to\u2026 <a href=\"https:\/\/t.co\/TzMYccb3Pa\" rel=\"nofollow\">pic.twitter.com\/TzMYccb3Pa<\/a><\/p>\n<p>\u2014 AFP News Agency (@AFP) <a href=\"https:\/\/twitter.com\/AFP\/status\/1995718842601935011?ref_src=twsrc%5Etfw\" rel=\"nofollow noopener\" target=\"_blank\">December 2, 2025<\/a><\/p><\/blockquote>\n<p>Den direkte utl\u00f8sende \u00e5rsaken til demonstrajonene er det kontroversielle statsbudsjettet for 2026. Regjeringas forslag til statsbudsjett for 2026 er det f\u00f8rste som er utarbeidet i euro i forkant av Bulgarias overgang til eurosonen 1. januar 2026.<\/p>\n<p>Budsjettet inkluderer:<\/p>\n<ul class=\"wp-block-list\">\n<li>Skatte\u00f8kninger p\u00e5 private bedrifter: H\u00f8yere skatt p\u00e5 utbytte (dividender) og \u00f8kte sosiale avgifter, som rammer middelklassen og sm\u00e5bedrifter hardt.<\/li>\n<li>\u00d8kte l\u00f8nninger i offentlig sektor: Midlene skal finansiere l\u00f8nns\u00f8kninger for statsansatte, politi, l\u00e6rere og milit\u00e6re \u2013 over 558.000 personer \u2013 noe kritikere ser som et fors\u00f8k p\u00e5 \u00e5 styrke regjeringas grep om lojale institusjoner.<\/li>\n<\/ul>\n<p>Kritikere, inkludert opposisjonen og n\u00e6ringslivsorganisasjoner, mener dette vil koste \u00f8konomien milliarder i tapte investeringer, \u00f8ke skygge\u00f8konomien og forverre inflasjonen. Den europeiske kommisjonen og IMF har advart om at budsjettet bryter EU-regler for finansiell disiplin. Regjeringa lovte f\u00f8rst \u00e5 trekke budsjettet etter protester 26. november, men trakk seg senere, noe som f\u00f8rte til eskalering. 2. desember trakk de det endelig, og planlegger en revidert versjon, men demonstrantene krever mer.<\/p>\n<p>Koalisjonen <a href=\"https:\/\/en.wikipedia.org\/wiki\/We_Continue_the_Change_%E2%80%93_Democratic_Bulgaria\" rel=\"nofollow noopener\" target=\"_blank\">\u00abWe Continue the Change \u2013 Democratic Bulgaria\u00bb<\/a> (PP-DB) leder protester og har fremmet et mistillitsforslag mot regjeringa, som skal debatteres 6. desember. De varsler enda st\u00f8rre demonstrasjoner.<\/p>\n<p>Dette partiet ble grunnlagt h\u00f8sten 2021 av Harvard-utdannede Kiril Petkov og Assen Vassilev (tidligere midlertidig finans- og \u00f8konomiministre i 2021).<\/p>\n<p>Politisk profil<\/p>\n<ul class=\"wp-block-list\">\n<li>Sterkt pro-europeisk og pro-NATO.<\/li>\n<li>Hovedm\u00e5l: bekjempe korrupsjon, reformere rettsvesenet, fjerne oligarkinnflytelse.<\/li>\n<li>\u00d8konomisk liberal, for n\u00e6ringslivsvennlige reformer og lavere skatter p\u00e5 arbeid.<\/li>\n<li>Sterkt imot russisk innflytelse i Bulgaria.<\/li>\n<li>Viktigste valgbasis: unge, urbane, h\u00f8yt utdannede bulgarere i Sofia, Plovdiv, Varna og i utlandet.<\/li>\n<\/ul>\n<p>Kiril Petkov, tidligere statsminister i Bulgaria (2021\u20132022) har et sterkt positivt og proaktivt forhold til EU. Som en Harvard-utdannet \u00f8konom og entrepren\u00f8r er han en av Bulgarias mest fremtredende pro-EU-politikere, kjent for sin st\u00f8tte til EU-integrasjon og distansering fra russisk innflytelse. Hans politikk har bidratt til \u00e5 akselerere Bulgarias EU-reformer, inkludert overgangen til euroen 1. januar 2026.<\/p>\n<p>Petkov har posisjonert Bulgaria som en frontlinjestat mot russisk interferens i Balkan, i samarbeid med EU. Hans regjering st\u00f8ttet Ukraina med v\u00e5pen, ammunisjon og diesel via hemmelige kanaler i 2022, noe ukrainske utenriksminister Dmytro Kuleba kalte \u00abintegritet i handling\u00bb. Se hans offisielle X-konto (<a href=\"https:\/\/x.com\/KirilPetkov\" rel=\"nofollow\">@KirilPetkov<\/a>).<\/p>\n<p>Det klassemessige grunnlaget til denne opposisjonen er <a href=\"https:\/\/remonews.com\/bulgariaeng\/official-lets-continue-the-change-goes-to-the-polls-with-volt-and-european-middle-class-politics-bulgaria-nova-news\/\" rel=\"nofollow noopener\" target=\"_blank\">prim\u00e6rt urban middelklasse<\/a>, unge, h\u00f8yt utdannede og pro-europeiske velgere.<\/p>\n<p>Partiet trekker st\u00f8tte fra byer som Sofia, Plovdiv og Varna, der velgerne ofte er h\u00f8yt utdannede (f.eks. mastergrad fra Harvard-lignende institusjoner, som Petkov selv). Dette inkluderer IT-folk, \u00f8konomer, advokater og entrepren\u00f8rer som ser PP som et \u00abrent\u00bb alternativ til etablissementet. De er pro-business og st\u00f8tter EU-integrasjon, lavere korrupsjon og rettsreformer.<\/p>\n<p>Gen Z er unge urbane velgere (18\u201335 \u00e5r) som mobiliserer via sosiale medier. Pro-europeisk elite: Velgere med internasjonal orientering, inkludert bulgarere i utlandet, som prioriterer NATO, EU-midler og gr\u00f8nn \u00f8konomi. Dette er ofte middelklasse-profesjonelle som flyttet hjem etter studier i Vesten.<\/p>\n<p>De har liten eller ingen st\u00f8tte i arbeiderklassen eller p\u00e5 landsbygda.<\/p>\n<p>For EU-kommisjonen er opposisjonen en st\u00f8ttespiller og ei kraft for \u00e5 gj\u00f8re Bulgaria i enda st\u00f8rre grad til en frontlinjestat i forhold til krigen i Ukraina.<\/p>\n<p>        <script async src=\"https:\/\/platform.twitter.com\/widgets.js\" charset=\"utf-8\"><\/script><\/p>\n","protected":false},"excerpt":{"rendered":"Fra demonstrasjonene i Sofia. Demonstrasjonene i Bulgaria i desember 2025 er blant de st\u00f8rste i landets nyere historie,&hellip;\n","protected":false},"author":2,"featured_media":103093,"comment_status":"","ping_status":"","sticky":false,"template":"","format":"standard","meta":{"footnotes":""},"categories":[12],"tags":[20,21,24,25,15,22,23,13,30,28,29,14,16,26,27,42,43,44,45],"class_list":{"0":"post-103092","1":"post","2":"type-post","3":"status-publish","4":"format-standard","5":"has-post-thumbnail","7":"category-verden","8":"tag-breaking-news","9":"tag-breakingnews","10":"tag-featured-news","11":"tag-featurednews","12":"tag-headlines","13":"tag-latest-news","14":"tag-latestnews","15":"tag-news","16":"tag-no","17":"tag-norge","18":"tag-norway","19":"tag-nyheter","20":"tag-overskrifter","21":"tag-top-stories","22":"tag-topstories","23":"tag-verden","24":"tag-world","25":"tag-world-news","26":"tag-worldnews"},"share_on_mastodon":{"url":"https:\/\/pubeurope.com\/@no\/115655383904505241","error":""},"_links":{"self":[{"href":"https:\/\/www.europesays.com\/no\/wp-json\/wp\/v2\/posts\/103092","targetHints":{"allow":["GET"]}}],"collection":[{"href":"https:\/\/www.europesays.com\/no\/wp-json\/wp\/v2\/posts"}],"about":[{"href":"https:\/\/www.europesays.com\/no\/wp-json\/wp\/v2\/types\/post"}],"author":[{"embeddable":true,"href":"https:\/\/www.europesays.com\/no\/wp-json\/wp\/v2\/users\/2"}],"replies":[{"embeddable":true,"href":"https:\/\/www.europesays.com\/no\/wp-json\/wp\/v2\/comments?post=103092"}],"version-history":[{"count":0,"href":"https:\/\/www.europesays.com\/no\/wp-json\/wp\/v2\/posts\/103092\/revisions"}],"wp:featuredmedia":[{"embeddable":true,"href":"https:\/\/www.europesays.com\/no\/wp-json\/wp\/v2\/media\/103093"}],"wp:attachment":[{"href":"https:\/\/www.europesays.com\/no\/wp-json\/wp\/v2\/media?parent=103092"}],"wp:term":[{"taxonomy":"category","embeddable":true,"href":"https:\/\/www.europesays.com\/no\/wp-json\/wp\/v2\/categories?post=103092"},{"taxonomy":"post_tag","embeddable":true,"href":"https:\/\/www.europesays.com\/no\/wp-json\/wp\/v2\/tags?post=103092"}],"curies":[{"name":"wp","href":"https:\/\/api.w.org\/{rel}","templated":true}]}}