{"id":103094,"date":"2025-12-03T11:24:08","date_gmt":"2025-12-03T11:24:08","guid":{"rendered":"https:\/\/www.europesays.com\/no\/103094\/"},"modified":"2025-12-03T11:24:08","modified_gmt":"2025-12-03T11:24:08","slug":"skattelistene-2025-skatt-inntektstoppen-i-ha-jaerbladet","status":"publish","type":"post","link":"https:\/\/www.europesays.com\/no\/103094\/","title":{"rendered":"Skattelistene 2025, Skatt | Inntektstoppen i H\u00e5 &#8211; J\u00e6rbladet"},"content":{"rendered":"<ol>\n<li><a href=\"https:\/\/news.google.com\/rss\/articles\/CBMiZEFVX3lxTE10RWFadlU0QjlySlVGWDl5MVR5MzFlUGhQaFBOWnJTczRneHNieC1QY0xlejc5V01OR08xdmRDZ3hpM3UxNGNuVDVGWkg2Q3gwN1d5NXg2V0xRQm55WHMxVENNOVU?oc=5\" target=\"_blank\" rel=\"nofollow noopener\">Skattelistene 2025, Skatt | Inntektstoppen i H\u00e5<\/a>&nbsp;&nbsp;J\u00e6rbladet<\/li>\n<li><a href=\"https:\/\/news.google.com\/rss\/articles\/CBMiwgFBVV95cUxPMHhrMzIyZ1NocXBNWDJZRG41MDlCQTlTWVhEVldXbXVTQXJwY3pyVmczX1NIU24yelAxT05LREo4dll2TTRYUWpfaUdNcVZzWmd1dWtmUFctd0tfLXlqUTVHYzlCWlg1Rkg5emdrOFp4aWEyeUxZdlluWkNZdzRiVTBMWUtReTBYdzdFdGc1Z2t6alpNSDZCUnpKel9uX0k5U1RVdlVPamViNGt5dGtTT2ZYY0pLNmV0bVVaSHdJbDNIQQ?oc=5\" target=\"_blank\" rel=\"nofollow noopener\">Gustav Magnar Witz\u00f8e (32) er fremdeles Norges rikeste med en formue p\u00e5 29,9 milliarder<\/a>&nbsp;&nbsp;E24<\/li>\n<li><a href=\"https:\/\/news.google.com\/rss\/articles\/CBMie0FVX3lxTE5lUnFKMmN1WTZwMHhObU9WMTFWa1hLMEpEbTNGcUw3Tnl1X3huZlZ4UE5pU1c0dDV5N28za1MyRmVlaEVDV1hubDY0VW1QU3lIX3pkQmVJVHFLY2s2UFZuQzBOZnNjZElZRGFBRjhKNDdWeThVdFhCT1BZUQ?oc=5\" target=\"_blank\" rel=\"nofollow noopener\">Forbig\u00e5tt av \u00abukjent\u00bb arving<\/a>&nbsp;&nbsp;Dagbladet<\/li>\n<li><a href=\"https:\/\/news.google.com\/rss\/articles\/CBMikgFBVV95cUxQZHI1X1VQYXp1eXJEcFF2M1pzaDRxMmp1ZUdlTUhqczZDQXJRSVkxbEpmMnJadGNjbXpBdGwwc0ZOSVFxd0s1UEtTVWNxSlJDYzhfMldsRERQVDEyRmVNQ0czbzJrcklTUkNyY3JncHVMbkY2WUJWZUFvTnBVelpJekphcmt2RVZKaTMxYUVYMHZFUQ?oc=5\" target=\"_blank\" rel=\"nofollow noopener\">Skattelistene 2024: Hvem tjente mest der du bor?<\/a>&nbsp;&nbsp;Aftenposten<\/li>\n<li><a href=\"https:\/\/news.google.com\/rss\/articles\/CBMihgFBVV95cUxQWGZFYWVkclR5LXlNMnQ5Zk1vRDExUGZXSGd6TW16bWdLOXlkcDhGbVh5Ui1YSFlDTU82M2JnN0luYlhZZFVJQVZ2YmFfeFh1b3d4b1hJNDRvdVZxeUxlM0lEWm9oZ3FvRFhXR0NYSHMtQVU0TFo0cXNESUlKallqTmpnbGdTZw?oc=5\" target=\"_blank\" rel=\"nofollow noopener\">(+) Disse skattet mest i Aust-Agder<\/a>&nbsp;&nbsp;agderposten.no<\/li>\n<\/ol>\n","protected":false},"excerpt":{"rendered":"Skattelistene 2025, Skatt | Inntektstoppen i H\u00e5&nbsp;&nbsp;J\u00e6rbladet Gustav Magnar Witz\u00f8e (32) er fremdeles Norges rikeste med en formue&hellip;\n","protected":false},"author":2,"featured_media":7544,"comment_status":"","ping_status":"","sticky":false,"template":"","format":"standard","meta":{"footnotes":""},"categories":[10],"tags":[20,21,24,25,15,22,23,13,30,28,29,14,16,26,27],"class_list":{"0":"post-103094","1":"post","2":"type-post","3":"status-publish","4":"format-standard","5":"has-post-thumbnail","7":"category-norge","8":"tag-breaking-news","9":"tag-breakingnews","10":"tag-featured-news","11":"tag-featurednews","12":"tag-headlines","13":"tag-latest-news","14":"tag-latestnews","15":"tag-news","16":"tag-no","17":"tag-norge","18":"tag-norway","19":"tag-nyheter","20":"tag-overskrifter","21":"tag-top-stories","22":"tag-topstories"},"share_on_mastodon":{"url":"https:\/\/pubeurope.com\/@no\/115655387738726878","error":""},"_links":{"self":[{"href":"https:\/\/www.europesays.com\/no\/wp-json\/wp\/v2\/posts\/103094","targetHints":{"allow":["GET"]}}],"collection":[{"href":"https:\/\/www.europesays.com\/no\/wp-json\/wp\/v2\/posts"}],"about":[{"href":"https:\/\/www.europesays.com\/no\/wp-json\/wp\/v2\/types\/post"}],"author":[{"embeddable":true,"href":"https:\/\/www.europesays.com\/no\/wp-json\/wp\/v2\/users\/2"}],"replies":[{"embeddable":true,"href":"https:\/\/www.europesays.com\/no\/wp-json\/wp\/v2\/comments?post=103094"}],"version-history":[{"count":0,"href":"https:\/\/www.europesays.com\/no\/wp-json\/wp\/v2\/posts\/103094\/revisions"}],"wp:featuredmedia":[{"embeddable":true,"href":"https:\/\/www.europesays.com\/no\/wp-json\/wp\/v2\/media\/7544"}],"wp:attachment":[{"href":"https:\/\/www.europesays.com\/no\/wp-json\/wp\/v2\/media?parent=103094"}],"wp:term":[{"taxonomy":"category","embeddable":true,"href":"https:\/\/www.europesays.com\/no\/wp-json\/wp\/v2\/categories?post=103094"},{"taxonomy":"post_tag","embeddable":true,"href":"https:\/\/www.europesays.com\/no\/wp-json\/wp\/v2\/tags?post=103094"}],"curies":[{"name":"wp","href":"https:\/\/api.w.org\/{rel}","templated":true}]}}