{"id":103095,"date":"2025-12-03T11:25:10","date_gmt":"2025-12-03T11:25:10","guid":{"rendered":"https:\/\/www.europesays.com\/no\/103095\/"},"modified":"2025-12-03T11:25:10","modified_gmt":"2025-12-03T11:25:10","slug":"store-fikk-tutti-frutti-godteri-fra-hoyre","status":"publish","type":"post","link":"https:\/\/www.europesays.com\/no\/103095\/","title":{"rendered":"St\u00f8re fikk tutti-frutti-godteri fra H\u00f8yre"},"content":{"rendered":"\n<p class=\"_lead_o9xde_2 _lead_xtcu6_50 layout-component text-serif-m layout-normal text-serif-l layout-component layout-wide layout-padded _wide_17hqh_1 layout-padded\">Nikolai Astrup (H) overleverte en pose med tutti-frutti til statsminister Jonas Gahr St\u00f8re (Ap) &#8211; og fikk kjeft fra stortingspresidenten.  <\/p>\n<p> <img class=\"_image_qp4xg_65 layout-component layout-wide\" data-fullscreen- data-track-element-type=\"Article image fullscreen\" data-track-name=\"ImageFullscreen\" fetchpriority=\"high\" decoding=\"sync\" loading=\"eager\" height=\"181\" itemprop=\"image\"  src=\"https:\/\/www.europesays.com\/no\/wp-content\/uploads\/2025\/12\/78b926cde6fb7b2c1e358d51956bcb38.jpg\"  style=\"object-position:50% 50%;aspect-ratio:1.75;height:auto;object-fit:cover;width:100%\" width=\"102\"\/>  <\/p>\n<ul aria-hidden=\"true\" class=\"_images_1uft6_111\">\n<li><a class=\"_link_1uft6_116\" href=\"https:\/\/www.vg.no\/forfatter\/alf-bjarne-johnsen\" style=\"z-index:1\" title=\"Alf Bjarne Johnsen\" rel=\"nofollow noopener\" target=\"_blank\"><img alt=\"Bilde av Alf Bjarne Johnsen\" class=\"_image_1uft6_93\" fetchpriority=\"low\" loading=\"lazy\" decoding=\"async\" itemprop=\"image\"  src=\"https:\/\/www.europesays.com\/no\/wp-content\/uploads\/2025\/12\/1764761109_357_a8952b63-f4d3-424e-ab5c-93e67076c9b0\"  width=\"480\"\/><\/a><\/li>\n<\/ul>\n<p> Oppdatert onsdag 3. desember kl. 11:13     <\/p>\n<p class=\"_paragraph_o9xde_4 _paragraph_xtcu6_10 layout-component text-serif-m layout-normal text-serif-m layout-padded\">Astrup hadde stilt flere sp\u00f8rsm\u00e5l til St\u00f8re om nattens budsjettforlik i Stortingets spontansp\u00f8rretime onsdag formiddag. <\/p>\n<p class=\"_paragraph_o9xde_4 _paragraph_xtcu6_10 layout-component text-serif-m layout-normal text-serif-m layout-padded\">Astrup avsluttet replikkrunden med \u00e5 legge en godteripose p\u00e5 statsministerens talerstol. Den ble \u00f8yeblikelig beslaglagt av stortingspresidenten, Masud Gharahkhani (Ap). Han reiste seg fra presidentplassen, gikk ned og tok godteriposen, og gikk s\u00e5 tilbake: <\/p>\n<p class=\"_paragraph_o9xde_4 _paragraph_xtcu6_10 layout-component text-serif-m layout-normal text-serif-m layout-padded\">\u2013 Det der er ikke greit, sa han formandende til Astrup.<\/p>\n<p><img alt=\"Foto: Terje Pedersen \/ NTB\" class=\"_image_qp4xg_65 layout-component layout-normal\" data-fullscreen- data-track-element-type=\"Article image fullscreen\" data-track-name=\"ImageFullscreen\" decoding=\"async\" loading=\"lazy\" height=\"3161\" itemprop=\"image\"  src=\"https:\/\/www.europesays.com\/no\/wp-content\/uploads\/2025\/12\/fbef37b8-537f-49e7-8957-d69ff502412c\"  style=\"object-position:0% 0%\" width=\"4741\"\/>Foto: Terje Pedersen \/ NTBTolkes ulikt <\/p>\n<p class=\"_paragraph_o9xde_4 _paragraph_xtcu6_10 layout-component text-serif-m layout-normal text-serif-m layout-padded\">Nikolai Astrup hadde vist til ulike tolkninger av forliket, blant annet <a href=\"https:\/\/www.vg.no\/nyheter\/i\/Pdrk85\/trygve-slagsvold-vedum-mener-mdg-villeder-om-oljekommisjonen\" data-track-element-type=\"Link\" data-track-id=\"link:Pdrk85\" class=\"_link_o9xde_39\" rel=\"nofollow noopener\" target=\"_blank\">VG-intervjuet med Trygve Slagsvold Vedum<\/a> onsdag morgen. Vedum sa at MDG villeder om budsjettavtalen. <\/p>\n<p class=\"_paragraph_o9xde_4 _paragraph_xtcu6_10 layout-component text-serif-m layout-normal text-serif-m layout-padded\">\u2013  Er dette en utfasingsplan for oljen\u00e6ringen, eller er det ikke det? Man er \u00e5penbart uenige om hva dette betyr, sa Astrup. <\/p>\n<p class=\"_paragraph_o9xde_4 _paragraph_xtcu6_10 layout-component text-serif-m layout-normal text-serif-m layout-padded\">\u2013 Hvordan skal dette g\u00e5 resten av \u00e5ret? Man m\u00e5tte ha pressekonferanse klokken to om natten for \u00e5 sikre at ingen var uenige neste morgen, fortsatte han.<\/p>\n<p class=\"_paragraph_o9xde_4 _paragraph_xtcu6_10 layout-component text-serif-m layout-normal text-serif-m layout-padded\">\u2013  For noen av oss er klokken to om natten, morgenkvisten, sa St\u00f8re.<\/p>\n<p class=\"_paragraph_o9xde_4 _paragraph_xtcu6_10 layout-component text-serif-m layout-normal text-serif-m layout-padded\">Men han erkjente ogs\u00e5 at det er stor avstand mellom MDG og Ap i oljepolitikken:<\/p>\n<p class=\"_paragraph_o9xde_4 _paragraph_xtcu6_10 layout-component text-serif-m layout-normal text-serif-m layout-padded\"><strong class=\"_strong_o9xde_25\">\u2013 MDG har et annet syn p\u00e5  virkemiddelbruk og p\u00e5 leting. Det har vi m\u00e5ttet respektere. N\u00e5 skal vi f\u00e5 mer kunnskap for \u00e5 ta bedre beslutninger fremover, sa St\u00f8re.  <\/strong><\/p>\n<p>\u2013 Styrer mot isfjellet <\/p>\n<p class=\"_paragraph_o9xde_4 _paragraph_xtcu6_10 layout-component text-serif-m layout-normal text-serif-m layout-padded\">Ogs\u00e5 Frp angrep budsjettforliket i sp\u00f8rretimen onsdag. <\/p>\n<p class=\"_paragraph_o9xde_4 _paragraph_xtcu6_10 layout-component text-serif-m layout-normal text-serif-m layout-padded\">Budsjettforliket sender like mye penger ut av landet som det kommunene f\u00e5r, if\u00f8lge Frp-leder Sylvi Listhaug. <\/p>\n<p class=\"_paragraph_o9xde_4 _paragraph_xtcu6_10 layout-component text-serif-m layout-normal text-serif-m layout-padded\">\u2013 Hvorfor prioriterer  Ap alltid \u00e5 sende penger ut av landet mens syke og eldre ikke f\u00e5r mer penger, spurte Listhaug fra Stortingets talerstol onsdag. <\/p>\n<p class=\"_paragraph_o9xde_4 _paragraph_xtcu6_10 layout-component text-serif-m layout-normal text-serif-m layout-padded\">Hun la til at de r\u00f8dgr\u00f8nne partiene i budsjettforliket \u00abstyrer mot isfjellet\u00bb. <\/p>\n<p class=\"_paragraph_o9xde_4 _paragraph_xtcu6_10 layout-component text-serif-m layout-normal text-serif-m layout-padded\">Listhaug fikk f\u00f8rste sp\u00f8rsm\u00e5l til statsminister Jonas Gahr St\u00f8re (Ap) i Stortingets muntlige sp\u00f8rretime onsdag morgen. Hun gikk rett l\u00f8s p\u00e5 <a href=\"https:\/\/www.vg.no\/nyheter\/i\/k0W2pQ\/moetemaraton-i-budsjettdramaet-alle-partiene-maa-bidra\" data-track-element-type=\"Link\" data-track-id=\"link:k0W2pQ\" class=\"_link_o9xde_39\" rel=\"nofollow noopener\" target=\"_blank\">nattens budsjettavtale<\/a> som Ap n\u00e5 er enig med MDG, Sp, SV og R\u00f8dt om, etter stort drama og flere ekstrarunder.  <\/p>\n<p class=\"_paragraph_o9xde_4 _paragraph_xtcu6_10 layout-component text-serif-m layout-normal text-serif-m layout-padded\">\u2013 Gaza f\u00e5r dobbelt s\u00e5 mye penger i budsjettforliket som det norske sykehus f\u00e5r, sa Listhaug. <\/p>\n<p class=\"_paragraph_o9xde_4 _paragraph_xtcu6_10 layout-component text-serif-m layout-normal text-serif-m layout-padded\">St\u00f8re avviste kritikken. <\/p>\n<p class=\"_paragraph_o9xde_4 _paragraph_xtcu6_10 layout-component text-serif-m layout-normal text-serif-m layout-padded\">\u2013 Vi gir en prosent til utvikling. Det er en krone av hundre. Det gj\u00f8r Norge i opplyst egen interesse. Det styrker v\u00e5r sikkerhet. svarte St\u00f8re. <\/p>\n<p>Takket oljearbeiderne <\/p>\n<p class=\"_paragraph_o9xde_4 _paragraph_xtcu6_10 layout-component text-serif-m layout-normal text-serif-m layout-padded\">\u2013 Hva vil du si til de ansatte i oljeindustrien etter dette budsjettforliket, spurte Listhaug videre.<\/p>\n<p class=\"_paragraph_o9xde_4 _paragraph_xtcu6_10 layout-component text-serif-m layout-normal text-serif-m layout-padded\">Hun beskyldte Ap for \u00e5 gi stor innflytelse over norsk oljepolitikk til sm\u00e5 partier gjennom budsjettforliket.<\/p>\n<p class=\"_paragraph_o9xde_4 _paragraph_xtcu6_10 layout-component text-serif-m layout-normal text-serif-m layout-padded\">\u2013 Jeg vil si takk for den jobben dere gj\u00f8r, sa St\u00f8re.<\/p>\n<p class=\"_paragraph_o9xde_4 _paragraph_xtcu6_10 layout-component text-serif-m layout-normal text-serif-m layout-padded\">\u2013 For at dere skal v\u00e6re med oss i mange, mange \u00e5r i den omstillingen vil skal inn i. At fem partier st\u00e5r sammen om dette er en styrke for det norske demokratiet, sa St\u00f8re.<\/p>\n","protected":false},"excerpt":{"rendered":"Nikolai Astrup (H) overleverte en pose med tutti-frutti til statsminister Jonas Gahr St\u00f8re (Ap) &#8211; og fikk kjeft&hellip;\n","protected":false},"author":2,"featured_media":103096,"comment_status":"","ping_status":"","sticky":false,"template":"","format":"standard","meta":{"footnotes":""},"categories":[5],"tags":[20,21,24,25,15,19,22,23,17,18,13,30,28,281,29,14,16,26,27],"class_list":{"0":"post-103095","1":"post","2":"type-post","3":"status-publish","4":"format-standard","5":"has-post-thumbnail","7":"category-overskrifter","8":"tag-breaking-news","9":"tag-breakingnews","10":"tag-featured-news","11":"tag-featurednews","12":"tag-headlines","13":"tag-hovedoppslag","14":"tag-latest-news","15":"tag-latestnews","16":"tag-main-news","17":"tag-mainnews","18":"tag-news","19":"tag-no","20":"tag-norge","21":"tag-norsk-politikk","22":"tag-norway","23":"tag-nyheter","24":"tag-overskrifter","25":"tag-top-stories","26":"tag-topstories"},"share_on_mastodon":{"url":"https:\/\/pubeurope.com\/@no\/115655391983930777","error":""},"_links":{"self":[{"href":"https:\/\/www.europesays.com\/no\/wp-json\/wp\/v2\/posts\/103095","targetHints":{"allow":["GET"]}}],"collection":[{"href":"https:\/\/www.europesays.com\/no\/wp-json\/wp\/v2\/posts"}],"about":[{"href":"https:\/\/www.europesays.com\/no\/wp-json\/wp\/v2\/types\/post"}],"author":[{"embeddable":true,"href":"https:\/\/www.europesays.com\/no\/wp-json\/wp\/v2\/users\/2"}],"replies":[{"embeddable":true,"href":"https:\/\/www.europesays.com\/no\/wp-json\/wp\/v2\/comments?post=103095"}],"version-history":[{"count":0,"href":"https:\/\/www.europesays.com\/no\/wp-json\/wp\/v2\/posts\/103095\/revisions"}],"wp:featuredmedia":[{"embeddable":true,"href":"https:\/\/www.europesays.com\/no\/wp-json\/wp\/v2\/media\/103096"}],"wp:attachment":[{"href":"https:\/\/www.europesays.com\/no\/wp-json\/wp\/v2\/media?parent=103095"}],"wp:term":[{"taxonomy":"category","embeddable":true,"href":"https:\/\/www.europesays.com\/no\/wp-json\/wp\/v2\/categories?post=103095"},{"taxonomy":"post_tag","embeddable":true,"href":"https:\/\/www.europesays.com\/no\/wp-json\/wp\/v2\/tags?post=103095"}],"curies":[{"name":"wp","href":"https:\/\/api.w.org\/{rel}","templated":true}]}}