{"id":103097,"date":"2025-12-03T11:26:18","date_gmt":"2025-12-03T11:26:18","guid":{"rendered":"https:\/\/www.europesays.com\/no\/103097\/"},"modified":"2025-12-03T11:26:18","modified_gmt":"2025-12-03T11:26:18","slug":"dodball-podcast-dodball-226-spissens-kamp-mot-klokka","status":"publish","type":"post","link":"https:\/\/www.europesays.com\/no\/103097\/","title":{"rendered":"D\u00f8dball, Podcast | D\u00f8dball (226): Spissens kamp mot klokka"},"content":{"rendered":"\n<p>Helt siden han gikk ut med en skade 17. oktober har han rettet fokus mot cupfinalen 6. desember. N\u00e5 er det mye som tyder p\u00e5 at han rekker \u00e5 bli kampklar.<\/p>\n<p>Det er naturlig nok et sentralt tema i podcasten, men vi kommer ogs\u00e5 inn p\u00e5 flere andre temaer. Blant annet forteller Lehne Olsen historien om hvorfor han ble LSK-spiller. Det f\u00f8rste LSK-fr\u00f8et ble s\u00e5dd p\u00e5 en fest et halvt \u00e5r f\u00f8r han ble hentet fra Troms\u00f8 til \u00c5r\u00e5sen.<\/p>\n<p>Det er en overgang spissen ikke har angret p\u00e5 ett eneste sekund. Han h\u00e5per ogs\u00e5 \u00e5 forlenge tida i LSK utover den kontrakten som g\u00e5r ut etter neste sesong.<\/p>\n<p><b>Gjest: <\/b>Thomas Lehne Olsen.<\/p>\n<p><b>Programleder: <\/b>Morten Svesengen.<\/p>\n<p><b>H\u00d8R NY EPISODE AV D\u00d8DBALL (226) MED THOMAS LEHNE OLSEN HER:<\/b><\/p>\n<p>  <a href=\"https:\/\/www.rb.no\/5-43-2618751\" class=\"related-teaser has-image default-opinion-teaser article--c-eRUmMG article--c-eRUmMG-jKCPdD-design-default\" rel=\"nofollow noopener\" target=\"_blank\"><\/p>\n<p>    <img decoding=\"async\" loading=\"lazy\"  src=\"https:\/\/www.europesays.com\/no\/wp-content\/uploads\/2025\/12\/cueres_scp-mangler_navn_ytEAvfWrir8.jpg\" alt=\"\" class=\"brick-c-cFOWSL\" style=\"\"\/><\/p>\n<p>\n            Les ogs\u00e5<\/p>\n<p>              Mye mer enn en pokal i potten\n        <\/p>\n<p>  <\/a><\/p>\n<p>  <a href=\"https:\/\/www.rb.no\/5-43-2624431\" class=\"related-teaser has-image default-story-teaser article--c-eRUmMG article--c-eRUmMG-jKCPdD-design-default\" rel=\"nofollow noopener\" target=\"_blank\"><\/p>\n<p>    <img decoding=\"async\" loading=\"lazy\"  src=\"https:\/\/www.europesays.com\/no\/wp-content\/uploads\/2025\/12\/lsk-vebj%C3%B8rn-hoff-sak.jpg\" alt=\"\" class=\"brick-c-cFOWSL\" style=\"\"\/><\/p>\n<p>\n            Les ogs\u00e5<\/p>\n<p>              Teller ned til cupfinalen: \u2013 Vi har hatt Batman-maraton\n        <\/p>\n<p>  <\/a><\/p>\n<p>  <a href=\"https:\/\/www.rb.no\/5-43-2625317\" class=\"related-teaser has-image default-story-teaser article--c-eRUmMG article--c-eRUmMG-jKCPdD-design-default\" rel=\"nofollow noopener\" target=\"_blank\"><\/p>\n<p>    <img decoding=\"async\" loading=\"lazy\"  src=\"https:\/\/www.europesays.com\/no\/wp-content\/uploads\/2025\/12\/cupfest-2017.jpg\" alt=\"\" class=\"brick-c-cFOWSL\" style=\"\"\/><\/p>\n<p>\n            Les ogs\u00e5<\/p>\n<p>              Slik blir cupfesten\n        <\/p>\n<p>  <\/a><\/p>\n","protected":false},"excerpt":{"rendered":"Helt siden han gikk ut med en skade 17. oktober har han rettet fokus mot cupfinalen 6. desember.&hellip;\n","protected":false},"author":2,"featured_media":103098,"comment_status":"","ping_status":"","sticky":false,"template":"","format":"standard","meta":{"footnotes":""},"categories":[59],"tags":[36,3106,92,729,30,28,29,1293,83,82,1510,13022],"class_list":{"0":"post-103097","1":"post","2":"type-post","3":"status-publish","4":"format-standard","5":"has-post-thumbnail","7":"category-sport","8":"tag-art","9":"tag-dodball","10":"tag-fotball","11":"tag-lillestrom","12":"tag-no","13":"tag-norge","14":"tag-norway","15":"tag-podcast","16":"tag-sport","17":"tag-sports","18":"tag-story","19":"tag-thomas-lehne-olsen"},"share_on_mastodon":{"url":"https:\/\/pubeurope.com\/@no\/115655395747085520","error":""},"_links":{"self":[{"href":"https:\/\/www.europesays.com\/no\/wp-json\/wp\/v2\/posts\/103097","targetHints":{"allow":["GET"]}}],"collection":[{"href":"https:\/\/www.europesays.com\/no\/wp-json\/wp\/v2\/posts"}],"about":[{"href":"https:\/\/www.europesays.com\/no\/wp-json\/wp\/v2\/types\/post"}],"author":[{"embeddable":true,"href":"https:\/\/www.europesays.com\/no\/wp-json\/wp\/v2\/users\/2"}],"replies":[{"embeddable":true,"href":"https:\/\/www.europesays.com\/no\/wp-json\/wp\/v2\/comments?post=103097"}],"version-history":[{"count":0,"href":"https:\/\/www.europesays.com\/no\/wp-json\/wp\/v2\/posts\/103097\/revisions"}],"wp:featuredmedia":[{"embeddable":true,"href":"https:\/\/www.europesays.com\/no\/wp-json\/wp\/v2\/media\/103098"}],"wp:attachment":[{"href":"https:\/\/www.europesays.com\/no\/wp-json\/wp\/v2\/media?parent=103097"}],"wp:term":[{"taxonomy":"category","embeddable":true,"href":"https:\/\/www.europesays.com\/no\/wp-json\/wp\/v2\/categories?post=103097"},{"taxonomy":"post_tag","embeddable":true,"href":"https:\/\/www.europesays.com\/no\/wp-json\/wp\/v2\/tags?post=103097"}],"curies":[{"name":"wp","href":"https:\/\/api.w.org\/{rel}","templated":true}]}}