{"id":103101,"date":"2025-12-03T11:30:11","date_gmt":"2025-12-03T11:30:11","guid":{"rendered":"https:\/\/www.europesays.com\/no\/103101\/"},"modified":"2025-12-03T11:30:11","modified_gmt":"2025-12-03T11:30:11","slug":"nato-marco-rubio-rubio-dropper-nato-mote-europa-plassert-pa-barnebordet","status":"publish","type":"post","link":"https:\/\/www.europesays.com\/no\/103101\/","title":{"rendered":"Nato, Marco Rubio | Rubio dropper Nato-m\u00f8te: \u2013 Europa plassert p\u00e5 barnebordet"},"content":{"rendered":"\n<p>Ukraina-krigen, p\u00e5g\u00e5ende forhandlingssamtaler og europeisk sikkerhetspolitikk st\u00e5r h\u00f8yt p\u00e5 agendaen n\u00e5r Natos utenriksministre m\u00f8tes i Brussel p\u00e5 onsdag.<\/p>\n<p>Dette blir den f\u00f8rste reelle muligheten for Nato-landene \u00e5 diskutere konturene rundt USAs forslag til en fredsplan for Ukraina innad i alliansen.<\/p>\n<p>USAs mektige utenriksminister Marco Rubio glimrer imidlertid med sitt frav\u00e6r, noe som er sv\u00e6rt uvanlig. Rubio sender viseutenriksminister Christopher Landau som sin stedfortreder.<\/p>\n<p>\u2013 Det er uvanlig at den amerikanske utenriksministeren ikke er her. Men jeg vet at det er mye som skjer i Washington rundt dette n\u00e5 (Ukraina-samtaler red.anm.), sier utenriksminister Espen Barth Eide (Ap), som er i Brussel, til NRKs Nyhetsmorgen. <\/p>\n<p><b>Les ogs\u00e5: <a class=\"simple-relation related-teaser article--c-eRUmMG article--c-eRUmMG-fZoQSp-design-nettavisen article--c-eRUmMG-gwthdJ-cv\" href=\"https:\/\/www.nettavisen.no\/nato-sjefens-beskjed-sorg-for-at-vapen-fortsetter-a-stromme\/s\/5-95-2759810\" rel=\"nofollow noopener\" target=\"_blank\">Nato-sjefens beskjed: \u2013 S\u00f8rg for at v\u00e5pen fortsetter \u00e5 str\u00f8mme<\/a><\/b><\/p>\n<p>\u2013 Han har prioritert \u00e5 v\u00e6re tett p\u00e5 presidenten, og da kommer hans nestleder, statssekret\u00e6r Landau, s\u00e5 da er USA representert p\u00e5 h\u00f8yt politisk niv\u00e5, sier Eide. <\/p>\n<p>\u2013 Ikke lenger opptatt av Europa<\/p>\n<p>Arne B\u00e5rd Dalhaug er pensjonert generall\u00f8ytnant og tidligere sjef for Nato Defense College. Han mener det er sv\u00e6rt problematisk at Rubio dropper det viktige Nato-m\u00f8tet.<\/p>\n<p><b>\u2013 Jeg mener dette er nok et uttrykk for at man fra amerikansk side har sluttet \u00e5 v\u00e6re opptatt av krig og fred i Europa, sier Dalhaug til Nettavisen. <\/b><\/p>\n<p>\u2013 Er utenriksminister Espen Barth Eide klar over dette, Dalhaug?<\/p>\n<p>\u2013 Ja, selvf\u00f8lgelig. Men jeg skj\u00f8nner at han ikke kan bruke den spr\u00e5kdrakten jeg kan tillate meg, svarer han.<\/p>\n<p>\u2013 Det er vanskelig \u00e5 se for seg hva som skulle tilsi at noe i Washington er viktigere for en amerikansk utenriksminister enn \u00e5 m\u00f8te opp p\u00e5 et Nato-m\u00f8te, hvor USA er et b\u00e6rende medlem i alliansen i en tid med krig i Europa, sier Dalhaug.<\/p>\n<p>\u2013 Dette m\u00e5 forst\u00e5s som et fors\u00f8k p\u00e5 \u00e5 unndra seg ansvar n\u00e5r ting g\u00e5r s\u00e5 d\u00e5rlig som det gj\u00f8r med disse underlige fors\u00f8kene p\u00e5 \u00e5 skape fred mellom Russland og Ukraina, som ikke har f\u00f8rt til noe som helst, sier han.<\/p>\n<p>Dalhaug viser til de p\u00e5g\u00e5ende samtalene om USAs forslag til en fredsavtale for Ukraina. Delegasjoner fra Ukraina og USA hadde samtaler i Gen\u00e8ve i Sveits forrige uke.<\/p>\n<p><b>Les ogs\u00e5: <a class=\"simple-relation related-teaser article--c-eRUmMG article--c-eRUmMG-fZoQSp-design-nettavisen article--c-eRUmMG-gwthdJ-cv\" href=\"https:\/\/www.nettavisen.no\/et-angrep-pa-venezuela-kan-skje-parallelt-med-fredsprisen-i-oslo\/s\/5-95-2758572\" rel=\"nofollow noopener\" target=\"_blank\">\u2013 Et angrep p\u00e5 Venezuela kan skje parallelt med fredsprisen i Oslo<\/a><\/b><\/p>\n<p>Tirsdag hadde USAs omstridte spesialutsending Steve Witkoff og Donald Trumps svigers\u00f8nn, Jared Kushner, samtaler med Russlands president Vladimir Putin i Kreml. Ingenting tyder p\u00e5 at samtalene f\u00f8rte Ukraina noe som helst n\u00e6rmere en varig fred.<\/p>\n<p>   <img decoding=\"async\" width=\"1553\" height=\"946\" fetchpriority=\"low\"  loading=\"lazy\"  src=\"https:\/\/www.europesays.com\/no\/wp-content\/uploads\/2025\/12\/NTB_OYSQ8_ayyGU+%281%29.jpg\" alt=\"NATO Secretary General Jens Stoltenberg (Front) and NATO spoke person Oana Lungescu arrive for the NATO summit at the Ifema congress centre in Madrid, on June 29, 2022. (Photo by JAVIER SORIANO \/ AFP)\" class=\"brick-c-cFOWSL\" style=\"--brick-image-ratio: 1553 \/ 946;\"\/><\/p>\n<p>      FEIL SIGNAL:  Oana Lungescu, som var Nato-talsperson da Jens Stoltenberg var generalsekret\u00e6r, mener USA sender feil signaler ved at utenriksminister Marco Rubio uteblir fra Nato-m\u00f8tet.<br \/>\n      Foto: JAVIER SORIANO\n    <\/p>\n<p>  \u2013 Ikke skjedd siden 1999<\/p>\n<p>Tidligere Nato-talsperson Oana Lungescu, som var alliansens lengstsittende talsperson, mener frav\u00e6ret av utenriksminister Rubio sender feil signaler.<\/p>\n<p><b>\u2013 Frav\u00e6ret sender feil signal i en tid USA burde koordinere enda tettere med sine europeiske allierte, sier Oana Lungescu i en uttalelse, if\u00f8lge <a rel=\"Follow nofollow noopener\" href=\"https:\/\/www.politico.eu\/article\/nato-ukraine-peace-talks-kyiv-russia-war-moscow-law-mark-rutte\/\" target=\"_blank\">Politico<\/a>. <\/b><\/p>\n<p>Hun p\u00e5peker at sist gang en amerikansk utenriksminister uteble fra et utenriksministerm\u00f8te i Nato, var i 1999.<\/p>\n<p><b>Les ogs\u00e5: <a class=\"simple-relation related-teaser article--c-eRUmMG article--c-eRUmMG-fZoQSp-design-nettavisen article--c-eRUmMG-gwthdJ-cv\" href=\"https:\/\/www.nettavisen.no\/her-er-putins-pengemann-han-er-veldig-intelligent\/s\/5-95-2753043\" rel=\"nofollow noopener\" target=\"_blank\">Her er Putins pengemann: \u2013 Han er veldig intelligent<\/a><\/b><\/p>\n<p>Dalhaug sier europeerne er satt helt p\u00e5 sidelinjen av de p\u00e5g\u00e5ende Ukraina-prosessene.<\/p>\n<p><b>\u2013 Dette er et bilde av et USA hvor stormaktslogikken har dominert. Trump og Putin snakker over hodet p\u00e5 Europa, og vi f\u00e5r lov til \u00e5 kikke inn innimellom. Jeg har sagt det sp\u00f8kefullt f\u00f8r, at Europa er plassert ved det sikkerhetspolitiske barnebordet, sier han. <\/b><\/p>\n<p>\u2013 Alt g\u00e5r i retning av at USA oppfatter seg selv som en n\u00f8ytral part mellom Russland og Ukraina enn som en garantist for Europa og den atlantiske traktaten, sier Dalhaug. <\/p>\n","protected":false},"excerpt":{"rendered":"Ukraina-krigen, p\u00e5g\u00e5ende forhandlingssamtaler og europeisk sikkerhetspolitikk st\u00e5r h\u00f8yt p\u00e5 agendaen n\u00e5r Natos utenriksministre m\u00f8tes i Brussel p\u00e5 onsdag.&hellip;\n","protected":false},"author":2,"featured_media":103102,"comment_status":"","ping_status":"","sticky":false,"template":"","format":"standard","meta":{"footnotes":""},"categories":[12],"tags":[20,21,24,25,15,22,23,13,30,28,29,14,16,26,27,42,43,44,45],"class_list":{"0":"post-103101","1":"post","2":"type-post","3":"status-publish","4":"format-standard","5":"has-post-thumbnail","7":"category-verden","8":"tag-breaking-news","9":"tag-breakingnews","10":"tag-featured-news","11":"tag-featurednews","12":"tag-headlines","13":"tag-latest-news","14":"tag-latestnews","15":"tag-news","16":"tag-no","17":"tag-norge","18":"tag-norway","19":"tag-nyheter","20":"tag-overskrifter","21":"tag-top-stories","22":"tag-topstories","23":"tag-verden","24":"tag-world","25":"tag-world-news","26":"tag-worldnews"},"share_on_mastodon":{"url":"https:\/\/pubeurope.com\/@no\/115655411302131128","error":""},"_links":{"self":[{"href":"https:\/\/www.europesays.com\/no\/wp-json\/wp\/v2\/posts\/103101","targetHints":{"allow":["GET"]}}],"collection":[{"href":"https:\/\/www.europesays.com\/no\/wp-json\/wp\/v2\/posts"}],"about":[{"href":"https:\/\/www.europesays.com\/no\/wp-json\/wp\/v2\/types\/post"}],"author":[{"embeddable":true,"href":"https:\/\/www.europesays.com\/no\/wp-json\/wp\/v2\/users\/2"}],"replies":[{"embeddable":true,"href":"https:\/\/www.europesays.com\/no\/wp-json\/wp\/v2\/comments?post=103101"}],"version-history":[{"count":0,"href":"https:\/\/www.europesays.com\/no\/wp-json\/wp\/v2\/posts\/103101\/revisions"}],"wp:featuredmedia":[{"embeddable":true,"href":"https:\/\/www.europesays.com\/no\/wp-json\/wp\/v2\/media\/103102"}],"wp:attachment":[{"href":"https:\/\/www.europesays.com\/no\/wp-json\/wp\/v2\/media?parent=103101"}],"wp:term":[{"taxonomy":"category","embeddable":true,"href":"https:\/\/www.europesays.com\/no\/wp-json\/wp\/v2\/categories?post=103101"},{"taxonomy":"post_tag","embeddable":true,"href":"https:\/\/www.europesays.com\/no\/wp-json\/wp\/v2\/tags?post=103101"}],"curies":[{"name":"wp","href":"https:\/\/api.w.org\/{rel}","templated":true}]}}