{"id":103103,"date":"2025-12-03T11:34:24","date_gmt":"2025-12-03T11:34:24","guid":{"rendered":"https:\/\/www.europesays.com\/no\/103103\/"},"modified":"2025-12-03T11:34:24","modified_gmt":"2025-12-03T11:34:24","slug":"stromsgodset-sport-marerittsesongen-er-over-hele-byen-roper-pa-et-svar-drammens-tidende","status":"publish","type":"post","link":"https:\/\/www.europesays.com\/no\/103103\/","title":{"rendered":"Str\u00f8msgodset, Sport | Marerittsesongen er over: \u2013 \u00abHele\u00bb byen roper p\u00e5 et svar &#8211; Drammens Tidende"},"content":{"rendered":"<ol>\n<li><a href=\"https:\/\/news.google.com\/rss\/articles\/CBMijAFBVV95cUxPOVd4Qmliajg5S3pQblhIcVY3UXdKZjRnMjhsNEM1TlhKXzY0X0pnY2JJamVPWEN2TkJMSkRNTEMyUmZGY2ZmSUxaOEhCMnJoeXprQUY3MWw4am56Z2hYd1VMbHNneE1jWm8tMm5LNWU4YUNrZWh2WnVDVy1rMXB1ZFVIMkozc3oxa1JuZg?oc=5\" target=\"_blank\" rel=\"nofollow noopener\">Str\u00f8msgodset, Sport | Marerittsesongen er over: \u2013 \u00abHele\u00bb byen roper p\u00e5 et svar<\/a>&nbsp;&nbsp;Drammens Tidende<\/li>\n<li><a href=\"https:\/\/news.google.com\/rss\/articles\/CBMidEFVX3lxTE5FTktnLTR1M1NUUGN0VDJwRUs2UGlSbmg3TG5UMFFpQWZhSlppUEZfMDZuSm11VEJaYi16S0FCVDVNTHM2T1R3cmJkUXJPbEhoNFUwRG1BUE1hZ2ZUYXdTOTEycXlxd3IwSDZaMUVOQVVSTDBN?oc=5\" target=\"_blank\" rel=\"nofollow noopener\">Skatt, Skattelister 2025 | Millionfest i Godset: \u2013 L\u00f8nna m\u00e5 ned<\/a>&nbsp;&nbsp;Drammens Tidende<\/li>\n<li><a href=\"https:\/\/news.google.com\/rss\/articles\/CBMikwFBVV95cUxPQUdZNVJaLVhZS0NEZ2pTUWp0Rk1leXhSdkZXbW9paHd6amxFWkk0TXBud2UyQXpIcWtGWi1VRHkxeS1qRlNFYjRrS2xBSGphbWRURG8zLTBGTHgyYU4xdU0zRG1uc1hzdGlkZElkVWFGVEdSTHFPd1VvQ01EakxXcGVRUGRFdlRNeHFpeHlNT0l5MlU?oc=5\" target=\"_blank\" rel=\"nofollow noopener\">Str\u00f8msgodset mistet all \u00e6re i eliteserie-exiten<\/a>&nbsp;&nbsp;DRM24.no<\/li>\n<li><a href=\"https:\/\/news.google.com\/rss\/articles\/CBMiZEFVX3lxTE9uS1FxdVREVlp3RmJ2MjV0REZHS3Z3aVExR200YnBsY0FXdFRBMi01QnpLZkJIRnpjdFBVLS1YaDhtV3REcHJ2aHpkQnZ5THdfSkRSS2Z5eDBGVENkbU9jQU40LUE?oc=5\" target=\"_blank\" rel=\"nofollow noopener\">Bekm\u00f8rk sesongavslutning<\/a>&nbsp;&nbsp;Str\u00f8msgodset<\/li>\n<li><a href=\"https:\/\/news.google.com\/rss\/articles\/CBMihgFBVV95cUxQY3dUZmJnMG1obTY1Y0FYX0NfRFB2MDdzYzVxdEpxekk2QjdEalBEQlQtQzdvSF91QTljb0JqZ3FhS1hYT2ZrcDZjNVJZSDdTZXNtVEhHREtKRDJjNXRTeGRMSno1cUtPV0NPeGpvN0ExOWNHNVViU0hKMnZTMGI0c0hXLTNSUQ?oc=5\" target=\"_blank\" rel=\"nofollow noopener\">Str\u00f8msgodset, Debatt | D\u00e5rlig lederskap og paniske valg p\u00e5 Marienlyst<\/a>&nbsp;&nbsp;Drammens Tidende<\/li>\n<\/ol>\n","protected":false},"excerpt":{"rendered":"Str\u00f8msgodset, Sport | Marerittsesongen er over: \u2013 \u00abHele\u00bb byen roper p\u00e5 et svar&nbsp;&nbsp;Drammens Tidende Skatt, Skattelister 2025 |&hellip;\n","protected":false},"author":2,"featured_media":103104,"comment_status":"","ping_status":"","sticky":false,"template":"","format":"standard","meta":{"footnotes":""},"categories":[59],"tags":[36,92,30,28,29,1270,83,82,1510,3325],"class_list":{"0":"post-103103","1":"post","2":"type-post","3":"status-publish","4":"format-standard","5":"has-post-thumbnail","7":"category-sport","8":"tag-art","9":"tag-fotball","10":"tag-no","11":"tag-norge","12":"tag-norway","13":"tag-podkast","14":"tag-sport","15":"tag-sports","16":"tag-story","17":"tag-stromsgodset"},"share_on_mastodon":{"url":"https:\/\/pubeurope.com\/@no\/115655426911261055","error":""},"_links":{"self":[{"href":"https:\/\/www.europesays.com\/no\/wp-json\/wp\/v2\/posts\/103103","targetHints":{"allow":["GET"]}}],"collection":[{"href":"https:\/\/www.europesays.com\/no\/wp-json\/wp\/v2\/posts"}],"about":[{"href":"https:\/\/www.europesays.com\/no\/wp-json\/wp\/v2\/types\/post"}],"author":[{"embeddable":true,"href":"https:\/\/www.europesays.com\/no\/wp-json\/wp\/v2\/users\/2"}],"replies":[{"embeddable":true,"href":"https:\/\/www.europesays.com\/no\/wp-json\/wp\/v2\/comments?post=103103"}],"version-history":[{"count":0,"href":"https:\/\/www.europesays.com\/no\/wp-json\/wp\/v2\/posts\/103103\/revisions"}],"wp:featuredmedia":[{"embeddable":true,"href":"https:\/\/www.europesays.com\/no\/wp-json\/wp\/v2\/media\/103104"}],"wp:attachment":[{"href":"https:\/\/www.europesays.com\/no\/wp-json\/wp\/v2\/media?parent=103103"}],"wp:term":[{"taxonomy":"category","embeddable":true,"href":"https:\/\/www.europesays.com\/no\/wp-json\/wp\/v2\/categories?post=103103"},{"taxonomy":"post_tag","embeddable":true,"href":"https:\/\/www.europesays.com\/no\/wp-json\/wp\/v2\/tags?post=103103"}],"curies":[{"name":"wp","href":"https:\/\/api.w.org\/{rel}","templated":true}]}}