{"id":103105,"date":"2025-12-03T11:38:58","date_gmt":"2025-12-03T11:38:58","guid":{"rendered":"https:\/\/www.europesays.com\/no\/103105\/"},"modified":"2025-12-03T11:38:58","modified_gmt":"2025-12-03T11:38:58","slug":"kongehuset-bekrefter","status":"publish","type":"post","link":"https:\/\/www.europesays.com\/no\/103105\/","title":{"rendered":"Kongehuset bekrefter"},"content":{"rendered":"<p class=\"kicker \" style=\"\">Kong Frederik og dronning Mary<\/p>\n<p>  Kronprins Christian m\u00e5 steppe inn.\u00a0<\/p>\n<p>\n    PRIVAT REISE: Det danske kongeparet har reist ut av landet. Foto: Hanne Juul\n  <\/p>\n<p>Kronprins Christian (20) overtar som regent mens foreldrene tar seg en liten pause fra kongelige plikter.\u00a0<\/p>\n<p>    <a itemprop=\"url\" href=\"https:\/\/www.seher.no\/kongelig\/avsloring-flyttet-fra-skaugumbor-i-luksusbolig-i-ambassadestrok\/83892431\" rel=\"nofollow noopener\" target=\"_blank\"><\/p>\n<p>      <img loading=\"lazy\" decoding=\"async\" src=\"https:\/\/www.europesays.com\/no\/wp-content\/uploads\/2025\/12\/1764761934_999_83892975.webp\" width=\"147\" height=\"98\" title=\"Avsl\u00f8ring: Flyttet fra Skaugum\" alt=\"\" class=\"lazyload\" style=\"--aspect-ratio-image: 1.50; \"\/><\/p>\n<p>        Avsl\u00f8ring: Flyttet fra Skaugum<\/p>\n<p>    <\/a><\/p>\n<p class=\"font-weight-bold m-font-weight-bold\" data-lab-font_weight=\"font-weight-bold\">Kong Frederik (57) og dronning Mary (53) har nemlig reist ut av landet p\u00e5 en privat reise sammen. Det bekrefter det danske kongehuset overfor <a href=\"https:\/\/www.billedbladet.dk\/kongelige\/danmark\/kongehuset-bekraefter-kong-frederik-og-dronning-mary-paa-privat-rejse\" rel=\"nofollow noopener\" target=\"_blank\">Billed-Bladet.\u00a0<\/a><\/p>\n<p>Ferieturen er derimot av det kortvarige slaget da det danske kongeparet bare er ute av landet mandag og tirsdag.<\/p>\n<p>        UTVIST: Den britiske kongefamilien sendte et tydelig signal med kunngj\u00f8ringen om at prins Andrew blir fratatt sine kongelige titler. Beskjeden kom etter avd\u00f8de Virginia Robert Guiffres memoarer ble utgitt, et av de mest sentrale ofrene i Jeffrey Epstein-saken. I boken beskrev hun de gjentatte overgrepene hun hevdet den tidligere prinsen uttsatt henne for, da hun var 17 \u00e5r. Reporter: Sanne Holt\/ R\u00f8d L\u00f8per. Video: NTB\/ AFP\/ YouTube\/ @BBCNews\/ @Netflix\/ @60MinutesAustralia<\/p>\n<p>Hemmelig destinasjon\u00a0\t<\/p>\n<p>Den private reisen kommer rett etter at den danske kongefamilien tilbrakte helgen med \u00e5 pynte juletreet hjemme i Riddersalen p\u00e5 Amalienborg.\u00a0<\/p>\n<p>    <a itemprop=\"url\" href=\"https:\/\/www.seher.no\/kongelig\/ny-utvikling-etter-utroskandalen\/83897602\" rel=\"nofollow noopener\" target=\"_blank\"><\/p>\n<p>      <img loading=\"lazy\" decoding=\"async\" src=\"https:\/\/www.europesays.com\/no\/wp-content\/uploads\/2025\/12\/1764761935_359_80494063.webp\" width=\"147\" height=\"98\" title=\"Ny utvikling etter \u00abutroskandalen\u00bb\" alt=\"\" class=\"lazyload\" style=\"--aspect-ratio-image: 1.50; \"\/><\/p>\n<p>        Ny utvikling etter \u00abutroskandalen\u00bb<\/p>\n<p>    <\/a><\/p>\n<p>Det danske kongehuset delte mandag en video som viser kong Frederik og dronning Mary sammen med barna mens de pynter det store juletreet.<\/p>\n<p>Videoen viser flere s\u00f8te \u00f8yeblikk fra helgen. Blant annet kan man se spesielle julekuler som pryder juletreet. Fire av julekulene er pyntet med barnas navn &#8211; Christian p\u00e5 en bl\u00e5 julekule, Vincent p\u00e5 en gr\u00f8nn, mens Isabella og Josephines navn st\u00e5r skrevet p\u00e5 r\u00f8de julekuler.<\/p>\n<p>Det er derimot en annen julepynt som fanger oppmerksomheten. I videoen kan man se en gullfarget og en r\u00f8d julepynt formet som hjerter, prydet med kongeparets navn &#8211; Mary og Frederik.<\/p>\n<p>        LUKSUS: Marius Borg H\u00f8iby skal n\u00e5 disponere en leilighet p\u00e5 beste Oslo vestkant. Men hvem tar regningen? Foto: Andreas Fadum \/ Tor Lindseth \/ @princerehan27 \/ Instagram \/ NTB \/\/ Reporter: Caroline Vagle \/\/ Klipp: Elise Violeta Ness Aksnes<\/p>\n<p>Hvor \u00e5rets f\u00f8rste juleferie g\u00e5r, holdes hemmelig. Det er en praksis som skiller seg fra tidligere tider under dronning Margrethe (85), som tradisjonelt reiste til London i desember for \u00e5 handle julegaver til familien.<\/p>\n<p>          <img loading=\"lazy\" decoding=\"async\" src=\"https:\/\/www.europesays.com\/no\/wp-content\/uploads\/2025\/12\/83923350.webp\" width=\"686\" height=\"542\" title=\"FIREBARNSFORELDRE: Kong Frederik og dronning Mary sammen med barna. Fra venstre prinsesse Isabella (18), prins Vincent (14), kronprins Christian og prinsesse Josephine (14). Foto: Ritzau Scanpix \/ NTB\" alt=\"\" class=\"\" style=\"--aspect-ratio-image: 1.27; \"\/><\/p>\n<p>\n          FIREBARNSFORELDRE: Kong Frederik og dronning Mary sammen med barna. Fra venstre prinsesse Isabella (18), prins Vincent (14), kronprins Christian og prinsesse Josephine (14). Foto: Ritzau Scanpix \/ NTB\n      <\/p>\n<p>Kongehuskommentator Jakob Steen Olsen i Berlingske har tidligere forklart at Mary og Frederik verner mer om privatlivet sitt enn dronning Margrethe gjorde da hun regjerte.\u00a0<\/p>\n<p class=\"font-weight-bold m-font-weight-bold\" data-lab-font_weight=\"font-weight-bold\">&#8211; N\u00e5r man sammenligner med dronning Margrethe, hadde man en annen f\u00f8lelse av plikt til \u00e5 fortelle danskene hvor regenten befant seg. Det nye kongeparet derimot verner om feriene sine, der pressen ikke f\u00e5r adgang &#8211; og det st\u00e5r de fast p\u00e5, sa Steen Olsen nylig til <a href=\"https:\/\/ekstrabladet.dk\/underholdning\/kongelige\/danskekongelige\/engell-om-feriekongen-frederik-skal-passe-paa\/10985307\" rel=\"nofollow noopener\" target=\"_blank\">Ekstra Bladet.\u00a0<\/a><\/p>\n<p>        KLINTE TIL: Artist Adrian Sellevoll kliner til i f\u00f8rste episode av \u00abRampenissen\u00bb, og r\u00f8per at han ble singel rett etter innspillingen. Reporter: Sanne Holt. Video: TV 2\/ \u00abRampenissen\u00bb\/ Sanne Holt\/ Vicotoria L\u00f8vik\/ R\u00f8d L\u00f8per<\/p>\n<p>Varslet pauser i kongelig bok\t<\/p>\n<p>At kong Frederik prioriterer pauser fra hverdagen, er ingen overraskelse. Allerede i boken \u00abKongeord\u00bb, som kom ut ved tronskiftet i januar i fjor, varslet han at han kom til \u00e5 trenge regelmessige \u00abtimeouts\u00bb.<\/p>\n<p class=\"font-weight-bold m-font-weight-bold\" data-lab-font_weight=\"font-weight-bold\">\u00abDet er viktig med timeouts, fordi vi sannsynligvis f\u00e5r enda mer \u00e5 gj\u00f8re\u00bb, het det i boken om hans m\u00e5te \u00e5 passe p\u00e5 seg selv mens han regjerer Danmark, if\u00f8lge danske Se og H\u00f8r.<\/p>\n<p>          <img loading=\"lazy\" decoding=\"async\" src=\"https:\/\/www.europesays.com\/no\/wp-content\/uploads\/2025\/12\/83923484.webp\" width=\"686\" height=\"501\" title=\"REISEGLAD FAMILIE: I 2023 feiret familien jul i tasmanske Hobart. Den gang delte de dette bildet med det danske folk p\u00e5 Instagram. Foto: Det danske kongehus\" alt=\"\" class=\"\" style=\"--aspect-ratio-image: 1.37; \"\/><\/p>\n<p>\n          REISEGLAD FAMILIE: I 2023 feiret familien jul i tasmanske Hobart. Den gang delte de dette bildet med det danske folk p\u00e5 Instagram. Foto: Det danske kongehus\n      <\/p>\n<p>I boken understreket han ogs\u00e5 hvor viktig det er at familien veksler mellom jobb og fritid. Og det l\u00f8ftet har han definitivt holdt.\u00a0<\/p>\n<p>I oktober meldte Ekstra Bladet at kong Frederik hadde hatt 47 feriedager i utlandet hittil i \u00e5r, fordelt p\u00e5 ni ulike reiser. Det tilsvarer nesten syv ukers ferie.\u00a0\u00a0<\/p>\n<p>        HYLLET KONG HARALD: Trygve Bennetsen avsl\u00f8rer at han snakket med venninnen Ingrid Alexandra f\u00f8r l\u00f8rdagens \u00abSkal vi danse\u00bb, hvor han hyllet hennes bestefar, kong Harald. Men influenseren r\u00f8per ogs\u00e5 at han fikk kjeft av produksjonen f\u00f8r sendingen. Reporter: Thea Hope. Video: Nora Skavhaug\/ Sanne Holt\/ \u00abSkal vi danse\u00bb\/ TV 2\/ R\u00f8d L\u00f8per<\/p>\n<p>Ekspert advarer\t<\/p>\n<p>Kong Frederiks omfattende feriebehov har ikke g\u00e5tt up\u00e5aktet hen. Den politiske kommentatoren Hans Engell (77) har tidligere advart om at danskekongens mange ferier kan bli et problem for monarkiet.<\/p>\n<p>    <a itemprop=\"url\" href=\"https:\/\/www.seher.no\/kongelig\/nedslaende-beskjed\/83891108\" rel=\"nofollow noopener\" target=\"_blank\"><\/p>\n<p>      <img loading=\"lazy\" decoding=\"async\" src=\"https:\/\/www.europesays.com\/no\/wp-content\/uploads\/2025\/12\/83891177.webp\" width=\"147\" height=\"98\" title=\"Nedsl\u00e5ende beskjed\" alt=\"\" class=\"lazyload\" style=\"--aspect-ratio-image: 1.50; \"\/><\/p>\n<p>        Nedsl\u00e5ende beskjed<\/p>\n<p>    <\/a><\/p>\n<p>Engell understreket overfor Ekstra Bladet at kong Frederik ikke har droppet noen offisielle plikter han burde ha deltatt p\u00e5, men at det handler om hvordan det oppfattes utad.<\/p>\n<p class=\"font-weight-bold m-font-weight-bold\" data-lab-font_weight=\"font-weight-bold\">&#8211; Jeg synes det g\u00e5r s\u00e5nn noenlunde forel\u00f8pig, men jeg synes det begynner \u00e5 bli litt av et problem hvis folk legger merke til alle gangene han tar ferie, enn dagene han faktisk gj\u00f8r noe, sa Engell.<\/p>\n<p>        P3 GULL: Carina Dahl forteller om alkohol-vanene sine under \u00abSkal vi danse\u00bb p\u00e5 den gule l\u00f8peren. Reporter: Victoria L\u00f8vik Video: Danny Son To\/Trond Markus Gravdal<\/p>\n<p>Kommentatoren la til at kong Frederik m\u00e5 passe seg for at det ikke dannes et bilde av at han har mye fri.<\/p>\n<p>&#8211; Hvis han f\u00f8rst f\u00e5r stempelet som en som ikke gidder \u00e5 gj\u00f8re jobben sin, blir det veldig vanskelig for ham \u00e5 endre det, advarte han.<\/p>\n<p>    <a itemprop=\"url\" href=\"https:\/\/www.seher.no\/kongelig\/dette-har-aldri-skjedd-for\/83894212\" rel=\"nofollow noopener\" target=\"_blank\"><\/p>\n<p>      <img loading=\"lazy\" decoding=\"async\" src=\"https:\/\/www.europesays.com\/no\/wp-content\/uploads\/2025\/12\/83894660.webp\" width=\"980\" height=\"441\" title=\"Dette har aldri skjedd f\u00f8r\" alt=\"\" class=\"lazyload\" style=\"--aspect-ratio-image: 2.22; \"\/><\/p>\n<p>        Dette har aldri skjedd f\u00f8r<\/p>\n<p>    <\/a><\/p>\n<p>Kommentatoren trakk ogs\u00e5 frem at kong Frederiks arbeidsmengde skiller seg fra andre kongehus og statsledere, og p\u00e5pekte at det heller ikke som kronprins var slik at han var spesielt overbelastet med oppgaver.<\/p>\n","protected":false},"excerpt":{"rendered":"Kong Frederik og dronning Mary Kronprins Christian m\u00e5 steppe inn.\u00a0 PRIVAT REISE: Det danske kongeparet har reist ut&hellip;\n","protected":false},"author":2,"featured_media":103106,"comment_status":"","ping_status":"","sticky":false,"template":"","format":"standard","meta":{"footnotes":""},"categories":[12],"tags":[20,21,5816,8436,5818,4104,24,25,15,5817,76,8433,22,23,13,30,28,29,14,16,26,27,42,43,44,45],"class_list":{"0":"post-103105","1":"post","2":"type-post","3":"status-publish","4":"format-standard","5":"has-post-thumbnail","7":"category-verden","8":"tag-breaking-news","9":"tag-breakingnews","10":"tag-det-danske-kongehuset","11":"tag-dronning-margrethe","12":"tag-dronning-mary","13":"tag-eksklusivt","14":"tag-featured-news","15":"tag-featurednews","16":"tag-headlines","17":"tag-kong-frederik","18":"tag-kongelig","19":"tag-kronprins-christian","20":"tag-latest-news","21":"tag-latestnews","22":"tag-news","23":"tag-no","24":"tag-norge","25":"tag-norway","26":"tag-nyheter","27":"tag-overskrifter","28":"tag-top-stories","29":"tag-topstories","30":"tag-verden","31":"tag-world","32":"tag-world-news","33":"tag-worldnews"},"share_on_mastodon":{"url":"https:\/\/pubeurope.com\/@no\/115655446865562924","error":""},"_links":{"self":[{"href":"https:\/\/www.europesays.com\/no\/wp-json\/wp\/v2\/posts\/103105","targetHints":{"allow":["GET"]}}],"collection":[{"href":"https:\/\/www.europesays.com\/no\/wp-json\/wp\/v2\/posts"}],"about":[{"href":"https:\/\/www.europesays.com\/no\/wp-json\/wp\/v2\/types\/post"}],"author":[{"embeddable":true,"href":"https:\/\/www.europesays.com\/no\/wp-json\/wp\/v2\/users\/2"}],"replies":[{"embeddable":true,"href":"https:\/\/www.europesays.com\/no\/wp-json\/wp\/v2\/comments?post=103105"}],"version-history":[{"count":0,"href":"https:\/\/www.europesays.com\/no\/wp-json\/wp\/v2\/posts\/103105\/revisions"}],"wp:featuredmedia":[{"embeddable":true,"href":"https:\/\/www.europesays.com\/no\/wp-json\/wp\/v2\/media\/103106"}],"wp:attachment":[{"href":"https:\/\/www.europesays.com\/no\/wp-json\/wp\/v2\/media?parent=103105"}],"wp:term":[{"taxonomy":"category","embeddable":true,"href":"https:\/\/www.europesays.com\/no\/wp-json\/wp\/v2\/categories?post=103105"},{"taxonomy":"post_tag","embeddable":true,"href":"https:\/\/www.europesays.com\/no\/wp-json\/wp\/v2\/tags?post=103105"}],"curies":[{"name":"wp","href":"https:\/\/api.w.org\/{rel}","templated":true}]}}