{"id":103107,"date":"2025-12-03T11:40:16","date_gmt":"2025-12-03T11:40:16","guid":{"rendered":"https:\/\/www.europesays.com\/no\/103107\/"},"modified":"2025-12-03T11:40:16","modified_gmt":"2025-12-03T11:40:16","slug":"veldig-vanskelig-a-gi-opp","status":"publish","type":"post","link":"https:\/\/www.europesays.com\/no\/103107\/","title":{"rendered":"\u2013 Veldig vanskelig \u00e5 gi opp"},"content":{"rendered":"\n<p class=\"_lead_o9xde_2 _lead_xtcu6_50 layout-component text-serif-m layout-normal text-serif-l layout-component layout-wide layout-padded _wide_17hqh_1 layout-padded\">Lange dager med s\u00f8k i tungt og krevende terreng f\u00f8rte ikke fram. Kvinnen fra Skien er ikke funnet. \u2013 Utrolig tungt \u00e5 kjenne at vi ikke klarer det, sier Thomas Horgen, leder for Norsk Alpin Redningsgruppe.<\/p>\n<p><img alt=\"BRATT: Stien g\u00e5r langs kanten av en bratt skrent. Langt der nede ligger innsj\u00f8en Bandak. Foto: Langfjella Alpine Redningsgruppe\" class=\"_image_qp4xg_65 layout-component layout-wide\" data-fullscreen- data-track-element-type=\"Article image fullscreen\" data-track-name=\"ImageFullscreen\" fetchpriority=\"high\" decoding=\"sync\" loading=\"eager\" height=\"3024\" itemprop=\"image\"  src=\"https:\/\/www.europesays.com\/no\/wp-content\/uploads\/2025\/12\/dc9981fd-a7ec-4f2b-b0e4-fff04a452e5e\"  style=\"object-position:0% 0%\" width=\"3024\"\/>BRATT: Stien g\u00e5r langs kanten av en bratt skrent. Langt der nede ligger innsj\u00f8en Bandak. Foto: Langfjella Alpine Redningsgruppe<\/p>\n<ul aria-hidden=\"true\" class=\"_images_1uft6_111\">\n<li><a class=\"_link_1uft6_116\" href=\"https:\/\/www.vg.no\/forfatter\/haakon-f-hoeydal\" style=\"z-index:2\" title=\"H\u00e5kon F. H\u00f8ydal\" rel=\"nofollow noopener\" target=\"_blank\"><img alt=\"Bilde av H\u00e5kon F. H\u00f8ydal\" class=\"_image_1uft6_93\" fetchpriority=\"low\" loading=\"lazy\" decoding=\"async\" itemprop=\"image\"  src=\"https:\/\/www.europesays.com\/no\/wp-content\/uploads\/2025\/12\/1764762010_846_791defbc-20b8-4779-b615-3d02a4d66e97\"  width=\"480\"\/><\/a><\/li>\n<li><a class=\"_link_1uft6_116\" href=\"https:\/\/www.vg.no\/forfatter\/naina-helen-jaama\" style=\"z-index:1\" title=\"Naina Hel\u00e9n J\u00e5ma\" rel=\"nofollow noopener\" target=\"_blank\"><img alt=\"Bilde av Naina Hel\u00e9n J\u00e5ma\" class=\"_image_1uft6_93\" fetchpriority=\"low\" loading=\"lazy\" decoding=\"async\" itemprop=\"image\"  src=\"https:\/\/www.europesays.com\/no\/wp-content\/uploads\/2025\/12\/6bee14a2-5091-46d9-8c58-1a355fc3e8bc\"  width=\"480\"\/><\/a><\/li>\n<\/ul>\n<p> Oppdatert onsdag 3. desember kl. 11:32    <\/p>\n<ul class=\"_list_o9xde_3 _list_64s2r_85 _unordered_o9xde_106 text-sans-m\">\n<li class=\"_item_o9xde_30\">S\u00f8ket etter den savnede kvinnen fra Skien er avsluttet uten resultat.<\/li>\n<li class=\"_item_o9xde_30\">Dette var et krevende oppdrag i vanskelig terreng med t\u00e5ke, sludd og sn\u00f8.<\/li>\n<li class=\"_item_o9xde_30\">Thomas Horgen, leder for Norsk Alpin Redningsgruppe, beskriver situasjonen som utrolig tung.<\/li>\n<\/ul>\n<p>Vis mer <\/p>\n<p class=\"_paragraph_o9xde_4 _paragraph_xtcu6_10 layout-component text-serif-m layout-normal text-serif-m layout-padded\">Siden s\u00f8ndag har store letemannskaper v\u00e6rt ute i t\u00e5ke, sludd og sn\u00f8 i fors\u00f8ket p\u00e5 \u00e5 finne kvinnen som <a href=\"https:\/\/www.vg.no\/i\/e7Wn6R\" data-track-element-type=\"Link\" data-track-id=\"link:e7Wn6R\" class=\"_link_o9xde_39\" rel=\"nofollow noopener\" target=\"_blank\">ble meldt savnet etter en joggetur<\/a> ved Dalen i <a href=\"https:\/\/www.vg.no\/tag\/telemark?utm_source=vg-article&amp;utm_medium=auto-tagger&amp;utm_campaign=XMlxwo\" class=\"_link_o9xde_39\" rel=\"nofollow noopener\" target=\"_blank\">Telemark<\/a>.<\/p>\n<p class=\"_paragraph_o9xde_4 _paragraph_xtcu6_10 layout-component text-serif-m layout-normal text-serif-m layout-padded\">Kvinnen fra Skien er i f\u00f8rti\u00e5rene og aktiv ultral\u00f8per og idrettsut\u00f8ver, og ble meldt savnet da hun ikke kom til et avtalt m\u00f8te s\u00f8ndag. Siste observasjon av kvinnen skal ha v\u00e6rt l\u00f8rdag.<\/p>\n<p class=\"_paragraph_o9xde_4 _paragraph_xtcu6_10 layout-component text-serif-m layout-normal text-serif-m layout-padded\"><a href=\"https:\/\/www.vg.no\/i\/rrpoVA\" data-track-element-type=\"Link\" data-track-id=\"link:rrpoVA\" class=\"_link_o9xde_39\" rel=\"nofollow noopener\" target=\"_blank\"><strong class=\"_strong_o9xde_25\">N\u00e5 er s\u00f8ket avsluttet. <\/strong><\/a><\/p>\n<p class=\"_paragraph_o9xde_4 _paragraph_xtcu6_10 layout-component text-serif-m layout-normal text-serif-m layout-padded\">Det er tungt, forteller Thomas Horgen, leder for Norsk Alpin Redningsgruppe. Klatrerne fra gruppa blir kalt inn til de mest krevende redningsoppgavene i landet. Slik var det ogs\u00e5 n\u00e5, da stien kvinnen skal ha l\u00f8pt, g\u00e5r langs en bratt skrent.<\/p>\n<p><img alt=\"Foto: Langfjella Alpine Redningsgruppe\" class=\"_image_qp4xg_65 layout-component layout-normal\" data-fullscreen- data-track-element-type=\"Article image fullscreen\" data-track-name=\"ImageFullscreen\" decoding=\"async\" loading=\"lazy\" height=\"3024\" itemprop=\"image\"  src=\"https:\/\/www.europesays.com\/no\/wp-content\/uploads\/2025\/12\/69bcc225-628c-4c13-bd3a-07706ed0aa60\"  style=\"object-position:0% 0%\" width=\"3024\"\/>Foto: Langfjella Alpine Redningsgruppe<img alt=\"Foto: Langfjella Alpine Redningsgruppe\" class=\"_image_qp4xg_65 layout-component layout-normal\" data-fullscreen- data-track-element-type=\"Article image fullscreen\" data-track-name=\"ImageFullscreen\" decoding=\"async\" loading=\"lazy\" height=\"4032\" itemprop=\"image\"  src=\"https:\/\/www.europesays.com\/no\/wp-content\/uploads\/2025\/12\/6b892155-8c0b-4200-9117-075c3d4b7615\"  style=\"object-position:0% 0%\" width=\"3024\"\/>Foto: Langfjella Alpine Redningsgruppe<\/p>\n<p class=\"_paragraph_o9xde_4 _paragraph_xtcu6_10 layout-component text-serif-m layout-normal text-serif-m layout-padded\"><strong class=\"_strong_o9xde_25\">Det har v\u00e6rt et krevende omr\u00e5de \u00e5 s\u00f8ke i, forteller Horgen. Ogs\u00e5 fordi kvinnen de s\u00f8ker etter kan ha beveget seg langt. <\/strong><\/p>\n<p class=\"_paragraph_o9xde_4 _paragraph_xtcu6_10 layout-component text-serif-m layout-normal text-serif-m layout-padded\">\u2013 Dette er en sprek kvinne som har beveget seg i terrenget, med mulighet til \u00e5 raskt tilbakelegge store omr\u00e5der. Siden vi ikke vet om det skjedde henne noe et minutt fra bilen eller 45 minutter, blir omr\u00e5det \u00e5 s\u00f8ke i, veldig stort, sier han. <\/p>\n<p class=\"_paragraph_o9xde_4 _paragraph_xtcu6_10 layout-component text-serif-m layout-normal text-serif-m layout-padded\">Stien de tror kvinnen har l\u00f8pt, g\u00e5r langs en bratt skrent ned mot innsj\u00f8en Bandak.<\/p>\n<p><img alt=\"L\u00c5RDALSTIGEN: Politiet tror at deler av kvinnens treningsrute kan ha g\u00e5tt langs denne stien, som ligger over en skrent med utsikt over Bandak.  Foto: Skjermbilde fra Ut.no\" class=\"_image_qp4xg_65 layout-component layout-normal\" data-fullscreen- data-track-element-type=\"Article image fullscreen\" data-track-name=\"ImageFullscreen\" decoding=\"async\" loading=\"lazy\" height=\"508\" itemprop=\"image\"  src=\"https:\/\/www.europesays.com\/no\/wp-content\/uploads\/2025\/12\/aecb6e1a-cebb-4aa8-8ff2-13a9a9e93231\"  style=\"object-position:0% 0%\" width=\"1016\"\/>L\u00c5RDALSTIGEN: Politiet tror at deler av kvinnens treningsrute kan ha g\u00e5tt langs denne stien, som ligger over en skrent med utsikt over Bandak.  Foto: Skjermbilde fra Ut.no<\/p>\n<p class=\"_paragraph_o9xde_4 _paragraph_xtcu6_10 layout-component text-serif-m layout-normal text-serif-m layout-padded\">Det er her klatrerne har s\u00f8kt.<\/p>\n<p class=\"_paragraph_o9xde_4 _paragraph_xtcu6_10 layout-component text-serif-m layout-normal text-serif-m layout-padded\">\u2013 Det er et veldig bratt terreng, med store konsekvenser hvis man faller. Det er steinblokker p\u00e5 st\u00f8rrelse med hus som er veltet over hverandre nedover fjellsiden, med huler og sprekker og uendelig mange plasser hvor den savnede kan ha s\u00f8kt ly eller falt ned i. For oss klatrere er ikke ferdselen i terrenget vanskelig. Men \u00e5 lete p\u00e5 en systematisk m\u00e5te slik at vet at ett og ett omr\u00e5de er gjennoms\u00f8kt, er veldig, veldig vanskelig n\u00e5r det er s\u00e5 mange muligheter bak og under hver eneste klippestein.<\/p>\n<p><img alt=\"Foto: Langfjella Alpine Redningsgruppe\" class=\"_image_qp4xg_65 layout-component layout-normal\" data-fullscreen- data-track-element-type=\"Article image fullscreen\" data-track-name=\"ImageFullscreen\" decoding=\"async\" loading=\"lazy\" height=\"3024\" itemprop=\"image\"  src=\"https:\/\/www.europesays.com\/no\/wp-content\/uploads\/2025\/12\/b9bb1385-6b6d-4eeb-a901-1b5b3ef7a1a4\"  style=\"object-position:0% 0%\" width=\"3024\"\/>Foto: Langfjella Alpine Redningsgruppe<img alt=\"Foto: Langfjella Alpine Redningsgruppe\" class=\"_image_qp4xg_65 layout-component layout-normal\" data-fullscreen- data-track-element-type=\"Article image fullscreen\" data-track-name=\"ImageFullscreen\" decoding=\"async\" loading=\"lazy\" height=\"4032\" itemprop=\"image\"  src=\"https:\/\/www.europesays.com\/no\/wp-content\/uploads\/2025\/12\/7c21c64b-d2f0-46e6-af90-b860a3e89535\"  style=\"object-position:0% 0%\" width=\"3024\"\/>Foto: Langfjella Alpine Redningsgruppe<\/p>\n<p class=\"_paragraph_o9xde_4 _paragraph_xtcu6_10 layout-component text-serif-m layout-normal text-serif-m layout-padded\">N\u00e5r VG snakker med Horgen onsdag morgen har det v\u00e6rt f\u00e5 timer med s\u00f8vn. Medlemmer fra b\u00e5de Langfjella Alpine Redningsgruppe og Rogaland Alpine Redningsgruppe har bidratt gjennom de siste dagene. <\/p>\n<p class=\"_paragraph_o9xde_4 _paragraph_xtcu6_10 layout-component text-serif-m layout-normal text-serif-m layout-padded\">\u2013 Vi hadde tre personer som var p\u00e5 plass s\u00f8ndag, s\u00e5 kom fire til natt til mandag, og de jobbet gjennom hele natta. S\u00e5 fylte vi p\u00e5 med tre til tirsdag morgen, og fire til tirsdag midt p\u00e5 dagen. Og vi har nok v\u00e6rt den minste gruppa. Redningshundene, R\u00f8de Kors og Norsk Folkehjelp har s\u00f8kt de store omr\u00e5dene.<\/p>\n<p class=\"_paragraph_o9xde_4 _paragraph_xtcu6_10 layout-component text-serif-m layout-normal text-serif-m layout-padded\"><strong class=\"_strong_o9xde_25\">Det er en tung stemning i gruppa, n\u00e5 som s\u00f8ket er avsluttet.<\/strong><\/p>\n<p><img alt=\"Thomas Horgen (nr. to fra venstre) og deler av s\u00f8keteamet til Norsk Alpin Redningsgruppe.  Foto: Langfjella Alpine Redningsgruppe\" class=\"_image_qp4xg_65 layout-component layout-normal\" data-fullscreen- data-track-element-type=\"Article image fullscreen\" data-track-name=\"ImageFullscreen\" decoding=\"async\" loading=\"lazy\" height=\"1080\" itemprop=\"image\"  src=\"https:\/\/www.europesays.com\/no\/wp-content\/uploads\/2025\/12\/f5682f60-586c-4c4c-acf9-e01b3338a09d\"  style=\"object-position:0% 0%\" width=\"1080\"\/>Thomas Horgen (nr. to fra venstre) og deler av s\u00f8keteamet til Norsk Alpin Redningsgruppe.  Foto: Langfjella Alpine Redningsgruppe<\/p>\n<p class=\"_paragraph_o9xde_4 _paragraph_xtcu6_10 layout-component text-serif-m layout-normal text-serif-m layout-padded\">\u2013 Det er utrolig tungt \u00e5 kjenne at vi ikke klarer det. Det er veldig vanskelig \u00e5 gi opp. For man vet at enkelte personer kan klare seg lenge ute. I sommer var det <a href=\"https:\/\/www.vg.no\/i\/B08llv\" data-track-element-type=\"Link\" data-track-id=\"link:B08llv\" class=\"_link_o9xde_39\" rel=\"nofollow noopener\" target=\"_blank\">en som overlevde seks dager <\/a>ute i fjellet. Men det var om sommeren. Vi s\u00f8rger for \u00e5 bytte ut mannskap for \u00e5 holde trua oppe, og politiet er veldig flinke til \u00e5 skape en motivasjon i lagene. Samtidig er det de som er ute i feltet som kjenner p\u00e5 v\u00e6ret og forholdene. Gradvis ebber h\u00e5pet ut. Det er en veldig vond overgang. Da er det godt at noen andre enn oss tar beslutningen om \u00e5 ikke s\u00f8ke videre, sier Horgen.<\/p>\n<p class=\"_paragraph_o9xde_4 _paragraph_xtcu6_10 layout-component text-serif-m layout-normal text-serif-m layout-padded\"><strong class=\"_strong_o9xde_25\">Steinar Mandt (76) er f\u00f8dt og oppvokst i omr\u00e5det, og har bidratt som kjentmann.<\/strong><\/p>\n<p class=\"_paragraph_o9xde_4 _paragraph_xtcu6_10 layout-component text-serif-m layout-normal text-serif-m layout-padded\">I hans mange \u00e5r som g\u00e5rdbruker har han brukt flere lange dager i terrenget, p\u00e5 jakt etter sau som har kommet seg bort. Han har ogs\u00e5 jaktet i omr\u00e5det.<\/p>\n<p><img decoding=\"async\" alt=\"Bilde av Steinar Mandt\" class=\"_image_ygndg_42\" height=\"30\" itemprop=\"image\" loading=\"lazy\"  src=\"https:\/\/www.europesays.com\/no\/wp-content\/uploads\/2025\/12\/b4a5665f-aae3-43c2-8f7b-fa05ec5effae\"  width=\"40\"\/><strong class=\"_name_ygndg_51 title-serif-xs\">Steinar Mandt<\/strong><\/p>\n<p class=\"_paragraph_o9xde_4 _paragraph_xtcu6_10 layout-component text-serif-m layout-normal text-serif-m layout-padded\">\u2013 Man m\u00e5 nesten v\u00e6re her selv for \u00e5 forst\u00e5 hvor utfordrende dette terrenget er. Mange steder er det rett opp p\u00e5 den ene siden og rett ned p\u00e5 den andre. N\u00e5r det er regn og sn\u00f8, slik det har v\u00e6rt n\u00e5, er det mye bratt og glatt og vanskelig, sier han.<\/p>\n<p class=\"_paragraph_o9xde_4 _paragraph_xtcu6_10 layout-component text-serif-m layout-normal text-serif-m layout-padded\">Han sier at det er uvanlig \u00e5 se folk bruke stiene p\u00e5 denne tiden av \u00e5ret. <\/p>\n<p class=\"_paragraph_o9xde_4 _paragraph_xtcu6_10 layout-component text-serif-m layout-normal text-serif-m layout-padded\">\u2013 Det er korte dager f\u00f8r det blir m\u00f8rkt, og et vanskelig omr\u00e5de \u00e5 g\u00e5 i. Jeg har v\u00e6rt mye der ute, og det er bare \u00e5 ta tiden til hjelp, for du m\u00e5 g\u00e5 rolig og v\u00e6re forsiktig, sier han.<\/p>\n<p class=\"_paragraph_o9xde_4 _paragraph_xtcu6_10 layout-component text-serif-m layout-normal text-serif-m layout-padded\"><strong class=\"_strong_o9xde_25\">Kvinnen og hennes familie bor i Skien. <\/strong><\/p>\n<p class=\"_paragraph_o9xde_4 _paragraph_xtcu6_10 layout-component text-serif-m layout-normal text-serif-m layout-padded\">\u2013 Tankene mine g\u00e5r til familie og p\u00e5r\u00f8rende som enn\u00e5 sitter og venter p\u00e5 svar. Jeg h\u00e5per vi kan f\u00e5 det s\u00e5 fort som overhodet mulig. Usikkerheten er en stor belastning. Dette p\u00e5virker lokalsamfunnet og g\u00e5r inn p\u00e5 alle de som kjenner henne, sier ordf\u00f8rer i Skien, Marius Roheim Aarvold (H) til VG.<\/p>\n<p><img decoding=\"async\" alt=\"Bilde av Marius Roheim Aarvold\" class=\"_image_ygndg_42\" height=\"40\" itemprop=\"image\" loading=\"lazy\"  src=\"https:\/\/www.europesays.com\/no\/wp-content\/uploads\/2025\/12\/88ed235d-4a58-4c08-8d46-99c246a009d6\"  width=\"40\"\/><strong class=\"_name_ygndg_51 title-serif-xs\">Marius Roheim Aarvold<\/strong><\/p>\n<p class=\"_paragraph_o9xde_4 text-sans-m _description_ygndg_56\">Ordf\u00f8rer i Skien<\/p>\n<p class=\"_paragraph_o9xde_4 _paragraph_xtcu6_10 layout-component text-serif-m layout-normal text-serif-m layout-padded\">Kommunens kriseteam er i kontakt med kvinnens familie og p\u00e5r\u00f8rende, forteller han. <\/p>\n<p class=\"_paragraph_o9xde_4 _paragraph_xtcu6_10 layout-component text-serif-m layout-normal text-serif-m layout-padded\">\u2013 Jeg vil ogs\u00e5 uttrykke en stor takk overfor alle de frivillige og profesjonelle som i alle timer og dager har st\u00e5tt p\u00e5 og gjort det de kan, sier han. <\/p>\n<p>    <img decoding=\"async\" alt=\"Tips oss illustrasjon\" src=\"https:\/\/www.europesays.com\/no\/wp-content\/uploads\/2025\/10\/pssst-small.webp.webp\"\/>    <\/p>\n<p class=\"title-serif-s\">Har du tips?<\/p>\n<p class=\"text-sans-m\">Send oss informasjon, bilder eller video.<\/p>\n<p>  <a href=\"https:\/\/www.vg.no\/tips-oss\" rel=\"nofollow noopener\" target=\"_blank\"> Tips oss <\/a>      <\/p>\n","protected":false},"excerpt":{"rendered":"Lange dager med s\u00f8k i tungt og krevende terreng f\u00f8rte ikke fram. Kvinnen fra Skien er ikke funnet.&hellip;\n","protected":false},"author":2,"featured_media":103108,"comment_status":"","ping_status":"","sticky":false,"template":"","format":"standard","meta":{"footnotes":""},"categories":[10],"tags":[20,21,24,25,15,22,23,13,30,28,29,14,16,48,992,26,27],"class_list":{"0":"post-103107","1":"post","2":"type-post","3":"status-publish","4":"format-standard","5":"has-post-thumbnail","7":"category-norge","8":"tag-breaking-news","9":"tag-breakingnews","10":"tag-featured-news","11":"tag-featurednews","12":"tag-headlines","13":"tag-latest-news","14":"tag-latestnews","15":"tag-news","16":"tag-no","17":"tag-norge","18":"tag-norway","19":"tag-nyheter","20":"tag-overskrifter","21":"tag-savnet","22":"tag-telemark","23":"tag-top-stories","24":"tag-topstories"},"share_on_mastodon":{"url":"https:\/\/pubeurope.com\/@no\/115655450856819185","error":""},"_links":{"self":[{"href":"https:\/\/www.europesays.com\/no\/wp-json\/wp\/v2\/posts\/103107","targetHints":{"allow":["GET"]}}],"collection":[{"href":"https:\/\/www.europesays.com\/no\/wp-json\/wp\/v2\/posts"}],"about":[{"href":"https:\/\/www.europesays.com\/no\/wp-json\/wp\/v2\/types\/post"}],"author":[{"embeddable":true,"href":"https:\/\/www.europesays.com\/no\/wp-json\/wp\/v2\/users\/2"}],"replies":[{"embeddable":true,"href":"https:\/\/www.europesays.com\/no\/wp-json\/wp\/v2\/comments?post=103107"}],"version-history":[{"count":0,"href":"https:\/\/www.europesays.com\/no\/wp-json\/wp\/v2\/posts\/103107\/revisions"}],"wp:featuredmedia":[{"embeddable":true,"href":"https:\/\/www.europesays.com\/no\/wp-json\/wp\/v2\/media\/103108"}],"wp:attachment":[{"href":"https:\/\/www.europesays.com\/no\/wp-json\/wp\/v2\/media?parent=103107"}],"wp:term":[{"taxonomy":"category","embeddable":true,"href":"https:\/\/www.europesays.com\/no\/wp-json\/wp\/v2\/categories?post=103107"},{"taxonomy":"post_tag","embeddable":true,"href":"https:\/\/www.europesays.com\/no\/wp-json\/wp\/v2\/tags?post=103107"}],"curies":[{"name":"wp","href":"https:\/\/api.w.org\/{rel}","templated":true}]}}