{"id":103109,"date":"2025-12-03T11:41:13","date_gmt":"2025-12-03T11:41:13","guid":{"rendered":"https:\/\/www.europesays.com\/no\/103109\/"},"modified":"2025-12-03T11:41:13","modified_gmt":"2025-12-03T11:41:13","slug":"den-norske-seriemorderen-arnfinn-nesset-er-dod","status":"publish","type":"post","link":"https:\/\/www.europesays.com\/no\/103109\/","title":{"rendered":"Den norske seriemorderen Arnfinn Nesset er d\u00f8d"},"content":{"rendered":"\n<p class=\"_paragraph_o9xde_4 _paragraph_xtcu6_10 layout-component text-serif-m layout-normal text-serif-m layout-padded\">\u2013 Jeg kan bekrefte at <a href=\"https:\/\/www.vg.no\/tag\/arnfinn-nesset?utm_source=vg-article&amp;utm_medium=auto-tagger&amp;utm_campaign=k0Wlxv\" class=\"_link_o9xde_39\" rel=\"nofollow noopener\" target=\"_blank\">Arnfinn Nesset<\/a> d\u00f8de tirsdag. Han sovnet fredfullt inn p\u00e5 et sykehjem, sier advokat Per-Arne Skog til VG.<\/p>\n<p class=\"_paragraph_o9xde_4 _paragraph_xtcu6_10 layout-component text-serif-m layout-normal text-serif-m layout-padded\">Skog var Nessets bistandsadvokat i forbindelse med at TV 2 i 2020 laget true crime-serien \u00abSeriemorderen i Orkdal\u00bb.<\/p>\n<p class=\"_paragraph_o9xde_4 _paragraph_xtcu6_10 layout-component text-serif-m layout-normal text-serif-m layout-padded\">Nesset var kjent fra en av Norgeshistoriens st\u00f8rste kriminalsaker. <\/p>\n<p class=\"_paragraph_o9xde_4 _paragraph_xtcu6_10 layout-component text-serif-m layout-normal text-serif-m layout-padded\">Han ble i 1983 d\u00f8mt for \u00e5 ha drept 22 pasienter p\u00e5 et sykehjem i Orkdal, der han jobbet som sykepleier og bestyrer. <\/p>\n<p class=\"_paragraph_o9xde_4 _paragraph_xtcu6_10 layout-component text-serif-m layout-normal text-serif-m layout-padded\">P\u00e5 det meste ble 60 mistenkelige d\u00f8dsfall ved sykehjemmet etterforsket. <\/p>\n<p><img alt=\"Nesset avbildet i 1991.   Foto: VG\" class=\"_image_qp4xg_65 layout-component layout-normal\" data-fullscreen- data-track-element-type=\"Article image fullscreen\" data-track-name=\"ImageFullscreen\" decoding=\"async\" loading=\"lazy\" height=\"3813\" itemprop=\"image\"  src=\"https:\/\/www.europesays.com\/no\/wp-content\/uploads\/2025\/12\/0969f528-5b9a-4729-b052-7a1faaff9f96\"  style=\"object-position:0% 0%\" width=\"3813\"\/>Nesset avbildet i 1991.   Foto: VG<\/p>\n<p class=\"_paragraph_o9xde_4 _paragraph_xtcu6_10 layout-component text-serif-m layout-normal text-serif-m layout-padded\">If\u00f8lge dommen brukte han det muskelavslappende stoffet curacit som drapsv\u00e5pen. Drapene skjedde over en fire\u00e5rsperiode. <\/p>\n<p class=\"_paragraph_o9xde_4 _paragraph_xtcu6_10 layout-component text-serif-m layout-normal text-serif-m layout-padded\">H\u00f8r Krimpoddens episode om Nesset:<\/p>\n<p class=\"_paragraph_o9xde_4 _paragraph_xtcu6_10 layout-component text-serif-m layout-normal text-serif-m layout-padded\">Selv nektet Nesset for \u00e5 ha drept noen. Han ble d\u00f8mt til 21 \u00e5rs fengsel og ti \u00e5rs sikring. I 1993 ble Nesset overf\u00f8rt til fri soning. Han ble l\u00f8slatt i 2004. <\/p>\n<p class=\"_paragraph_o9xde_4 _paragraph_xtcu6_10 layout-component text-serif-m layout-normal text-serif-m layout-padded\">\u2013 Tankene g\u00e5r til dem som stod ham n\u00e6rmest, sier forfatter Simen S\u00e6tre til VG.<\/p>\n<p class=\"_paragraph_o9xde_4 _paragraph_xtcu6_10 layout-component text-serif-m layout-normal text-serif-m layout-padded\">I h\u00f8st lanserte han boka \u00abDen usannsynlige seriemorderen: Arnfinn Nesset og hans 31 tilst\u00e5elser\u00bb.<\/p>\n<p class=\"_paragraph_o9xde_4 _paragraph_xtcu6_10 layout-component text-serif-m layout-normal text-serif-m layout-padded\">I fem \u00e5r fordypet S\u00e6tre seg i en av de mest oppsiktsvekkende drapssakene i norsk historie, og har g\u00e5tt gjennom materiale som ikke tidligere har v\u00e6rt tilgjengelig for offentligheten.<\/p>\n<p><img alt=\"Forfatter Simen S\u00e6tre  Foto: Maria Kleppe Vihovde\" class=\"_image_qp4xg_65 layout-component layout-normal\" data-fullscreen- data-track-element-type=\"Article image fullscreen\" data-track-name=\"ImageFullscreen\" decoding=\"async\" loading=\"lazy\" height=\"3953\" itemprop=\"image\"  src=\"https:\/\/www.europesays.com\/no\/wp-content\/uploads\/2025\/12\/1c16ed8d-f15c-467d-bfa9-6eb0d221111c\"  style=\"object-position:0% 0%\" width=\"3953\"\/>Forfatter Simen S\u00e6tre  Foto: Maria Kleppe Vihovde<\/p>\n<p class=\"_paragraph_o9xde_4 _paragraph_xtcu6_10 layout-component text-serif-m layout-normal text-serif-m layout-padded\">\u2013  Da jeg begynte \u00e5 unders\u00f8ke saken hans i 2011, var jeg overbevist om at han var skyldig i de 22 drapene han ble d\u00f8mt for. I prosessen med \u00e5 skrive bok om saken, ble jeg usikker. I dag tror jeg at saken kan v\u00e6re Norgeshistoriens st\u00f8rste justismord, m\u00e5lt i antall feil d\u00f8mte drap. Hva han var skyldig i, var det bare han selv som visste, men han ble utsatt for en rekke feil \u2013 i politietterforskning, rettsprosess og presseomtale, hevder S\u00e6tre.<\/p>\n<p class=\"_paragraph_o9xde_4 _paragraph_xtcu6_10 layout-component text-serif-m layout-normal text-serif-m layout-padded\">Over 40 \u00e5r etter at Nesset ble d\u00f8mt som seriemorder har Nesset levd med med nytt navn.<\/p>\n<p class=\"_paragraph_o9xde_4 _paragraph_xtcu6_10 layout-component text-serif-m layout-normal text-serif-m layout-padded\">Nesset ble 89 \u00e5r og hadde for lengst sonet ferdig dommen.<\/p>\n<p class=\"_paragraph_o9xde_4 _paragraph_xtcu6_10 layout-component text-serif-m layout-normal text-serif-m layout-padded\">\u2013  F\u00f8r han d\u00f8de, sa han at han \u00f8nsket saken sin gjenopptatt. Det fantes folk som var villige til \u00e5 hjelpe ham, men kreftene hans holdt ikke, og han f\u00e5r n\u00e5 aldri oppleve dette, sier S\u00e6tre.<\/p>\n<p class=\"_paragraph_o9xde_4 _paragraph_xtcu6_10 layout-component text-serif-m layout-normal text-serif-m layout-padded\">VG bes\u00f8kte Nesset da han sonet i Ila fengsel i 1987. <\/p>\n<ul class=\"_gallery_1qa3s_23\" tabindex=\"0\">\n<li class=\"_item_1qa3s_37\" data-index=\"0\"><img decoding=\"async\" class=\"_image_foru8_23 _articleGallery_foru8_39\" data-fullscreen- width=\"4808\" height=\"3270\" itemprop=\"image\" loading=\"lazy\"  src=\"https:\/\/www.europesays.com\/no\/wp-content\/uploads\/2025\/12\/63745782-1d9c-48dd-b964-cb5451a585f0\"  style=\"object-position:50% 50%;aspect-ratio:var(--gallery-aspect-ratio, 16 \/ 9)\"\/>Foto: Dag B\u00e6verfjord \/ VG<\/li>\n<li class=\"_item_1qa3s_37\" data-index=\"1\"><img decoding=\"async\" class=\"_image_foru8_23 _articleGallery_foru8_39\" data-fullscreen- width=\"3567\" height=\"2870\" itemprop=\"image\" loading=\"lazy\"  src=\"https:\/\/www.europesays.com\/no\/wp-content\/uploads\/2025\/12\/15bad7cf-c003-49ff-8357-e27826d9d6c7\"  style=\"object-position:50% 50%;aspect-ratio:var(--gallery-aspect-ratio, 16 \/ 9)\"\/>Foto: Dag B\u00e6verfjord \/ VG<\/li>\n<li class=\"_item_1qa3s_37\" data-index=\"2\"><img decoding=\"async\" class=\"_image_foru8_23 _articleGallery_foru8_39\" data-fullscreen- width=\"4867\" height=\"3231\" itemprop=\"image\" loading=\"lazy\"  src=\"https:\/\/www.europesays.com\/no\/wp-content\/uploads\/2025\/12\/ccd07e5f-ead6-4d5f-8924-dac8c4835cb6\"  style=\"object-position:50% 50%;aspect-ratio:var(--gallery-aspect-ratio, 16 \/ 9)\"\/>Foto: Dag B\u00e6verfjord \/ VG<\/li>\n<li class=\"_item_1qa3s_37\" data-index=\"3\"><img decoding=\"async\" class=\"_image_foru8_23 _articleGallery_foru8_39\" data-fullscreen- width=\"3543\" height=\"2811\" itemprop=\"image\" loading=\"lazy\"  src=\"https:\/\/www.europesays.com\/no\/wp-content\/uploads\/2025\/12\/f31ddd41-a764-4f82-871e-e98da1f1a9db\"  style=\"object-position:50% 50%;aspect-ratio:var(--gallery-aspect-ratio, 16 \/ 9)\"\/>Foto: Dag B\u00e6verfjord \/ VG<\/li>\n<\/ul>\n<p>Foto: Dag B\u00e6verfjord \/ VG<\/p>\n<p class=\"_paragraph_o9xde_4 _paragraph_xtcu6_10 layout-component text-serif-m layout-normal layout-padded\"><strong class=\"_strong_o9xde_25\">Les ogs\u00e5:<\/strong> <a href=\"https:\/\/www.vg.no\/i\/0VG3y2\" data-track-element-type=\"Link\" data-track-id=\"link:0VG3y2\" class=\"_link_o9xde_39\" rel=\"nofollow noopener\" target=\"_blank\">Drapsd\u00f8mte Arnfinn Nesset mener saken hans b\u00f8r belyses p\u00e5 nytt<\/a><\/p>\n<p>Trakk tilst\u00e5else<\/p>\n<p class=\"_paragraph_o9xde_4 _paragraph_xtcu6_10 layout-component text-serif-m layout-normal text-serif-m layout-padded\">Nesset hevdet at han hadde kj\u00f8pt stoffet for \u00e5 avlive en hund, men ble ikke trodd i retten. <\/p>\n<p class=\"_paragraph_o9xde_4 _paragraph_xtcu6_10 layout-component text-serif-m layout-normal text-serif-m layout-padded\">Han innr\u00f8mmet i politiavh\u00f8r at han hadde brukt Curacit til \u00e5 ta liv. Men Nesset trakk alle tilst\u00e5elsene like f\u00f8r rettssaken. <\/p>\n<p><img alt=\"Arnfinn Nesset avbildet i forbindelse med rettssaken i 1982.   Foto: Ragnar Albertsen \/ VG\" class=\"_image_qp4xg_65 layout-component layout-normal\" data-fullscreen- data-track-element-type=\"Article image fullscreen\" data-track-name=\"ImageFullscreen\" decoding=\"async\" loading=\"lazy\" height=\"4918\" itemprop=\"image\"  src=\"https:\/\/www.europesays.com\/no\/wp-content\/uploads\/2025\/12\/013ccbd9-7413-4315-aa77-c294d9ae668c\"  style=\"object-position:0% 0%\" width=\"6684\"\/>Arnfinn Nesset avbildet i forbindelse med rettssaken i 1982.   Foto: Ragnar Albertsen \/ VG<\/p>\n<p class=\"_paragraph_o9xde_4 _paragraph_xtcu6_10 layout-component text-serif-m layout-normal text-serif-m layout-padded\">Nesset gjorde et intervju med NRK-journalist Jon Gelius i 2024. Resultatet ble en podkast om saken p\u00e5 fire episoder. <\/p>\n<p class=\"_paragraph_o9xde_4 _paragraph_xtcu6_10 layout-component text-serif-m layout-normal text-serif-m layout-padded\">Der kommenterte han blant annet tilst\u00e5elsene han senere trakk:<\/p>\n<p class=\"_paragraph_o9xde_4 _paragraph_xtcu6_10 layout-component text-serif-m layout-normal text-serif-m layout-padded\">\u2013 Jeg husker godt at jeg tilsto. De truet meg med at de skulle grave opp disse menneskene som var d\u00f8de. Det synes jeg var s\u00e5 forferdelig at jeg sa at da er det bedre at jeg tar det p\u00e5 meg, hevdet Nesset.<\/p>\n<p class=\"_paragraph_o9xde_4 _paragraph_xtcu6_10 layout-component text-serif-m layout-normal layout-padded\"><strong class=\"_strong_o9xde_25\">Les ogs\u00e5:<\/strong> <a href=\"https:\/\/www.vg.no\/i\/8qBe6G\" data-track-element-type=\"Link\" data-track-id=\"link:8qBe6G\" class=\"_link_o9xde_39\" rel=\"nofollow noopener\" target=\"_blank\">Nytt lys p\u00e5 seriemordene i Orkdal<\/a><\/p>\n<p>Ville ha nytt lys<\/p>\n<p class=\"_paragraph_o9xde_4 _paragraph_xtcu6_10 layout-component text-serif-m layout-normal text-serif-m layout-padded\">Han mente ogs\u00e5 at saken hans burde belyses p\u00e5 nytt. <\/p>\n<p class=\"_paragraph_o9xde_4 _paragraph_xtcu6_10 layout-component text-serif-m layout-normal text-serif-m layout-padded\">\u2013 Jeg har h\u00f8rt litt om saker som er blitt tatt opp, og da tenker jeg som s\u00e5: Min sak burde ogs\u00e5 ha v\u00e6rt tatt opp og belyst mer, eller hvordan den har v\u00e6rt, sa Nesset. <\/p>\n<ul class=\"_gallery_1qa3s_23\" tabindex=\"0\">\n<li class=\"_item_1qa3s_37\" data-index=\"0\"><img decoding=\"async\" class=\"_image_foru8_23 _articleGallery_foru8_39\" data-fullscreen- width=\"3226\" height=\"4875\" itemprop=\"image\" loading=\"lazy\"  src=\"https:\/\/www.europesays.com\/no\/wp-content\/uploads\/2025\/12\/766ff4d2-9252-4123-8cb2-d3c55155a005\"  style=\"object-position:50% 50%;aspect-ratio:var(--gallery-aspect-ratio, 16 \/ 9)\"\/>Foto: Dag B\u00e6verfjord \/ VG<\/li>\n<li class=\"_item_1qa3s_37\" data-index=\"1\"><img decoding=\"async\" class=\"_image_foru8_23 _articleGallery_foru8_39\" data-fullscreen- width=\"2717\" height=\"3579\" itemprop=\"image\" loading=\"lazy\"  src=\"https:\/\/www.europesays.com\/no\/wp-content\/uploads\/2025\/12\/f8e5c1b4-6588-43fa-8aa8-5b91fa074207\"  style=\"object-position:50% 50%;aspect-ratio:var(--gallery-aspect-ratio, 16 \/ 9)\"\/>Foto: Dag B\u00e6verfjord \/ VG<\/li>\n<\/ul>\n<p>Foto: Dag B\u00e6verfjord \/ VG<\/p>\n<p class=\"_paragraph_o9xde_4 _paragraph_xtcu6_10 layout-component text-serif-m layout-normal text-serif-m layout-padded\">I intervjuet fortalte han ogs\u00e5 at religion var viktig for ham.<\/p>\n<p class=\"_paragraph_o9xde_4 _paragraph_xtcu6_10 layout-component text-serif-m layout-normal text-serif-m layout-padded\">\u2013 Jeg har en sterk gudstro. Den har holdt meg oppe. Jeg har v\u00e6rt vant i alle disse \u00e5rene \u00e5 g\u00e5 til Gud med alle ting. Og det har styrket meg, sa han til NRK. <\/p>\n<p class=\"_paragraph_o9xde_4 _paragraph_xtcu6_10 layout-component text-serif-m layout-normal layout-padded\"><strong class=\"_strong_o9xde_25\">Les ogs\u00e5:<\/strong> <a href=\"https:\/\/www.vg.no\/i\/738MdB\" data-track-element-type=\"Link\" data-track-id=\"link:738MdB\" class=\"_link_o9xde_39\" rel=\"nofollow noopener\" target=\"_blank\">Sykepleierne som utf\u00f8rte massedrap: \u00ab\u00d8nsket rolige nattevakter\u00bb<\/a><\/p>\n","protected":false},"excerpt":{"rendered":"\u2013 Jeg kan bekrefte at Arnfinn Nesset d\u00f8de tirsdag. Han sovnet fredfullt inn p\u00e5 et sykehjem, sier advokat&hellip;\n","protected":false},"author":2,"featured_media":103110,"comment_status":"","ping_status":"","sticky":false,"template":"","format":"standard","meta":{"footnotes":""},"categories":[5],"tags":[13023,20,21,377,2320,24,25,15,19,13025,148,22,23,17,18,13,30,28,29,14,13024,16,26,27],"class_list":{"0":"post-103109","1":"post","2":"type-post","3":"status-publish","4":"format-standard","5":"has-post-thumbnail","7":"category-overskrifter","8":"tag-arnfinn-nesset","9":"tag-breaking-news","10":"tag-breakingnews","11":"tag-drap","12":"tag-drap-i-norge","13":"tag-featured-news","14":"tag-featurednews","15":"tag-headlines","16":"tag-hovedoppslag","17":"tag-kriminalhistorie","18":"tag-kriminalitet","19":"tag-latest-news","20":"tag-latestnews","21":"tag-main-news","22":"tag-mainnews","23":"tag-news","24":"tag-no","25":"tag-norge","26":"tag-norway","27":"tag-nyheter","28":"tag-orkdal","29":"tag-overskrifter","30":"tag-top-stories","31":"tag-topstories"},"share_on_mastodon":{"url":"https:\/\/pubeurope.com\/@no\/115655454536025221","error":""},"_links":{"self":[{"href":"https:\/\/www.europesays.com\/no\/wp-json\/wp\/v2\/posts\/103109","targetHints":{"allow":["GET"]}}],"collection":[{"href":"https:\/\/www.europesays.com\/no\/wp-json\/wp\/v2\/posts"}],"about":[{"href":"https:\/\/www.europesays.com\/no\/wp-json\/wp\/v2\/types\/post"}],"author":[{"embeddable":true,"href":"https:\/\/www.europesays.com\/no\/wp-json\/wp\/v2\/users\/2"}],"replies":[{"embeddable":true,"href":"https:\/\/www.europesays.com\/no\/wp-json\/wp\/v2\/comments?post=103109"}],"version-history":[{"count":0,"href":"https:\/\/www.europesays.com\/no\/wp-json\/wp\/v2\/posts\/103109\/revisions"}],"wp:featuredmedia":[{"embeddable":true,"href":"https:\/\/www.europesays.com\/no\/wp-json\/wp\/v2\/media\/103110"}],"wp:attachment":[{"href":"https:\/\/www.europesays.com\/no\/wp-json\/wp\/v2\/media?parent=103109"}],"wp:term":[{"taxonomy":"category","embeddable":true,"href":"https:\/\/www.europesays.com\/no\/wp-json\/wp\/v2\/categories?post=103109"},{"taxonomy":"post_tag","embeddable":true,"href":"https:\/\/www.europesays.com\/no\/wp-json\/wp\/v2\/tags?post=103109"}],"curies":[{"name":"wp","href":"https:\/\/api.w.org\/{rel}","templated":true}]}}