{"id":103117,"date":"2025-12-03T11:53:08","date_gmt":"2025-12-03T11:53:08","guid":{"rendered":"https:\/\/www.europesays.com\/no\/103117\/"},"modified":"2025-12-03T11:53:08","modified_gmt":"2025-12-03T11:53:08","slug":"hamas-krigere-fanget-i-tunneler-i-gaza-nrk-urix-utenriksnyheter-og-dokumentarer","status":"publish","type":"post","link":"https:\/\/www.europesays.com\/no\/103117\/","title":{"rendered":"Hamas-krigere fanget i tunneler i Gaza \u2013 NRK Urix \u2013 Utenriksnyheter og -dokumentarer"},"content":{"rendered":"<p>Flere titalls Hamas-krigere er fanget i tunneler under omr\u00e5der som den israelske h\u00e6ren kontrollerer.<\/p>\n<p>\u2013 I praksis s\u00e5 er det ingen kommunikasjon med disse krigerne som befinner seg i Rafah. Jeg har ikke informasjon om at enkelte grupper som befinner seg der har f\u00e5tt med seg at det er v\u00e5penhvile, sier talsperson Hazem Kasem i Hamas` v\u00e6pnede fl\u00f8y til NRK.<\/p>\n<p><a href=\"https:\/\/www.timesofisrael.com\/kushner-netanyahu-still-seeking-solution-to-impasse-on-terrorists-in-rafah-tunnels\/\" ec-id=\"https:\/\/www.timesofisrael.com\/kushner-netanyahu-still-seeking-solution-to-impasse-on-terrorists-in-rafah-tunnels\/\" ec-name=\"Israelske medier skriver at det dreier seg om et sted mellom 100 og 200\" rel=\"nofollow noopener\" target=\"_blank\">Israelske medier skriver at det dreier seg om et sted mellom 100 og 200<\/a>, men Hamas har opplyst om at det n\u00e5 dreier seg om et sted mellom 60 og 80.<\/p>\n<p>Mange drept<\/p>\n<p>De som stikker hodene sine ut, risikerer \u00e5 bli skutt av israelske styrker som driver en intens jakt p\u00e5 dem. If\u00f8lge den israelske h\u00e6ren er over 30 drept i fors\u00f8ket p\u00e5 \u00e5 flykte fra tunnelnettverk i Rafah siden v\u00e5penhvilen. <a href=\"https:\/\/www.timesofisrael.com\/hamas-commander-killed-trying-to-flee-rafah-tunnel-slain-idf-soldiers-rifle-recovered\/\" ec-id=\"https:\/\/www.timesofisrael.com\/hamas-commander-killed-trying-to-flee-rafah-tunnel-slain-idf-soldiers-rifle-recovered\/\" ec-name=\"S\u00e5 sent som p\u00e5 s\u00f8ndag ble fire drept p\u00e5 denne m\u00e5ten.\" rel=\"nofollow noopener\" target=\"_blank\">S\u00e5 sent som p\u00e5 s\u00f8ndag ble fire drept p\u00e5 denne m\u00e5ten. <\/a><\/p>\n<p><img decoding=\"async\"   src=\"data:image\/gif;base64,R0lGODlhAQABAIAAAAAAAP\/\/\/yH5BAEAAAAALAAAAAABAAEAAAIBRAA7\" loading=\"eager\" alt=\"To soldater i milit\u00e6runiform g\u00e5r langs en dyp gruve utenfor en bygning merket &quot;EMERGENCY&quot;. Omgivelsene er preget av gr\u00f8nt og brunt landskap, med palmer i bakgrunnen. Det er synlige skader i bakken, og en del av bygningens struktur er synlig bak soldatene. Noen personer kan skues fra vinduene i bygningen.\" title=\"Foto: Ronen Zvulun \/ Reuters \/ NTB\"\/><\/p>\n<p class=\"\">Israelske soldater ved en tunnel ved et sykehus i Khan Younis, 8. juni.<\/p>\n<p>Foto: Ronen Zvulun \/ Reuters \/ NTB<\/p>\n<p>Situasjonen for de som er fanget under de israelske milit\u00e6rpostene i Rafah er uklar.<\/p>\n<p>\u2013 De pr\u00f8ver \u00e5 klare seg med det de har, men det er uten tvil en vanskelig situasjon. Sikkerhetssituasjonen er komplisert og vi ser hvordan okkupasjonsmakten dreper dem kontinuerlig, sier Kasem til NRK.<\/p>\n<p>Israelsk milit\u00e6r sone<\/p>\n<p>Store gule betongklosser er satt ut p\u00e5 bakken tvers igjennom Gaza og deler landstripen i to. De markerer omr\u00e5det som den israelske h\u00e6ren trakk seg tilbake til da v\u00e5penhvilen tr\u00e5dte i kraft 10. oktober.<\/p>\n<p><img decoding=\"async\"   src=\"data:image\/gif;base64,R0lGODlhAQABAIAAAAAAAP\/\/\/yH5BAEAAAAALAAAAAABAAEAAAIBRAA7\" loading=\"eager\" alt=\"Et stort gult skilt er plassert p\u00e5 en \u00f8de byggeplass med \u00f8delagte bygninger i bakgrunnen. Landskapet er preget av \u00f8delagte strukturer og ugress. Det er en st\u00f8vete, nederlende omgivelse uten synlige mennesker. Skiltet har hebraiske tegn, men teksten er delvis utydelig.\" title=\"Foto: BASHAR TALEB \/ AFP \/ NTB\"\/><\/p>\n<p class=\"\">Slike gule betongklosser markerer omr\u00e5det den israelske h\u00e6ren har trukket seg tilbake til under v\u00e5penhvilen. <\/p>\n<p>Foto: BASHAR TALEB \/ AFP \/ NTB<\/p>\n<p>Omr\u00e5det tilsvarer over 50 prosent av Gaza og den israelske h\u00e6ren har full kontroll. Det er under bakken i dette omr\u00e5det, ved den s\u00f8rlige byen Rafah, at det befinner seg flere titalls militante palestinere.<\/p>\n<p>Det bekrefter talsmannen for Hamas` v\u00e6pnede fl\u00f8y som et team NRK samarbeider med har m\u00f8tt i Khan Younis.<\/p>\n<p>Hamas hadde et omfattende nettverk av tunneler f\u00f8r krigen startet, bygd opp over mange \u00e5r. Her lagret de v\u00e5pen, forsyninger og det var her de hadde sine kommandosentraler.<\/p>\n<p>Flere av gislene som ble tatt under 7. oktober-angrepet ble ogs\u00e5 sittende i slike tunnelene. Etter to \u00e5r med israelsk krigf\u00f8ring er det meste av tunnelsystemet lagt i ruiner.<\/p>\n<p>Megling p\u00e5g\u00e5r<\/p>\n<p>Hamas krever at Israel gir de militante palestinerne i tunnelene en trygg vei ut. Meglere fra USA, Egypt, Tyrkia og Qatar fors\u00f8ker \u00e5 komme fram til en l\u00f8sning. Meningen er at de skal f\u00e5 forlate tunnelene, avv\u00e6pnes og komme seg ut av den israelskkontrollerte sonen.<\/p>\n<p><img decoding=\"async\"   src=\"data:image\/gif;base64,R0lGODlhAQABAIAAAAAAAP\/\/\/yH5BAEAAAAALAAAAAABAAEAAAIBRAA7\" loading=\"eager\" alt=\"Hamas\" title=\"Foto: Jehad Alshrafi \/ AP \/ NTB\"\/><\/p>\n<p class=\"\">Hamas-krigere b\u00e6rer ut et lik fra en tunnel i Khan Younis 28. oktober.<\/p>\n<p>Foto: Jehad Alshrafi \/ AP \/ NTB<\/p>\n<p>Et forslag g\u00e5r ut p\u00e5 at de skal overgi sine v\u00e5pen til Egypt, og oppgi detaljer om tunnelene slik at de kan \u00f8delegges.<\/p>\n<p>\u2013 Vi har flere ganger fors\u00f8kt \u00e5 l\u00f8se problemet, men okkupasjonsmakten trekker seg, sier Kasem.<\/p>\n<p><strong>Bakgrunnen for de diplomatiske fors\u00f8kene p\u00e5 \u00e5 l\u00f8se saken er at man ikke \u00f8nsker at kamper mellom disse Hamas-krigerne og IDF skal f\u00f8re til at v\u00e5penhvilen, og dermed hele rammeverket for en fred, blir satt ytterligere i fare.<\/strong><\/p>\n<p>Israel er under press, men er ikke villige til \u00e5 gi dem noen form for amnesti, if\u00f8lge flere israelske medier.<\/p>\n<p>Spredte kamper<\/p>\n<p><a href=\"https:\/\/www.nrk.no\/urix\/gazas-sivilforsvar_-minst-100-drept-i-angrep-i-gaza-1.17630808\" ec-id=\"pp:article:1.17630808\" ec-name=\"Det var kamper mellom Hamas-krigere og israelske soldater i Rafah som f\u00f8rte til at Israel bombet flere byer og at over 100 palestinere ble drept i slutten av oktober.\" rel=\"nofollow noopener\" target=\"_blank\">Det var kamper mellom Hamas-krigere og israelske soldater i Rafah som f\u00f8rte til at Israel bombet flere byer og at over 100 palestinere ble drept i slutten av oktober. <\/a><\/p>\n<p>\u2013 Okkupasjonsmakten fors\u00f8ker \u00e5 komme til dem ved \u00e5 grave i tunnelene. Dette f\u00f8rer til kamper, og det har skjedd flere ganger. Israel framprovoserer kamper, slik at de kan bryte v\u00e5penhvilen i Gaza, sier Kasem.<\/p>\n<p><strong>NRK har v\u00e6rt i kontakt med b\u00e5de den israelske h\u00e6ren, det israelske forsvarsdepartementet og statsminister Benjamin Netanyahus kontor. De har latt v\u00e6re \u00e5 svare p\u00e5 sp\u00f8rsm\u00e5l om saken.<\/strong><\/p>\n<p>Publisert<\/p>\n<p>03.12.2025, kl. 12.26<\/p>\n","protected":false},"excerpt":{"rendered":"Flere titalls Hamas-krigere er fanget i tunneler under omr\u00e5der som den israelske h\u00e6ren kontrollerer. \u2013 I praksis s\u00e5&hellip;\n","protected":false},"author":2,"featured_media":103118,"comment_status":"","ping_status":"","sticky":false,"template":"","format":"standard","meta":{"footnotes":""},"categories":[12],"tags":[20,21,24,25,15,22,23,13,30,28,29,14,16,26,27,42,43,44,45],"class_list":{"0":"post-103117","1":"post","2":"type-post","3":"status-publish","4":"format-standard","5":"has-post-thumbnail","7":"category-verden","8":"tag-breaking-news","9":"tag-breakingnews","10":"tag-featured-news","11":"tag-featurednews","12":"tag-headlines","13":"tag-latest-news","14":"tag-latestnews","15":"tag-news","16":"tag-no","17":"tag-norge","18":"tag-norway","19":"tag-nyheter","20":"tag-overskrifter","21":"tag-top-stories","22":"tag-topstories","23":"tag-verden","24":"tag-world","25":"tag-world-news","26":"tag-worldnews"},"share_on_mastodon":{"url":"https:\/\/pubeurope.com\/@no\/115655501664950735","error":""},"_links":{"self":[{"href":"https:\/\/www.europesays.com\/no\/wp-json\/wp\/v2\/posts\/103117","targetHints":{"allow":["GET"]}}],"collection":[{"href":"https:\/\/www.europesays.com\/no\/wp-json\/wp\/v2\/posts"}],"about":[{"href":"https:\/\/www.europesays.com\/no\/wp-json\/wp\/v2\/types\/post"}],"author":[{"embeddable":true,"href":"https:\/\/www.europesays.com\/no\/wp-json\/wp\/v2\/users\/2"}],"replies":[{"embeddable":true,"href":"https:\/\/www.europesays.com\/no\/wp-json\/wp\/v2\/comments?post=103117"}],"version-history":[{"count":0,"href":"https:\/\/www.europesays.com\/no\/wp-json\/wp\/v2\/posts\/103117\/revisions"}],"wp:featuredmedia":[{"embeddable":true,"href":"https:\/\/www.europesays.com\/no\/wp-json\/wp\/v2\/media\/103118"}],"wp:attachment":[{"href":"https:\/\/www.europesays.com\/no\/wp-json\/wp\/v2\/media?parent=103117"}],"wp:term":[{"taxonomy":"category","embeddable":true,"href":"https:\/\/www.europesays.com\/no\/wp-json\/wp\/v2\/categories?post=103117"},{"taxonomy":"post_tag","embeddable":true,"href":"https:\/\/www.europesays.com\/no\/wp-json\/wp\/v2\/tags?post=103117"}],"curies":[{"name":"wp","href":"https:\/\/api.w.org\/{rel}","templated":true}]}}