{"id":103119,"date":"2025-12-03T11:54:08","date_gmt":"2025-12-03T11:54:08","guid":{"rendered":"https:\/\/www.europesays.com\/no\/103119\/"},"modified":"2025-12-03T11:54:08","modified_gmt":"2025-12-03T11:54:08","slug":"britene-er-misfornoyde-med-den-norske-julegrana-nrk-urix-utenriksnyheter-og-dokumentarer","status":"publish","type":"post","link":"https:\/\/www.europesays.com\/no\/103119\/","title":{"rendered":"Britene er misforn\u00f8yde med den norske julegrana \u2013 NRK Urix \u2013 Utenriksnyheter og -dokumentarer"},"content":{"rendered":"<p>Trafalgar Square har f\u00e5tt sin \u00e5rlige julegave fra Oslo kommune. Julegrana fra Oslo-marka er p\u00e5 plass. I morgen tennes julelysene.<\/p>\n<p>Men nysgjerrige briter og turister NRK treffer p\u00e5 den ber\u00f8mte plassen midt i London er ikke overbegeistret i \u00e5r heller.<\/p>\n<p>\u2013 Ser litt spinkelt ut. Jeg hadde ventet et sunnere tre. Det blir tynnere og tynnere for hvert \u00e5r som g\u00e5r, sier Sylvia Scott.<\/p>\n<p><img decoding=\"async\"   src=\"data:image\/gif;base64,R0lGODlhAQABAIAAAAAAAP\/\/\/yH5BAEAAAAALAAAAAABAAEAAAIBRAA7\" loading=\"eager\" alt=\"En kvinne st\u00e5r ved en fontene i Trafalgar Square, London, if\u00f8rt en brun jakke og skjerf. I bakgrunnen monteres et juletre med hjelp av en kran. Det er klart v\u00e6r med noen skyer, og flere personer er synlige i omr\u00e5det. B\u00e5de monumenter og benker er synlige, som gir kontekst til stedet.\" title=\"Foto: Gry Blekastad Alm\u00e5s \/ NRK\"\/><\/p>\n<p class=\"\">Sylvia Scott er redd hun forn\u00e6rmer Norge, men er ikke overbegeistret over juletreet fra Oslo-marka.<\/p>\n<p>Foto: Gry Blekastad Alm\u00e5s \/ NRK<\/p>\n<p>Hun blir litt rundere i kantene n\u00e5r hun forst\u00e5r at hun snakker med en norsk journalist.<\/p>\n<p>\u2013 \u00c5 nei, n\u00e5 har jeg forn\u00e6rmet en hel nasjon. Tusen takk til Norge!<\/p>\n<p>Fraktet med elektrisk lastebil<\/p>\n<p>Det er den 79. gang Oslo kommune sender et norsk juletre til London som en takk for hjelpen under annen verdenskrig. Nytt i \u00e5r er at treet er blitt fraktet med elektrisk lastebil p\u00e5 begge sider. <\/p>\n<p>Det er ogs\u00e5 f\u00f8rste gang at publikum har v\u00e6rt med p\u00e5 \u00e5 velge ut hvilket tre som er sendt til London. <\/p>\n<p>Av frykt for negative kommentarer rundt treets utseende, har Visit Norway hjulpet til med en avstemning p\u00e5 Instagram og TikTok. Den 20 meter h\u00f8ye grana som n\u00e5 er p\u00e5 plass i London vant, opplyser Oslo kommune.<\/p>\n<p>Skuffelse<\/p>\n<p>P\u00e5 en benk med utsikt til juletreet p\u00e5 Trafalgar Square sitter Marilyn Goatley og ektemannen. De f\u00f8lger med n\u00e5r julelysene festes til treet.<\/p>\n<p><img decoding=\"async\"   src=\"data:image\/gif;base64,R0lGODlhAQABAIAAAAAAAP\/\/\/yH5BAEAAAAALAAAAAABAAEAAAIBRAA7\" loading=\"eager\" alt=\"To personer sitter p\u00e5 en benk, en mann i bl\u00e5 jakke og en kvinne i r\u00f8d jakke. Kvinnen holder en kopp og peker mot noe. Omgivelsene er en gr\u00e5 vegg i bakgrunnen. Det er en urbant milj\u00f8.\" title=\"Foto: Gry Blekastad Alm\u00e5s \/ NRK\"\/><\/p>\n<p class=\"\">Marilyn Goatley og ektemannen beskuer den norske julegrana med skeptisk blikk.<\/p>\n<p>Foto: Gry Blekastad Alm\u00e5s \/ NRK<\/p>\n<p>\u2013 Man kan se rett gjennom det. Hvis det hadde v\u00e6rt litt tykkere, s\u00e5 hadde det sett finere ut, sier Goatley.<\/p>\n<p>Diane Hughes er enig. Hun har reist fra Nord-England til London med barnebarnet, og viser henne den norske vennskapsgaven.<\/p>\n<p>\u2013 Den er liten. Jeg hadde ventet meg noe litt st\u00f8rre, sier hun.<\/p>\n<p>En amerikansk turist er enig, og legger lattermildt til:<\/p>\n<p>\u2013 Alt virker litt mindre her.<\/p>\n<p>Oslo-ordf\u00f8rer tar kritikken med et smil<\/p>\n<p>Oslos ordf\u00f8rer Anne Lindboe tar kritikken med et humoristisk smil.<\/p>\n<p><img decoding=\"async\"   src=\"data:image\/gif;base64,R0lGODlhAQABAIAAAAAAAP\/\/\/yH5BAEAAAAALAAAAAABAAEAAAIBRAA7\" loading=\"eager\" alt=\"Et juletre med stjerne st\u00e5r ved foten av Nelsons s\u00f8yler i Trafalgar Square. Et heisel\u00f8ft er plassert ved treet, antakelig for installasjon av juledekorasjoner. I bakgrunnen sees historiske bygninger typisk for London. Skyene er delvis dekket og gir et dempet lys over omr\u00e5det.\" title=\"Foto: Gry Blekastad Alm\u00e5s \/ NRK\"\/><\/p>\n<p class=\"\">Lord Nelson har f\u00e5tt sitt \u00e5rlige desemberselskap p\u00e5 Trafalgar Square i London.<\/p>\n<p>Foto: Gry Blekastad Alm\u00e5s \/ NRK<\/p>\n<p>\u2013 Det er fantastisk at juletregaven fra Oslo, i \u00e5r ogs\u00e5 skaper engasjement. Men det er litt det samme med et 60 \u00e5r gammelt juletre som med oss voksne kvinner. Vi trenger litt ekstra tid p\u00e5 badet f\u00f8r vi er helt klar. De som synes treet ser litt lite og spinkelt ut, h\u00e5per jeg kommer tilbake n\u00e5r det er ferdig pyntet og skinner i all sin prakt. <\/p>\n<p>Hun h\u00e5per befolkningen i London f\u00f8ler at det n\u00e6rmer seg jul n\u00e5 som treet er p\u00e5 plass.<\/p>\n<p>Og noen er begeistret allerede. Et tilreisende par og tar selfie med treet i bakgrunnen.<\/p>\n<p>\u2013 Vi liker treet, det er veldig fint. Og det blir nydelig n\u00e5r all pynten kommer p\u00e5, sier kvinnen, som ikke sier hva hun heter.<\/p>\n<p><img decoding=\"async\"   src=\"data:image\/gif;base64,R0lGODlhAQABAIAAAAAAAP\/\/\/yH5BAEAAAAALAAAAAABAAEAAAIBRAA7\" loading=\"eager\" alt=\"To personer tar en selfie foran en h\u00f8y julegran og en s\u00f8yle med statue i kommunen. I bakgrunnen sees bygninger og en klokket\u00e5rn. Det er overskyet, og lyset er dempet. Omgivelsene tyder p\u00e5 en urban setting, muligens i en storby.\" title=\"Foto: Gry Blekastad Alm\u00e5s \/ NRK\"\/><\/p>\n<p class=\"\">Disse turistene syns treet er kjempefint, og \u00f8nsker alle en riktig god jul.<\/p>\n<p>Foto: Gry Blekastad Alm\u00e5s \/ NRK<\/p>\n<p>S\u00e5 mye pynt, blir det riktignok ikke. Bare lyslenker, som tennes i morgen kveld. De henger vertikalt. Mange briter \u00f8nsker seg lyslenker som snurres rundt treet, men det er ikke tradisjonen her.<\/p>\n<p>Det viktigste er likevel at det skaper julestemning. Og skal vi tro den navnl\u00f8se turisten, s\u00e5 er den p\u00e5 vei.<\/p>\n<p>\u2013 Jeg liker det veldig godt. God jul alle sammen!<\/p>\n<p>Publisert<\/p>\n<p>03.12.2025, kl. 10.46<\/p>\n","protected":false},"excerpt":{"rendered":"Trafalgar Square har f\u00e5tt sin \u00e5rlige julegave fra Oslo kommune. Julegrana fra Oslo-marka er p\u00e5 plass. I morgen&hellip;\n","protected":false},"author":2,"featured_media":103120,"comment_status":"","ping_status":"","sticky":false,"template":"","format":"standard","meta":{"footnotes":""},"categories":[10],"tags":[20,21,24,25,15,22,23,13,30,28,29,14,16,26,27],"class_list":{"0":"post-103119","1":"post","2":"type-post","3":"status-publish","4":"format-standard","5":"has-post-thumbnail","7":"category-norge","8":"tag-breaking-news","9":"tag-breakingnews","10":"tag-featured-news","11":"tag-featurednews","12":"tag-headlines","13":"tag-latest-news","14":"tag-latestnews","15":"tag-news","16":"tag-no","17":"tag-norge","18":"tag-norway","19":"tag-nyheter","20":"tag-overskrifter","21":"tag-top-stories","22":"tag-topstories"},"share_on_mastodon":{"url":"https:\/\/pubeurope.com\/@no\/115655505632915990","error":""},"_links":{"self":[{"href":"https:\/\/www.europesays.com\/no\/wp-json\/wp\/v2\/posts\/103119","targetHints":{"allow":["GET"]}}],"collection":[{"href":"https:\/\/www.europesays.com\/no\/wp-json\/wp\/v2\/posts"}],"about":[{"href":"https:\/\/www.europesays.com\/no\/wp-json\/wp\/v2\/types\/post"}],"author":[{"embeddable":true,"href":"https:\/\/www.europesays.com\/no\/wp-json\/wp\/v2\/users\/2"}],"replies":[{"embeddable":true,"href":"https:\/\/www.europesays.com\/no\/wp-json\/wp\/v2\/comments?post=103119"}],"version-history":[{"count":0,"href":"https:\/\/www.europesays.com\/no\/wp-json\/wp\/v2\/posts\/103119\/revisions"}],"wp:featuredmedia":[{"embeddable":true,"href":"https:\/\/www.europesays.com\/no\/wp-json\/wp\/v2\/media\/103120"}],"wp:attachment":[{"href":"https:\/\/www.europesays.com\/no\/wp-json\/wp\/v2\/media?parent=103119"}],"wp:term":[{"taxonomy":"category","embeddable":true,"href":"https:\/\/www.europesays.com\/no\/wp-json\/wp\/v2\/categories?post=103119"},{"taxonomy":"post_tag","embeddable":true,"href":"https:\/\/www.europesays.com\/no\/wp-json\/wp\/v2\/tags?post=103119"}],"curies":[{"name":"wp","href":"https:\/\/api.w.org\/{rel}","templated":true}]}}