{"id":103123,"date":"2025-12-03T11:59:14","date_gmt":"2025-12-03T11:59:14","guid":{"rendered":"https:\/\/www.europesays.com\/no\/103123\/"},"modified":"2025-12-03T11:59:14","modified_gmt":"2025-12-03T11:59:14","slug":"fastlegen-fra-oslo-hjelper-flomofre-i-vietnam-nrk-urix-utenriksnyheter-og-dokumentarer","status":"publish","type":"post","link":"https:\/\/www.europesays.com\/no\/103123\/","title":{"rendered":"Fastlegen fra Oslo hjelper flomofre i Vietnam \u2013 NRK Urix \u2013 Utenriksnyheter og -dokumentarer"},"content":{"rendered":"<p>En stund vurderte han \u00e5 avbestille det som skulle v\u00e6rt ferieturen til Vietnam.<\/p>\n<p>Men bildene og videoene fra slekt og venner i de flomrammede omr\u00e5dene sentralt i Vietnam overbeviste Cuu Duong om at han ikke kunne bli sittende hjemme i Oslo.<\/p>\n<p><strong>\u2013 Folk er veldig hardt rammet. Det er en befolkning som allerede har lite fra f\u00f8r. N\u00e5 har de mistet hjemmene sine, sier Duong, som ellers jobber som fastlege, til NRK.<\/strong><\/p>\n<p>\u2013 Det er traumatisk for dem det gjelder.<\/p>\n<p>    <img alt=\"Cuu Duong i Hoa Thinh i Vietnam\"  loading=\"lazy\"\/><img alt=\"Cuu Duong i Hoa Thinh i Vietnam\"  loading=\"lazy\"\/><\/p>\n<p>Skader p\u00e5 bygninger i Hoa Th\u1ecbnh i Vietnam 3. desember.<\/p>\n<p>Privat<\/p>\n<p>Skal gi bort penger<\/p>\n<p>Onsdag er 52-\u00e5ringen i Hoa Thinh, ikke langt fra der tyfonen \u00abKalmaegi\u00bb traff land med full styrke tidligere i november. Da hadde stormen allerede f\u00f8rt til store \u00f8deleggelser p\u00e5 Filippinene.<\/p>\n<p>Etter \u00abKalmaegi\u00bb ble Vietnam ogs\u00e5 rammet av et voldsomt styrtregn, som f\u00f8rte til ytterligere oversv\u00f8mmelser og jordras. If\u00f8lge myndighetene ble det registrert minst 90 d\u00f8de og skader p\u00e5 200.000 hus, skrev <a href=\"https:\/\/www.bbc.com\/news\/articles\/cwywl8g31g7o\" ec-id=\"https:\/\/www.bbc.com\/news\/articles\/cwywl8g31g7o\" ec-name=\"BBC\" rel=\"nofollow noopener\" target=\"_blank\">BBC<\/a>.<\/p>\n<p>Stormene i S\u00f8r\u00f8st-Asia<\/p>\n<p>I slutten av november oppsto det tre store stormer i S\u00f8r\u00f8st-Asia.<\/p>\n<p><strong>Tyfonen \u00abKoto\u00bb<\/strong><strong> <\/strong>oppsto 23. november og feide inn over Filippinene. Den er n\u00e5 i ferd med \u00e5 d\u00f8 ut utenfor kysten av Vietnam.<\/p>\n<p><strong>Syklonen \u00abDitwah\u00bb<\/strong><strong> <\/strong>oppsto 26. november og traff Sri Lanka dagen etterp\u00e5. Den krysset \u00f8ya og d\u00f8de ut utenf\u00f8r Indias s\u00f8rkyst.<\/p>\n<p><strong>Syklonen \u00abSenyar\u00bb<\/strong> oppsto 27. november i Malakka-stredet mellom Malaysia og den indonesiske \u00f8ya Sumatra. Den krysset Malaysia og d\u00f8de ut s\u00f8r for kysten av Vietnam.<\/p>\n<p>I slutten av oktober og begynnelsen av november feide ytterligere to tyfoner gjennom Filippinene:<\/p>\n<p><strong>\u00abKalmaegi\u00bb<\/strong><strong> <\/strong>traff Vietnam og d\u00f8de ut i grenseomr\u00e5det mellom Thailand, Kambodsja og Laos.<\/p>\n<p><strong>\u00abFung-wong\u00bb<\/strong><strong> <\/strong>reiste nordover utenfor kysten av Kina og Taiwan.<\/p>\n<p>Duong forteller om hus som har f\u00e5tt veggene sine revet av, eller som har bl\u00e5st over ende. Folk han har snakket med, har beskrevet hvordan vannmengdene rev med seg mennesker og hus.<\/p>\n<p>\u2013 Behovet for akutt n\u00f8dhjelp er stort. S\u00e6rlig n\u00e5r det gjelder mat og kl\u00e6r og gjenoppbygging, sier Duong.<\/p>\n<p>    <img alt=\"Flomrammede Ho Thnh i Vietnam\"  loading=\"lazy\"\/><img alt=\"Flomrammede Ho Thnh i Vietnam\"  loading=\"lazy\"\/><\/p>\n<p>Folk i Ho\u00e0 Th\u1ecbnh venter p\u00e5 vann og n\u00f8dhjelp 2. desember.<\/p>\n<p>Privat<\/p>\n<p><strong>Selv har han med seg titusenvis av kroner som han skal gi til folk som trenger det. Pengene er fra egen lomme og er donert av familie og venner.<\/strong><\/p>\n<p>Duong forteller at det har v\u00e6rt krevende \u00e5 komme frem til husene i de flomrammede omr\u00e5dene.<\/p>\n<p>En eldre, skr\u00f8pelig dame som h\u00f8rte at han skulle komme til landsbyen, klarte s\u00e5 vidt \u00e5 ta seg ut av hjemmet sitt for \u00e5 m\u00f8te ham og f\u00e5 penger. Da hadde hun ikke spist p\u00e5 tre dager, if\u00f8lge Duong, som forteller at han m\u00e5tte b\u00e6re henne inn i huset igjen.<\/p>\n<p>\u2013 Det jeg gj\u00f8r er kanskje ikke mye, men det betyr mye for dem som f\u00e5r hjelpen, sier han.<\/p>\n<p>    <img decoding=\"async\" class=\"dh-video-videoLoop__fallbackImage\" src=\"https:\/\/www.europesays.com\/no\/wp-content\/uploads\/2025\/12\/6f20cec5-9046-482c-a0ce-c59046882c41_360.jpg\" alt=\"\"\/><video preload=\"none\" muted=\"\" poster=\"https:\/\/www.europesays.com\/no\/wp-content\/uploads\/2025\/12\/6f20cec5-9046-482c-a0ce-c59046882c41_360.jpg\" style=\"--poster:url(https:\/\/www.europesays.com\/no\/wp-content\/uploads\/2025\/12\/6f20cec5-9046-482c-a0ce-c59046882c41_360.jpg);\"><\/video><img decoding=\"async\" class=\"dh-video-videoLoop__fallbackImage\" src=\"https:\/\/www.europesays.com\/no\/wp-content\/uploads\/2025\/12\/6f20cec5-9046-482c-a0ce-c59046882c41_720.jpg\" alt=\"\"\/><video preload=\"none\" muted=\"\" poster=\"https:\/\/www.europesays.com\/no\/wp-content\/uploads\/2025\/12\/6f20cec5-9046-482c-a0ce-c59046882c41_720.jpg\" style=\"--poster:url(https:\/\/www.europesays.com\/no\/wp-content\/uploads\/2025\/12\/6f20cec5-9046-482c-a0ce-c59046882c41_720.jpg);\"><\/video><img decoding=\"async\" class=\"dh-video-videoLoop__fallbackImage\" src=\"https:\/\/www.europesays.com\/no\/wp-content\/uploads\/2025\/12\/6f20cec5-9046-482c-a0ce-c59046882c41_1080.jpg\" alt=\"\"\/><video preload=\"none\" muted=\"\" poster=\"https:\/\/www.europesays.com\/no\/wp-content\/uploads\/2025\/12\/6f20cec5-9046-482c-a0ce-c59046882c41_1080.jpg\" style=\"--poster:url(https:\/\/www.europesays.com\/no\/wp-content\/uploads\/2025\/12\/6f20cec5-9046-482c-a0ce-c59046882c41_1080.jpg);\"><\/video><\/p>\n<p>Skader etter flom i H\u00f2a Th\u1ecbnh<\/p>\n<p>Privat<\/p>\n<p>Samtidig er det mer regn i vente i kystomr\u00e5det sentralt i Vietnam. Duong forteller at han onsdag har v\u00e6rt i omr\u00e5der der vannet rekker opp til kn\u00e6rne.<\/p>\n<p>Over 1300 d\u00f8de<\/p>\n<p>\u00abKalmaegi\u00bb er \u00e9n av flere sterke tyfoner, eller sykloner som det heter i S\u00f8r-Asia, som den siste m\u00e5neden har f\u00e5tt katastrofale konsekvenser i S\u00f8r\u00f8st-Asia.<\/p>\n<p>Den siste dr\u00f8ye uka har ytterligere tre sterke stormer rammet s\u00e6rlig Sri Lanka, Malaysia og Indonesia og Filippinene. For tiden er tyfonen \u00abKoto\u00bb i ferd med \u00e5 d\u00f8 ut utenfor kysten av Vietnam, der Cuu Duong befinner seg.<\/p>\n<p>Til sammen har disse tre uv\u00e6rene krevd over 1300 liv, i Indonesia, Sri Lanka og Thailand, skriver <a href=\"https:\/\/news.sky.com\/story\/rescue-efforts-continue-across-south-of-asia-as-floods-death-toll-climbs-13477761\" ec-id=\"https:\/\/news.sky.com\/story\/rescue-efforts-continue-across-south-of-asia-as-floods-death-toll-climbs-13477761\" ec-name=\"A\" rel=\"nofollow noopener\" target=\"_blank\">A<\/a><a href=\"https:\/\/apnews.com\/article\/indonesia-thailand-sri-lanka-asia-floods-landslides-c648a0b33070dc1dce739cfddd0c7172\" ec-id=\"https:\/\/apnews.com\/article\/indonesia-thailand-sri-lanka-asia-floods-landslides-c648a0b33070dc1dce739cfddd0c7172\" ec-name=\"P\" rel=\"nofollow noopener\" target=\"_blank\">P<\/a>. Flere enn 700 er bekreftet i Indonesia. Flere enn 400 p\u00e5 Sri Lanka.<\/p>\n<p>    \u2190<\/p>\n<ul data-scroll-container=\"\" role=\"list\" aria-label=\"Bildegalleri\">\n<li><img alt=\"En mann b\u00e6rer en eldre mann i armene sine gjennom oversv\u00f8mte gater.\"  width=\"3840\" height=\"2560\" loading=\"lazy\"\/>\n<p>En mann b\u00e6rer en eldre mann gjennom en oversv\u00f8mt gate utenfor Colombo.<\/p>\n<p> Foto: ISHARA S. KODIKARA \/ AFP \/ NTB <\/li>\n<li><img alt=\"En helikopter svever i luften, med en redningsmann som er heist ned.\"  width=\"3840\" height=\"2560\" loading=\"lazy\"\/>\n<p>En person i Kolonnawa vest p\u00e5 Sri Lanka reddes av helikopter.<\/p>\n<p> Foto: Thilina Kaluthotage \/ Reuters \/ NTB <\/li>\n<li><img alt=\"En kvinne med hjelm holder et barn, begge ser mot en \u00f8delagt bygning n\u00e6r en flod.\"  width=\"3840\" height=\"2555\" loading=\"lazy\"\/>\n<p>Et tempel i Kandy-distriktet sentralt p\u00e5 Sri Lanka er ramponert.<\/p>\n<p> Foto: Stringer \/ Reuters \/ NTB <\/li>\n<\/ul>\n<p>\u2192<\/p>\n<p>\u2013 Vi gjennomf\u00f8rer den mest krevende redningsoperasjonen i v\u00e5rt lands historie, sa Sri Lankas president Anura Kumara Dissanayake i en TV-tale p\u00e5 s\u00f8ndag.<\/p>\n<p>Millioner av mennesker er evakuert fra hjemmene sine i S\u00f8r\u00f8st-Asia. Flere hundre er savnet, og d\u00f8dstallene er ventet \u00e5 stige.<\/p>\n<p>I tillegg mistet flere hundre mennesker livet i uv\u00e6rene tidligere i november.<\/p>\n<p>1,7 meter regn p\u00e5 24 timer<\/p>\n<p>Flere klimaforskere har p\u00e5pekt at man i \u00e5r har v\u00e6rt vitne til noe uvanlig: Mange av uv\u00e6rene har oppst\u00e5tt n\u00e6rt ekvator.<\/p>\n<p>\u2013 Det skjer sjelden, og det f\u00f8rer til st\u00f8rre konsekvenser fordi lokalsamfunnene har mindre erfaring med dette, sa Clare Nullis, talsperson i Verdens meteorologiske organisasjon (WMO) til pressen.<\/p>\n<p>    Sammenligning av to bilder<\/p>\n<p>14. desember<\/p>\n<p><img alt=\"Satellittbilde av et tett befolket omr\u00e5de med elv og gr\u00f8nt landskap.\" width=\"3840\" height=\"2417\"  loading=\"lazy\"\/><\/p>\n<p>30. november<\/p>\n<p><img alt=\"Bildet viser et satellittbilde av et befolket omr\u00e5de ved en elv, som deler seg i to retninger. \" width=\"3840\" height=\"2417\"  loading=\"lazy\"\/><\/p>\n<p>Oversv\u00f8mmelser i Aceh-provinsen i Indonesia<\/p>\n<p>Vantor \/ AFP<\/p>\n<p>Ved \u00e9n v\u00e6rstasjon sentralt i Vietnam ble det p\u00e5 bare ett d\u00f8gn registrert 1739 mm nedb\u00f8r, fortalte Nullis:<\/p>\n<p><strong>\u2013 Det er det nest h\u00f8yeste tallet noen gang m\u00e5lt, sa hun.<\/strong>\n<\/p>\n<p><img decoding=\"async\"   src=\"data:image\/gif;base64,R0lGODlhAQABAIAAAAAAAP\/\/\/yH5BAEAAAAALAAAAAABAAEAAAIBRAA7\" loading=\"eager\" alt=\"En kvinne sitter ved et bord under en pressekonferanse. Hun har p\u00e5 seg en m\u00f8rk genser med blomsterdetaljer. Bakgrunnen viser flere spr\u00e5k som angir FN og Gen\u00e8ve.\" title=\"Faksimile: FN \/ Reuters\"\/><\/p>\n<p class=\"\">Clare Nullis forteller at det ble registrert rekordmye regn sentralt i Vietnam.<\/p>\n<p>Faksimile: FN \/ Reuters<\/p>\n<p>Klimaforsker Hans Olav Hygen ved Meteorologisk institutt i Norge mener stormene og nedb\u00f8ren kan kobles til endringer i klimaet:<\/p>\n<p><strong>\u2013 Man kommer ikke unna at det er klimaendringer p\u00e5 gang her. Menneskeskapte klimaendringer gir mer ekstremv\u00e6r, sier Hygen til NRK.<br \/>\n<\/strong><\/p>\n<p><img decoding=\"async\"   src=\"data:image\/gif;base64,R0lGODlhAQABAIAAAAAAAP\/\/\/yH5BAEAAAAALAAAAAABAAEAAAIBRAA7\" loading=\"eager\" alt=\"En mann st\u00e5r ute i en park med gule og gr\u00f8nne h\u00f8stblader i bakgrunnen. Han har p\u00e5 seg en svart, quiltet jakke. \" title=\"Foto: Henrik Myhr Nielsen \/ NRK\"\/><\/p>\n<p class=\"\">Klimaforsker Hans Olav Hygen mener at klimaendringer er skyld i ekstremv\u00e6ret som har rammet S\u00f8r\u00f8st-Asia.<\/p>\n<p>Foto: Henrik Myhr Nielsen \/ NRK<\/p>\n<p>Han forteller at klimaendringene gj\u00f8r at v\u00e6ret \u00abklumper seg mer sammen\u00bb. Svingningene mellom perioder med ekstrem nedb\u00f8r og perioder med t\u00f8rke blir st\u00f8rre.<\/p>\n<p>\u2013 Resultatet p\u00e5 bakken taler for seg selv. Det har v\u00e6rt kraftig i \u00e5r.<\/p>\n<p>    \u2190<\/p>\n<ul data-scroll-container=\"\" role=\"list\" aria-label=\"Bildegalleri\">\n<li><img alt=\"Et oversiktsbilde viser en landsby rammet av flom, med mudderdekte gater og \u00f8delagte hus.\"  width=\"3840\" height=\"2555\" loading=\"lazy\"\/>\n<p>En landsby nord p\u00e5 Sumatra i Indonesia er nesten begravd i gj\u00f8rme.<\/p>\n<p> Foto: Binsar Bakkara \/ AP \/ NTB <\/li>\n<li><img alt=\"Redningsmannskaper b\u00e6rer vekk et lik i en oransje pose.\"  width=\"3840\" height=\"2558\" loading=\"lazy\"\/>\n<p>Redningsmannskaper frakter vekk liket til en person som har omkommet i flommene vest p\u00e5 Sumatra.<\/p>\n<p> Foto: Ade Yuandha \/ AP \/ NTB <\/li>\n<li><img alt=\"Folk vasser gjennom en oversv\u00f8mt gate.\"  width=\"3840\" height=\"2555\" loading=\"lazy\"\/>\n<p>Folk vasser gjennom en oversv\u00f8mt gate i byen Medan nord p\u00e5 Sumatra.<\/p>\n<p> Foto: Ferdy Siregar \/ Reuters \/ NTB <\/li>\n<\/ul>\n<p>\u2192<\/p>\n<p>Hygen er bekymret for konsekvensene av regnet som er ventet de neste dagene som f\u00f8lge av tyfonen \u00abKoto\u00bb.<\/p>\n<p>\u2013 Regnv\u00e6ret vil fylle p\u00e5 i de allerede flomrammede omr\u00e5dene og fortsette \u00e5 gj\u00f8re skade.<\/p>\n<p>Det er sendt ut farevarsler om mer flom, jordras og springflo i lavtliggende omr\u00e5der og byer, skriver det vietnamesiske nyhetsnettstedet <a href=\"https:\/\/e.vnexpress.net\/news\/news\/environment\/south-central-vietnam-on-high-alert-for-flooding-landslides-amid-torrential-rain-forecast-4988351.html\" ec-id=\"https:\/\/e.vnexpress.net\/news\/news\/environment\/south-central-vietnam-on-high-alert-for-flooding-landslides-amid-torrential-rain-forecast-4988351.html\" ec-name=\"VN Express\" rel=\"nofollow noopener\" target=\"_blank\">VN Express<\/a>.<\/p>\n<p>Interessert i utenriks? H\u00f8r utenriksredaksjonens podkast:<\/p>\n<p>Publisert<\/p>\n<p>03.12.2025, kl. 10.48<\/p>\n","protected":false},"excerpt":{"rendered":"En stund vurderte han \u00e5 avbestille det som skulle v\u00e6rt ferieturen til Vietnam. Men bildene og videoene fra&hellip;\n","protected":false},"author":2,"featured_media":103124,"comment_status":"","ping_status":"","sticky":false,"template":"","format":"standard","meta":{"footnotes":""},"categories":[56],"tags":[60,61,62,30,28,29],"class_list":{"0":"post-103123","1":"post","2":"type-post","3":"status-publish","4":"format-standard","5":"has-post-thumbnail","7":"category-naeringsliv","8":"tag-business","9":"tag-economy","10":"tag-naeringsliv","11":"tag-no","12":"tag-norge","13":"tag-norway"},"share_on_mastodon":{"url":"https:\/\/pubeurope.com\/@no\/115655525419668473","error":""},"_links":{"self":[{"href":"https:\/\/www.europesays.com\/no\/wp-json\/wp\/v2\/posts\/103123","targetHints":{"allow":["GET"]}}],"collection":[{"href":"https:\/\/www.europesays.com\/no\/wp-json\/wp\/v2\/posts"}],"about":[{"href":"https:\/\/www.europesays.com\/no\/wp-json\/wp\/v2\/types\/post"}],"author":[{"embeddable":true,"href":"https:\/\/www.europesays.com\/no\/wp-json\/wp\/v2\/users\/2"}],"replies":[{"embeddable":true,"href":"https:\/\/www.europesays.com\/no\/wp-json\/wp\/v2\/comments?post=103123"}],"version-history":[{"count":0,"href":"https:\/\/www.europesays.com\/no\/wp-json\/wp\/v2\/posts\/103123\/revisions"}],"wp:featuredmedia":[{"embeddable":true,"href":"https:\/\/www.europesays.com\/no\/wp-json\/wp\/v2\/media\/103124"}],"wp:attachment":[{"href":"https:\/\/www.europesays.com\/no\/wp-json\/wp\/v2\/media?parent=103123"}],"wp:term":[{"taxonomy":"category","embeddable":true,"href":"https:\/\/www.europesays.com\/no\/wp-json\/wp\/v2\/categories?post=103123"},{"taxonomy":"post_tag","embeddable":true,"href":"https:\/\/www.europesays.com\/no\/wp-json\/wp\/v2\/tags?post=103123"}],"curies":[{"name":"wp","href":"https:\/\/api.w.org\/{rel}","templated":true}]}}