{"id":103125,"date":"2025-12-03T12:01:10","date_gmt":"2025-12-03T12:01:10","guid":{"rendered":"https:\/\/www.europesays.com\/no\/103125\/"},"modified":"2025-12-03T12:01:10","modified_gmt":"2025-12-03T12:01:10","slug":"jens-stoltenberg-skatteflyktning-stoltenberg-vil-anmelde-fire-skatteflyktninger","status":"publish","type":"post","link":"https:\/\/www.europesays.com\/no\/103125\/","title":{"rendered":"Jens Stoltenberg, Skatteflyktning | Stoltenberg: Vil anmelde fire skatteflyktninger"},"content":{"rendered":"\n<p><a href=\"https:\/\/borsen.dagbladet.no\/nyheter\/flere-norske-utflyttere-politianmeldt\/83931375\" rel=\"Follow nofollow noopener\" target=\"_blank\">B\u00f8rsen <\/a>avsl\u00f8rte nylig at flere utflyttede nordmenn oppholder seg lengre i Norge enn tillatt.<\/p>\n<p>Skatteetaten har avdekket regelverksomg\u00e5else i 26 av 60 kontrollerte saker de siste fem \u00e5rene.<\/p>\n<p><b>Les ogs\u00e5: <a class=\"simple-relation related-teaser article--c-eRUmMG article--c-eRUmMG-fZoQSp-design-nettavisen article--c-eRUmMG-gwthdJ-cv\" href=\"https:\/\/www.nettavisen.no\/jens-stoltenberg-gigantisk-formue-hopp\/s\/5-95-2759740\" rel=\"nofollow noopener\" target=\"_blank\">Jens Stoltenberg: Gigantisk formue-hopp<\/a><\/b><\/p>\n<p>R\u00f8dts stortingspolitiker M\u00edmir Kristj\u00e1nsson reagerte p\u00e5 avsl\u00f8ringen, og krevde en redegj\u00f8relse fra finansministeren.<\/p>\n<p>\u2013 Hva vil statsr\u00e5den foreta seg for \u00e5 trappe opp innsatsen mot skattesvindel blant velst\u00e5ende norske skatteutflyttere, og hva kan statsr\u00e5den fortelle oss om profilen p\u00e5 de utflytterne som allerede er tatt av Skatteetaten? spurte han.<\/p>\n<p>Jens Stoltenberg bekrefter i sitt <a href=\"https:\/\/www.stortinget.no\/no\/Saker-og-publikasjoner\/Sporsmal\/Skriftlige-sporsmal-og-svar\/Skriftlig-sporsmal\/?qnid=112534\" rel=\"Follow nofollow noopener\" target=\"_blank\">svar<\/a> at 17 av sakene har resultert i tilleggsskatt, og at fire er, eller vil bli, politianmeldt.<\/p>\n<p>Stoltenberg presiserer at kontrollene ikke bare er forbeholdt de rike eller kun er knyttet til bestemte land, men at etaten g\u00e5r bredt ut.<\/p>\n<p>\u2013 En av Skatteetatens oppgaver er \u00e5 bidra til at personer som er skattepliktige til Norge, betaler skatt hit. Skatteetaten gjennomf\u00f8rer l\u00f8pende kontroller av personer som ber om skattemessig emigrasjon eller endret bosted etter skatteavtalen med det aktuelle landet og vurderer om vilk\u00e5rene for dette er oppfylt.<\/p>\n<p>Per sak er det avdekket i snitt 10,6 millioner kroner i \u00f8kt skattepliktig inntekt og 100 millioner kroner i \u00f8kt skattepliktig formue per skatteyter.<\/p>\n<p>\u2013 I inntekt var h\u00f8yeste bel\u00f8p 47 millioner kroner. (&#8230;) I formue h\u00f8yeste bel\u00f8p 856 millioner kroner per skattepliktig, der en skattepliktig kan v\u00e6re kontrollert over flere inntekts\u00e5r, heter det i Stoltenbergs svar.<\/p>\n<p>    Vil du se neste video?<\/p>\n<p>    <a href=\"https:\/\/www.nettavisen.no\/fredrik-solvang\/jonas-gahr-store\/debatten\/fredrik-solvang-himler-av-jonas-gahr-store-men-i-alle\/v\/5-95-2751917\" class=\"recommend-poster\" data-adp-clicklabel=\"video-recommend\" data-adp-clickvalue=\"poster\" rel=\"nofollow noopener\" target=\"_blank\"><br \/>\n      <img decoding=\"async\" width=\"200\" height=\"200\" loading=\"lazy\" src=\"https:\/\/www.europesays.com\/no\/wp-content\/uploads\/2025\/11\/Solvang+bredde.jpg\" alt=\"\" class=\"brick-c-cFOWSL\" style=\"--brick-image-ratio: 200 \/ 200;\"\/><\/p>\n<p>Himler av St\u00f8re: \u2013 Men i alle\u20261:06<\/p>\n<p>    <\/a><\/p>\n","protected":false},"excerpt":{"rendered":"B\u00f8rsen avsl\u00f8rte nylig at flere utflyttede nordmenn oppholder seg lengre i Norge enn tillatt. Skatteetaten har avdekket regelverksomg\u00e5else&hellip;\n","protected":false},"author":2,"featured_media":94423,"comment_status":"","ping_status":"","sticky":false,"template":"","format":"standard","meta":{"footnotes":""},"categories":[10],"tags":[20,21,24,25,15,22,23,13,30,28,29,14,16,26,27],"class_list":{"0":"post-103125","1":"post","2":"type-post","3":"status-publish","4":"format-standard","5":"has-post-thumbnail","7":"category-norge","8":"tag-breaking-news","9":"tag-breakingnews","10":"tag-featured-news","11":"tag-featurednews","12":"tag-headlines","13":"tag-latest-news","14":"tag-latestnews","15":"tag-news","16":"tag-no","17":"tag-norge","18":"tag-norway","19":"tag-nyheter","20":"tag-overskrifter","21":"tag-top-stories","22":"tag-topstories"},"share_on_mastodon":{"url":"https:\/\/pubeurope.com\/@no\/115655533351690507","error":""},"_links":{"self":[{"href":"https:\/\/www.europesays.com\/no\/wp-json\/wp\/v2\/posts\/103125","targetHints":{"allow":["GET"]}}],"collection":[{"href":"https:\/\/www.europesays.com\/no\/wp-json\/wp\/v2\/posts"}],"about":[{"href":"https:\/\/www.europesays.com\/no\/wp-json\/wp\/v2\/types\/post"}],"author":[{"embeddable":true,"href":"https:\/\/www.europesays.com\/no\/wp-json\/wp\/v2\/users\/2"}],"replies":[{"embeddable":true,"href":"https:\/\/www.europesays.com\/no\/wp-json\/wp\/v2\/comments?post=103125"}],"version-history":[{"count":0,"href":"https:\/\/www.europesays.com\/no\/wp-json\/wp\/v2\/posts\/103125\/revisions"}],"wp:featuredmedia":[{"embeddable":true,"href":"https:\/\/www.europesays.com\/no\/wp-json\/wp\/v2\/media\/94423"}],"wp:attachment":[{"href":"https:\/\/www.europesays.com\/no\/wp-json\/wp\/v2\/media?parent=103125"}],"wp:term":[{"taxonomy":"category","embeddable":true,"href":"https:\/\/www.europesays.com\/no\/wp-json\/wp\/v2\/categories?post=103125"},{"taxonomy":"post_tag","embeddable":true,"href":"https:\/\/www.europesays.com\/no\/wp-json\/wp\/v2\/tags?post=103125"}],"curies":[{"name":"wp","href":"https:\/\/api.w.org\/{rel}","templated":true}]}}