{"id":103126,"date":"2025-12-03T12:02:09","date_gmt":"2025-12-03T12:02:09","guid":{"rendered":"https:\/\/www.europesays.com\/no\/103126\/"},"modified":"2025-12-03T12:02:09","modified_gmt":"2025-12-03T12:02:09","slug":"blir-alltid-nervos-e24","status":"publish","type":"post","link":"https:\/\/www.europesays.com\/no\/103126\/","title":{"rendered":"\u2013 Blir alltid nerv\u00f8s \u2013 E24"},"content":{"rendered":"<p class=\"fullWidthDesktop hyperion-css-71ztg2\" data-test-tag=\"lead-text\">St\u00e5le Kyllingstad mener det dummeste en omstillingskommisjon kan gj\u00f8re er \u00e5 sette sluttdato for oljen. <\/p>\n<p><img decoding=\"async\" class=\"image-asset hyperion-css-u06ts1\" data-test-tag=\"image-asset\" src=\"https:\/\/www.europesays.com\/no\/wp-content\/uploads\/2025\/12\/ce5660cf-80c9-48fc-a8a6-93b6803db223\"  alt=\"Oljegr\u00fcnder St\u00e5le Kyllingstad i IKM-gruppen. \"  loading=\"eager\" fetchpriority=\"high\" style=\"aspect-ratio:1900 \/ 1267\"\/>Oljegr\u00fcnder St\u00e5le Kyllingstad i IKM-gruppen. Foto: Terje Bendiksby \/ NTBPublisert: Publisert: <\/p>\n<p>For mindre enn 10 minutter siden<\/p>\n<ul class=\"hyperion-css-pte5x0\">\n<li aria-label=\"link\" class=\"narrow-button hyperion-css-1sz7d3n\">Kopier lenke<\/li>\n<li aria-label=\"link\" class=\"wide-button hyperion-css-1sz7d3n\">Kopier lenke<\/li>\n<li aria-label=\"facebook\" class=\"narrow-button hyperion-css-1sz7d3n\">Del p\u00e5 Facebook<\/li>\n<li aria-label=\"facebook\" class=\"wide-button hyperion-css-1sz7d3n\">Del p\u00e5 Facebook<\/li>\n<li aria-label=\"email\" class=\"narrow-button hyperion-css-1sz7d3n\">Del med e-post<\/li>\n<li aria-label=\"email\" class=\"wide-button hyperion-css-1sz7d3n\">Del med e-post<\/li>\n<\/ul>\n<p class=\"hyperion-css-1lemvax\">\u2013 Man blir jo alltid nerv\u00f8s av kommisjon. Man vet aldri hva som kan skje, sier oljeservicegr\u00fcnder St\u00e5le Kyllingstad i IKM-gruppen om dagens budsjettnyhet fra regjeringen. <\/p>\n<p class=\"hyperion-css-1lemvax\">Kyllingstad er ogs\u00e5 styreleder i NHOs st\u00f8rste landsforening, Norsk Industri. <\/p>\n<p class=\"hyperion-css-1lemvax\">Natt til onsdag ble det klart at Ap, Sp, SV og MDG er enige om et statsbudsjett, etter at de to sistnevnte trakk seg fra forhandlingene forrige uke. Blant de nye momentene i budsjettet er en s\u00e5kalt \u00abomstillingskommisjon\u00bb, som skal vurdere utsiktene til norsk \u00f8konomi n\u00e5r det blir mindre olje og gass. <\/p>\n<p><a data-test-tag=\"teaser-small:link-internal\" href=\"https:\/\/e24.no\/boers-og-finans\/i\/pBgkBW\/dette-tjente-analytikerne-paa-oslo-boers-i-fjor\" class=\"imagePosition-top inline hyperion-css-6238vu\" rel=\"nofollow noopener\" target=\"\" aria-label=\"Dette tjente analytikerne p\u00e5 Oslo B\u00f8rs i fjor\"><\/p>\n<p>Les p\u00e5 E24+<\/p>\n<p>Dette tjente analytikerne p\u00e5 Oslo B\u00f8rs i fjor<\/p>\n<p><\/a><\/p>\n<p class=\"hyperion-css-1lemvax\">MDG venter at kommisjonen skal lage en strategi for sluttfasen av norsk oljeindustri. Ap og Sp p\u00e5 sin side understreker at industrien skal utvikles \u2013 ikke avvikles. Sps Geir Pollestad uttalte at om at det siste kapittelet i norsk oljeindustri blir \u00abverdens lengste kapittel\u00bb. <\/p>\n<p class=\"hyperion-css-1lemvax\">Kyllingstad st\u00f8tter Pollestad i det. <\/p>\n<p class=\"hyperion-css-1lemvax\">\u2013 Noen tar denne kommisjonen som en seier, men jeg klarer ikke \u00e5 se at vi skal slutte \u00e5 utvikle eller produsere de verdiene som ligger der. Verden trenger olje og gass, sier Kyllingstad, og legger til at en rekke Opec-land st\u00e5r klare til \u00e5 ta over produksjonen dersom Norge skulle stanse sin. <\/p>\n<p>\u2013 Skj\u00f8t ikke alle hestene<\/p>\n<p class=\"hyperion-css-1lemvax\">Oljeservicegr\u00fcnderen mener det verste som kan skje i kommisjonen, er at de setter en sluttdato. Han er opptatt av at mandatet kommisjonen f\u00e5r m\u00e5 v\u00e6re \u00e5 komme frem til hvilke teknologier som etter hvert kan utkonkurrere oljen. <\/p>\n<p class=\"hyperion-css-1lemvax\">\u2013 En intelligent fyr sa en gang at vi sluttet ikke med hest fordi vi skj\u00f8t alle hestene, men fordi de ble utkonkurrert av bilen. Vi trenger omstilling, men vi m\u00e5 ha realpolitikk, sier Kyllingstad. <\/p>\n<p class=\"hyperion-css-1lemvax\">Kommisjonen skal best\u00e5 av representanter fra partene i arbeidslivet, milj\u00f8bevegelsen, samt fagfolk. Kyllingstad trekker frem administrerende direkt\u00f8r Harald Solberg i Norsk Industri som en god kommisjons-kandidat. <\/p>\n<p class=\"hyperion-css-1lemvax\">Han utelukker ikke at han selv ogs\u00e5 kunne sittet i den, men p\u00e5peker at han har mange verv og mye som skjer fremover. <\/p>\n","protected":false},"excerpt":{"rendered":"St\u00e5le Kyllingstad mener det dummeste en omstillingskommisjon kan gj\u00f8re er \u00e5 sette sluttdato for oljen. Oljegr\u00fcnder St\u00e5le Kyllingstad&hellip;\n","protected":false},"author":2,"featured_media":103127,"comment_status":"","ping_status":"","sticky":false,"template":"","format":"standard","meta":{"footnotes":""},"categories":[5],"tags":[20,21,24,25,15,19,22,23,17,18,13,30,28,29,14,16,26,27],"class_list":{"0":"post-103126","1":"post","2":"type-post","3":"status-publish","4":"format-standard","5":"has-post-thumbnail","7":"category-overskrifter","8":"tag-breaking-news","9":"tag-breakingnews","10":"tag-featured-news","11":"tag-featurednews","12":"tag-headlines","13":"tag-hovedoppslag","14":"tag-latest-news","15":"tag-latestnews","16":"tag-main-news","17":"tag-mainnews","18":"tag-news","19":"tag-no","20":"tag-norge","21":"tag-norway","22":"tag-nyheter","23":"tag-overskrifter","24":"tag-top-stories","25":"tag-topstories"},"share_on_mastodon":{"url":"https:\/\/pubeurope.com\/@no\/115655537251412761","error":""},"_links":{"self":[{"href":"https:\/\/www.europesays.com\/no\/wp-json\/wp\/v2\/posts\/103126","targetHints":{"allow":["GET"]}}],"collection":[{"href":"https:\/\/www.europesays.com\/no\/wp-json\/wp\/v2\/posts"}],"about":[{"href":"https:\/\/www.europesays.com\/no\/wp-json\/wp\/v2\/types\/post"}],"author":[{"embeddable":true,"href":"https:\/\/www.europesays.com\/no\/wp-json\/wp\/v2\/users\/2"}],"replies":[{"embeddable":true,"href":"https:\/\/www.europesays.com\/no\/wp-json\/wp\/v2\/comments?post=103126"}],"version-history":[{"count":0,"href":"https:\/\/www.europesays.com\/no\/wp-json\/wp\/v2\/posts\/103126\/revisions"}],"wp:featuredmedia":[{"embeddable":true,"href":"https:\/\/www.europesays.com\/no\/wp-json\/wp\/v2\/media\/103127"}],"wp:attachment":[{"href":"https:\/\/www.europesays.com\/no\/wp-json\/wp\/v2\/media?parent=103126"}],"wp:term":[{"taxonomy":"category","embeddable":true,"href":"https:\/\/www.europesays.com\/no\/wp-json\/wp\/v2\/categories?post=103126"},{"taxonomy":"post_tag","embeddable":true,"href":"https:\/\/www.europesays.com\/no\/wp-json\/wp\/v2\/tags?post=103126"}],"curies":[{"name":"wp","href":"https:\/\/api.w.org\/{rel}","templated":true}]}}