{"id":103130,"date":"2025-12-03T12:09:08","date_gmt":"2025-12-03T12:09:08","guid":{"rendered":"https:\/\/www.europesays.com\/no\/103130\/"},"modified":"2025-12-03T12:09:08","modified_gmt":"2025-12-03T12:09:08","slug":"tar-ikke-avstand-fra-amerikanske-batangrep-nrk-urix-utenriksnyheter-og-dokumentarer","status":"publish","type":"post","link":"https:\/\/www.europesays.com\/no\/103130\/","title":{"rendered":"Tar ikke avstand fra amerikanske b\u00e5tangrep \u2013 NRK Urix \u2013 Utenriksnyheter og -dokumentarer"},"content":{"rendered":"<p>Saken oppsummert<\/p>\n<ul>\n<li>Mar\u00eda Corina Machado, nobelprisvinner og opposisjonsleder, mener at denne uken kan bli avgj\u00f8rende for Venezuelas fremtid<\/li>\n<li>Hun lever i skjul i Venezuela etter \u00e5 ha blitt truet av regimet, som har anklaget henne for alvorlige forbrytelser<\/li>\n<li>Machado h\u00e5per \u00e5 delta p\u00e5 Nobelpris-utdelingen i Oslo, men frykter konsekvensene fra regimet om hun forlater landet<\/li>\n<\/ul>\n<p>Oppsummeringen er laget av en KI-tjeneste fra OpenAI. Innholdet er kvalitetssikret av NRKs journalister f\u00f8r publisering.<\/p>\n<p>Mar\u00eda Corina Machado er veldig klar p\u00e5 hvor viktig USAs president Donald Trump er i kampen for demokratiet i Venezuela.<\/p>\n<p>\u2013 Vi takker president Trump og hans administrasjon. Jeg mener de har v\u00e6rt veldig tydelige p\u00e5 trusselen som dette regimet representerer.<\/p>\n<p>Machado mener regimet til Nicol\u00e1s Maduro, som har styrt Venezuela siden 2013, ikke bare er en trussel mot eget land og Latin-Amerika, men ogs\u00e5 mot USA.<\/p>\n<p>I et eksklusivt intervju med NRK forteller nobelprisvinner Mar\u00eda Corina Machado om hvordan hun opplever situasjonen i hjemlandet Venezuela.<\/p>\n<p>USAs aksjoner<\/p>\n<p>De siste ukene har Trump sendt store milit\u00e6re styrker til Karibia.<\/p>\n<p>Akkurat n\u00e5 er 20 prosent av USAs mariefl\u00e5te stasjonert langs kysten utenfor Venezuela.<\/p>\n<p>USA har f\u00e5tt mye kritikk for \u00e5 bombe sm\u00e5b\u00e5ter som de hevder frakter narkotika.<\/p>\n<p>Minst 80 mennesker er drept. Disse angrepene etterforskes n\u00e5 av kongressen i USA. Amerikanske politikere og folkerettseksperter har stilt sp\u00f8rsm\u00e5l ved om et av b\u00e5tangrepene kan ha v\u00e6rt en krigsforbrytelse.<\/p>\n<p>Skylder p\u00e5 Maduro<\/p>\n<p>\u2013 Mer enn 80 mennesker har blitt drept i angrep p\u00e5 b\u00e5ter i Karibia de siste par m\u00e5nedene. St\u00f8tter du disse milit\u00e6re angrepene fra USA? <\/p>\n<p>\u2013 Jeg vil insistere p\u00e5 at det var Maduro som erkl\u00e6rte denne krigen mot det venezuelanske folket. Vi \u00f8nsket ikke krig. Da vi vant valget overveldende tilb\u00f8d vi Maduro og regimet en forhandlet l\u00f8sning, en overgang der vi ville gi garantier. De nektet. <\/p>\n<p>Opposisjonslederen legger til at det var Maduro og hans regime som erkl\u00e6rte krig mot Venezuela og startet en brutal undertrykkelseskampanjen som hun mener er den verste de hars ett i sin historie. <\/p>\n<p>\u2013 Ikke bare har de brukt statsterrorisme mot v\u00e5rt folk, men de erkl\u00e6rte narkotikaterrorisme mot andre land i regionen. De har blitt advart om at de b\u00f8r stoppe. De hadde blitt tilbudt muligheten til \u00e5 trekke seg, og de har nektet, <\/p>\n<p>\u2013 S\u00e5 alt vi ser skjer er det Maduro og hans strenge regime som har ene og alene ansvar for. forklarer Machado.<\/p>\n<p><img decoding=\"async\"   src=\"data:image\/gif;base64,R0lGODlhAQABAIAAAAAAAP\/\/\/yH5BAEAAAAALAAAAAABAAEAAAIBRAA7\" loading=\"eager\" alt=\"En kvinne holder en bukett hvite blomster med venstre h\u00e5nd, mens hun peker med h\u00f8yre h\u00e5nd. Hun er kledd i en langermet topp med farger inspirert av Venezuelas flagg. Bakgrunnen er uklar, men det er gr\u00f8nne og brune elementer som gir en f\u00f8lelse av utend\u00f8rs. Kvinnen st\u00e5r stille i en aktiv positur, noe som antyder engasjement i en situasjon.\" title=\"Foto: AFP\"\/><\/p>\n<p class=\"\">Mar\u00eda Corina Machado taler til st\u00f8ttespillere i januar i \u00e5r.<\/p>\n<p>Foto: AFP<\/p>\n<p>Lever i skjul<\/p>\n<p>NRK snakker med fredsprisvinneren som bor p\u00e5 hemmelig adresse i hjemlandet i et eksklusivt videointervju tirsdag.<\/p>\n<p><strong>\u2013 Jeg har blitt anklaget for enhver forbrytelse man kan tenke seg. Til og med terrorisme. Regimet har v\u00e6rt veldig tydelig. Maduro har sagt at om de f\u00e5r tak i meg, vil de ta livet av meg.<\/strong><\/p>\n<p><img decoding=\"async\"   src=\"data:image\/gif;base64,R0lGODlhAQABAIAAAAAAAP\/\/\/yH5BAEAAAAALAAAAAABAAEAAAIBRAA7\" loading=\"eager\" alt=\"En kvinne i m\u00f8rke kl\u00e6r sitter foran en datamaskin i et lyst rom.&#10;\" title=\"Foto: H\u00e5kon Benjaminsen \/ NRK\"\/><\/p>\n<p class=\"\">NRKs reporter Tove Bj\u00f8rgaas intervjuer Machado p\u00e5 video fra Venezuela. <\/p>\n<p>Foto: H\u00e5kon Benjaminsen \/ NRK<\/p>\n<p>Mar\u00eda Corina Machado ble utestengt fra \u00e5 stille som kandidat ved presidentvalget i Venezuela i fjor. Opposisjonen samlet seg da bak kandidaten Edmundo Gonz\u00e1lez.<\/p>\n<p>Valget endte med sterke beskyldninger om fusk og politisk krise.<\/p>\n<p>Regjeringen erkl\u00e6rte Nicol\u00e1s Maduro som vinner, selv om opposisjonen vant, if\u00f8lge uavhengige kilder og internasjonale observat\u00f8rer.<\/p>\n<p>Her forteller Machado om hverdagen i skjul for regimet:<\/p>\n<p>I et eksklusivt intervju med NRK forteller nobelprisvinner og opposisjonslederen Mar\u00eda Corina Machado om hvordan hun opplever situasjonen i hjemlandet.<\/p>\n<p>Valget f\u00f8rte til store protester over hele landet. Regjeringen slo hardt ned p\u00e5 opposisjonen. Etter det har Machado kjempet fra sitt skjulested for demokrati.<\/p>\n<p>Det har kostet henne dyrt. Alle de tre barna hennes lever i eksil.<\/p>\n<p>    Dette m\u00e5 du vite om Venezuela<\/p>\n<ul aria-labelledby=\"090d009d-a4de-4cda-ab8a-dfe5f3eb90d2\" role=\"list\">\n<li>Et land i dyp krise\n<p>Venezuela er et av de st\u00f8rste landene i Latin-Amerika og har i underkant av 30 millioner innbyggere. Landet har hatt store \u00f8konomiske og politiske problemer i \u00e5revis. <\/p>\n<ul>\n<li>Over 80 prosent av befolkningen lever i fattigdom, if\u00f8lge FN.<\/li>\n<li>Korrupsjon er utbredt, inflasjonen er skyh\u00f8y og l\u00f8nningene lave.<\/li>\n<li>Mat er mangelvare og sykehus mangler medisiner.<\/li>\n<li>I tillegg er det farlig \u00e5 kritisere regimet offentlig. De fleste av Maduros politiske motstandere er i fengsel.<\/li>\n<li>Nesten 8 millioner venezuelanere \u2013 hver fjerde innbygger \u2013 har r\u00f8mt landet.<\/li>\n<\/ul>\n<\/li>\n<li>En forhatt president\n<p>Nicol\u00e1s Maduro har v\u00e6rt president i Venezuela siden 2013 og representerer landets sosialistiske parti. Han overtok makten da partifellen Hugo Chav\u00e9z d\u00f8de.<\/p>\n<p>Maduro ble raskt kjent for sin autorit\u00e6re lederstil og for \u00e5 sl\u00e5 hardt ned p\u00e5 regimekritikere.<\/p>\n<p>Under fjor\u00e5rets presidentvalg erkl\u00e6rte han valgseier til tross for at opposisjonen hevdet de fikk flest stemmer. Demonstranter tok til gatene og anklaget Maduro for \u00e5 ha stj\u00e5let valget.<\/p>\n<p>Mens land som Russland, Cuba og Bolivia tidlig gratulerte Maduro med en ny periode, har store deler av verdenssamfunnet aldri anerkjent valgresultatet som gyldig.<\/p>\n<\/li>\n<li>En kontroversiell fredsprisvinner\n<p>Nylig ble opposisjonslederen Mar\u00eda Corina Machado tildelt Nobels fredspris for sitt \u00abutrettelige arbeid som fremmer demokratiske rettigheter for folket i Venezuela\u00bb.<\/p>\n<p>Da takket hun president Trump: <\/p>\n<p>\u2013 Jeg dedikerer denne prisen til det lidende folket i Venezuela og til president Trump for hans avgj\u00f8rende st\u00f8tte til v\u00e5r sak, uttalte hun. <\/p>\n<p>Hun har siden f\u00e5tt kritikk for sine n\u00e6re b\u00e5nd til Trump og for \u00e5 ikke ha tatt avstand fra de amerikanske angrepene utenfor Venezuela.<\/p>\n<p>Machado fronter den h\u00f8yreorienterte opposisjonen som Maduro erkl\u00e6rte valgseier over i fjor. Selv lever hun i skjul og leder opposisjonen fra et hemmelig sted.<\/p>\n<\/li>\n<\/ul>\n<p>N\u00e5 er det USAs president Donald Trump som gir henne h\u00e5p for Venezuela.<\/p>\n<p>Trump har ogs\u00e5 truet med angrep p\u00e5 land.<\/p>\n<p><img decoding=\"async\"   src=\"data:image\/gif;base64,R0lGODlhAQABAIAAAAAAAP\/\/\/yH5BAEAAAAALAAAAAABAAEAAAIBRAA7\" loading=\"eager\" alt=\"En kvinne i m\u00f8rke kl\u00e6r sitter foran en datamaskin i et lyst rom. \" title=\"Foto: H\u00e5kon Benjaminsen \/ NRK\"\/><\/p>\n<p class=\"\">\u2013 Jeg tror Nobels fredspris har v\u00e6rt en unik energiinnspr\u00f8ytning som gir h\u00e5p, sier Machado til NRK. <\/p>\n<p>Foto: H\u00e5kon Benjaminsen \/ NRK<\/p>\n<p>P\u00e5 sp\u00f8rsm\u00e5l fra NRK om hun st\u00f8tter en mulig amerikansk aksjon p\u00e5 bakken i Venezuela, svarer hun tydelig at hun st\u00f8tter det internasjonale presset.<\/p>\n<p><strong>\u2013 Det er p\u00e5 tide at Maduro forst\u00e5r at han m\u00e5 g\u00e5 av.<\/strong><\/p>\n<p>\u2013 Men tror du at det \u00e5 angripe b\u00e5ter, at folk blir drept mens USA angriper disse b\u00e5tene, er forenlig med \u00e5 vinne en fredspris, den mest prestisjefylte fredsprisen i verden?<\/p>\n<p>\u2013 Jeg kjemper. Jeg kjemper for \u00e5 stoppe en krig. Jeg kjemper for \u00e5 bringe fred til landet mitt. Men vi har l\u00e6rt at for \u00e5 f\u00e5 fred trenger man demokrati. Det er det som har blitt anerkjent av komiteen for den norske nobelprisen, kampen for demokrati.<\/p>\n<p>Hun viser til at Maduro ble sl\u00e5tt i opposisjonens valgskred i fjor.<\/p>\n<p><img decoding=\"async\"   src=\"data:image\/gif;base64,R0lGODlhAQABAIAAAAAAAP\/\/\/yH5BAEAAAAALAAAAAABAAEAAAIBRAA7\" loading=\"eager\" alt=\"Maria Corina Machado under valgkampen i 2024\" title=\"Foto: AFP\"\/><\/p>\n<p class=\"\">Mar\u00eda Corina Machado var ute blant folk under valgkampen i fjor. N\u00e5 lever hun i skjul.<\/p>\n<p>Foto: AFP<\/p>\n<p>St\u00e5r foran et vendepunkt<\/p>\n<p>N\u00e5 mener Machado at Venezuela er inne i en skjebneuke p\u00e5 grunn av det \u00f8kte presset fra Trump.<\/p>\n<p>Den amerikanske presidenten skal ogs\u00e5 ha gitt Maduro en frist for \u00e5 trekke seg, if\u00f8lge kilder nyhetsbyr\u00e5et Reuters har snakket med.<\/p>\n<p>\u2013 Jeg tror vi st\u00e5r foran et stort vendepunkt. Og jeg tror Nobels fredspris har v\u00e6rt en unik energiinnspr\u00f8ytning som gir h\u00e5p til v\u00e5rt folk.<\/p>\n<p>\u2013 Men er dere avhengige av Donald Trump og USA for \u00e5 f\u00e5 slutt p\u00e5 Nicolas Maduros regime?<\/p>\n<p><strong>\u2013 Absolutt. Vi er avhengige av st\u00f8tten til Trump administrasjonen. Og ogs\u00e5 v\u00e5re europeiske partnere som forst\u00e5r at vi m\u00e5 fjerne et kriminelt terrorist regime som har tatt landet v\u00e5rt som gissel.<\/strong><\/p>\n<p>Vi gj\u00f8r alt vi kan for \u00e5 dra til Norge, sier Machado i intervjuet:<\/p>\n<p>I et eksklusivt intervju med NRK forteller nobelprisvinner og opposisjonslederen Mar\u00eda Corina Machado om hvordan hun opplever situasjonen i hjemlandet.<\/p>\n<p>H\u00e5per \u00e5 komme til Oslo<\/p>\n<p>N\u00e5 gj\u00f8r opposisjonslederen alt hun kan for \u00e5 komme seg til Oslo og utdelingen av Nobel fredspris 10. desember.<\/p>\n<p><strong>\u2013 Det vil bli den st\u00f8rste \u00e6ren i mitt liv, sier Mar\u00eda Corina Machado<\/strong><\/p>\n<p>\u2013 Maduros regime har sagt at du vil bli sett p\u00e5 som en r\u00f8mling om du forlater landet ditt. Er du redd du ikke f\u00e5r komme tilbake om du faktisk drar?<\/p>\n<p>\u2013 Jeg vil forsikre deg og alle venezuelanere at jeg vil komme tilbake.<\/p>\n<p>Interessert i mer utenriks? H\u00f8r redaksjonens siste podkast:<\/p>\n<p>Publisert<\/p>\n<p>02.12.2025, kl. 21.51<\/p>\n<p>Oppdatert<\/p>\n<p>03.12.2025, kl. 12.22<\/p>\n","protected":false},"excerpt":{"rendered":"Saken oppsummert Mar\u00eda Corina Machado, nobelprisvinner og opposisjonsleder, mener at denne uken kan bli avgj\u00f8rende for Venezuelas fremtid&hellip;\n","protected":false},"author":2,"featured_media":102717,"comment_status":"","ping_status":"","sticky":false,"template":"","format":"standard","meta":{"footnotes":""},"categories":[10],"tags":[20,21,24,25,15,22,23,13,30,28,29,14,16,26,27],"class_list":{"0":"post-103130","1":"post","2":"type-post","3":"status-publish","4":"format-standard","5":"has-post-thumbnail","7":"category-norge","8":"tag-breaking-news","9":"tag-breakingnews","10":"tag-featured-news","11":"tag-featurednews","12":"tag-headlines","13":"tag-latest-news","14":"tag-latestnews","15":"tag-news","16":"tag-no","17":"tag-norge","18":"tag-norway","19":"tag-nyheter","20":"tag-overskrifter","21":"tag-top-stories","22":"tag-topstories"},"share_on_mastodon":{"url":"https:\/\/pubeurope.com\/@no\/115655564737180644","error":""},"_links":{"self":[{"href":"https:\/\/www.europesays.com\/no\/wp-json\/wp\/v2\/posts\/103130","targetHints":{"allow":["GET"]}}],"collection":[{"href":"https:\/\/www.europesays.com\/no\/wp-json\/wp\/v2\/posts"}],"about":[{"href":"https:\/\/www.europesays.com\/no\/wp-json\/wp\/v2\/types\/post"}],"author":[{"embeddable":true,"href":"https:\/\/www.europesays.com\/no\/wp-json\/wp\/v2\/users\/2"}],"replies":[{"embeddable":true,"href":"https:\/\/www.europesays.com\/no\/wp-json\/wp\/v2\/comments?post=103130"}],"version-history":[{"count":0,"href":"https:\/\/www.europesays.com\/no\/wp-json\/wp\/v2\/posts\/103130\/revisions"}],"wp:featuredmedia":[{"embeddable":true,"href":"https:\/\/www.europesays.com\/no\/wp-json\/wp\/v2\/media\/102717"}],"wp:attachment":[{"href":"https:\/\/www.europesays.com\/no\/wp-json\/wp\/v2\/media?parent=103130"}],"wp:term":[{"taxonomy":"category","embeddable":true,"href":"https:\/\/www.europesays.com\/no\/wp-json\/wp\/v2\/categories?post=103130"},{"taxonomy":"post_tag","embeddable":true,"href":"https:\/\/www.europesays.com\/no\/wp-json\/wp\/v2\/tags?post=103130"}],"curies":[{"name":"wp","href":"https:\/\/api.w.org\/{rel}","templated":true}]}}