{"id":103131,"date":"2025-12-03T12:10:09","date_gmt":"2025-12-03T12:10:09","guid":{"rendered":"https:\/\/www.europesays.com\/no\/103131\/"},"modified":"2025-12-03T12:10:09","modified_gmt":"2025-12-03T12:10:09","slug":"internt-fis-brev-varsler-mulig-russisk-deltagelse-i-world-cup-innen-fa-dager-nrk-sport-sportsnyheter-resultater-og-sendeplan","status":"publish","type":"post","link":"https:\/\/www.europesays.com\/no\/103131\/","title":{"rendered":"Internt FIS-brev varsler mulig russisk deltagelse i World Cup innen f\u00e5 dager \u2013 NRK Sport \u2013 Sportsnyheter, resultater og sendeplan"},"content":{"rendered":"<p><strong>\u2013 Godkjennelsen av russiske ut\u00f8vere vil g\u00e5 raskt, men vi vil gj\u00f8re en n\u00f8ye vurdering, skriver FIS i et brev sendt til de nasjonale skiforbundene tirsdag.<\/strong><\/p>\n<p>NRK har sett brevet og hvordan det internasjonale skiforbundet planlegger \u00e5 gjennomf\u00f8re russernes tilbakekomst til skiidretten.<\/p>\n<p>Der st\u00e5r det at russiske ut\u00f8vere kan f\u00e5 status som n\u00f8ytrale i l\u00f8pet av f\u00e5 dager, men at det maksimalt vil ta 30 dager.<\/p>\n<p><strong>NRK f\u00e5r opplyst at FIS har mottatt flere s\u00f8knader allerede.<\/strong><\/p>\n<p>\u2013 Trondheim kan ikke nekte<\/p>\n<p>Kilder i det internasjonale skiforbundet bekrefter til NRK at Trondheim ikke kan si nei dersom noen russere f\u00e5r den n\u00f8ytrale statusen i tide.<\/p>\n<p>NRK f\u00e5r opplyst at det er teknisk mulig at de rekker kommende verdenscuphelg, men at det praktisk er n\u00e6rmest umulig.<\/p>\n<p><img decoding=\"async\"   src=\"data:image\/gif;base64,R0lGODlhAQABAIAAAAAAAP\/\/\/yH5BAEAAAAALAAAAAABAAEAAAIBRAA7\" loading=\"eager\" alt=\"OL-flagg russisk flagg\" title=\"Foto: Afp\"\/><\/p>\n<p class=\"\">P\u00c5 VEI TILBAKE: Russiske ut\u00f8vere skal etter alt \u00e5 d\u00f8mme konkurrere i b\u00e5de verdenscup og OL.<\/p>\n<p>Foto: Afp<\/p>\n<p>Tirsdag gikk ordf\u00f8rer i Trondheim, Kent Ranum (H), ut og sa at han ikke \u00f8nsket russerne velkommen til Trondheim kommende helg.<\/p>\n<p><strong>\u2013 Jeg mener det er fullstendig feil at russiske deltagere skal f\u00e5 lov til \u00e5 delta i internasjonale konkurranser s\u00e5 lenge krigen foreg\u00e5r, sa Ranum.<\/strong><\/p>\n<p>I brevet fra FIS st\u00e5r det at myndighetene i hvert enkelt land bestemmer hvem som f\u00e5r visum eller ikke og at FIS ikke kan p\u00e5virke avgj\u00f8relsen som for eksempel det norske utenriksdepartementet tar.<\/p>\n<p>\u00c5pner for idrettsut\u00f8vere<\/p>\n<p>Utlendingsdirektoratet (UDI) ved H\u00e5vard S\u00e6thre uttalte f\u00f8lgende til NRK tirsdag ettermiddag:<\/p>\n<p><strong>\u2013 I utgangspunktet vil russiske borgere ikke f\u00e5 bes\u00f8ksvisum til Norge dersom reisen gjelder turisme eller andre ikke-essensielle form\u00e5l. Men et av form\u00e5lene som gir grunnlag og mulighet for \u00e5 gi visum, er at profesjonelle idrettsut\u00f8vere og medf\u00f8lgende st\u00f8tteapparat skal delta p\u00e5 idrettsarrangement i Norge.<\/strong><\/p>\n<p>Det kan derimot vise seg vanskelig for de russiske ut\u00f8verne \u00e5 f\u00e5 alt p\u00e5 plass til verdenscuphelgen. If\u00f8lge den fagansvarlige for visum ved UDI vil man vanligvis f\u00e5 svar innen 15 dager etter at s\u00f8knaden er levert. S\u00e5 med mindre ut\u00f8verne allerede har et gyldig Schengenvisum, kan det v\u00e6re at visumet kommer for sent.<\/p>\n<p>S\u00e6thre sier at de per i dag ikke har de samme restriksjonene overfor ut\u00f8vere fra Belarus.<\/p>\n<p>Har unders\u00f8kt<\/p>\n<p>I p\u00e5vente av CAS-dommen har det blitt jobbet for \u00e5 unders\u00f8ke hvordan man skal h\u00e5ndtere en eventuell russisk seier i domstolen.<\/p>\n<p>Rennleder i kombinert i FIS, Lasse Ottesen, bekrefter at man allerede var i gang med \u00e5 se p\u00e5 hvem som m\u00f8ter kravene for n\u00f8ytrale ut\u00f8vere.<\/p>\n<p><img decoding=\"async\"   src=\"data:image\/gif;base64,R0lGODlhAQABAIAAAAAAAP\/\/\/yH5BAEAAAAALAAAAAABAAEAAAIBRAA7\" loading=\"eager\" alt=\"Lasse Ottesen ser betenkt ut\" title=\"Foto: Terje Pedersen \/ NTB\"\/><\/p>\n<p class=\"\">UNDERS\u00d8KT: Lasse Ottesen begynte arbeidet med mulig russisk deltagelse f\u00f8r dommen falt p\u00e5 tirsdag.<\/p>\n<p>Foto: Terje Pedersen \/ NTB<\/p>\n<p>Og skal man tro den russiske landslagssjefen i langrenn har man lekt med tanken p\u00e5 \u00e5 delta i Norge allerede til helgen.<\/p>\n<p>\u2013 Trondheim er en mulighet, absolutt. Vi kommer med helikopter! sa Egor Sorin if\u00f8lge <a href=\"https:\/\/www.tv2.no\/sport\/dramatisk-vending-russland-vant-frem-kan-delta-i-ol\/18342905\/\" ec-id=\"https:\/\/www.tv2.no\/sport\/dramatisk-vending-russland-vant-frem-kan-delta-i-ol\/18342905\/\" ec-name=\"TV 2\" rel=\"nofollow noopener\" target=\"_blank\">TV 2<\/a>.<\/p>\n<p>Publiserer lenke med navn<\/p>\n<p>I brevet fra det internasjonale skiforbundet understrekes det at godkjenningene kun vil gis direkte fra dem.<\/p>\n<p>Hvilke ut\u00f8vere og medlemmer av st\u00f8tteapparat som f\u00e5r delta kommer i en oversikt p\u00e5 FIS sine nettsider.<\/p>\n<p><strong>\u2013 FIS vil publisere en offisiell liste med godkjente ut\u00f8vere og st\u00f8tteapparat. Lenken vil publiseres n\u00e5r de f\u00f8rste godkjenningene er delt ut, skriver forbundet.<\/strong><\/p>\n<p>Avgj\u00f8relsen om \u00e5 tillate at enkelte russiske ut\u00f8vere deltar som n\u00f8ytrale kom skuffende p\u00e5 presidenten i Norges Skiforbund, Tove Moe Dyrhaug.<\/p>\n<p>\u2013 Norges syn i denne saken st\u00e5r fast, men sammen med de andre medlemsnasjonene i FIS m\u00e5 vi naturligvis forholde oss til dette, sa hun til NRK tirsdag ettermiddag.<\/p>\n<p>NRK har fors\u00f8kt \u00e5 komme i kontakt med Dyrhaug etter at brevet fra FIS ble sendt til de nasjonale forbundene, uten hell.<\/p>\n<p><img decoding=\"async\"   src=\"data:image\/gif;base64,R0lGODlhAQABAIAAAAAAAP\/\/\/yH5BAEAAAAALAAAAAABAAEAAAIBRAA7\" loading=\"eager\" alt=\"Tove Moe Dyrhaug\" title=\"Foto: Alem Zebic \/ NRK\"\/><\/p>\n<p class=\"\">SKUFFET: Utfallet i CAS var ikke som skipresident Tove Moe Dyrhaug hadde h\u00e5pet.<\/p>\n<p>Foto: Alem Zebic \/ NRK<\/p>\n<p>Tre personer avgj\u00f8r<\/p>\n<p>Russiske ut\u00f8vere har v\u00e6rt utestengt fra FIS-konkurranser siden vinteren 2022, f\u00e5 dager etter Russlands invasjon av Ukraina. N\u00e5 har de full fart p\u00e5 vei tilbake i idretten.<\/p>\n<p>\u2013 N\u00e5 gjenst\u00e5r det \u00e5 se hvor mange av de russiske l\u00f8perne som faktisk f\u00e5r delta i OL. De skal gjennom en ny vurdering opp mot sin kobling til h\u00e6ren og krigen i Ukraina. Og de skal i tillegg faktisk kvalifisere seg p\u00e5 ganske s\u00e5 kort tid. Men for Russland og deres sportsgale president er dette dessverre en seier med stor symbolverdi, sier NRKs sportskommentator Jan Petter Saltvedt.<\/p>\n<p>I en pressemelding skrev FIS at ut\u00f8verne som \u00f8nsket n\u00f8ytralitetsstatus m\u00e5tte sende e-post til forbundet og s\u00f8ke om det. S\u00f8knadene skal gjennomg\u00e5s av generalsekret\u00e6ren i FIS, en uavhengig sportsintegritetsekspert og en representant fra FIS-administrasjonen som gjennomg\u00e5r funnene til FIS&#8217; sin gjennomgang av de aktuelle ut\u00f8verne.<\/p>\n<p>Publisert<\/p>\n<p>03.12.2025, kl. 11.53<\/p>\n<p>Oppdatert<\/p>\n<p>03.12.2025, kl. 12.16<\/p>\n","protected":false},"excerpt":{"rendered":"\u2013 Godkjennelsen av russiske ut\u00f8vere vil g\u00e5 raskt, men vi vil gj\u00f8re en n\u00f8ye vurdering, skriver FIS i&hellip;\n","protected":false},"author":2,"featured_media":103132,"comment_status":"","ping_status":"","sticky":false,"template":"","format":"standard","meta":{"footnotes":""},"categories":[5],"tags":[20,21,24,25,15,19,22,23,17,18,13,30,28,29,14,16,26,27],"class_list":{"0":"post-103131","1":"post","2":"type-post","3":"status-publish","4":"format-standard","5":"has-post-thumbnail","7":"category-overskrifter","8":"tag-breaking-news","9":"tag-breakingnews","10":"tag-featured-news","11":"tag-featurednews","12":"tag-headlines","13":"tag-hovedoppslag","14":"tag-latest-news","15":"tag-latestnews","16":"tag-main-news","17":"tag-mainnews","18":"tag-news","19":"tag-no","20":"tag-norge","21":"tag-norway","22":"tag-nyheter","23":"tag-overskrifter","24":"tag-top-stories","25":"tag-topstories"},"share_on_mastodon":{"url":"https:\/\/pubeurope.com\/@no\/115655568696741995","error":""},"_links":{"self":[{"href":"https:\/\/www.europesays.com\/no\/wp-json\/wp\/v2\/posts\/103131","targetHints":{"allow":["GET"]}}],"collection":[{"href":"https:\/\/www.europesays.com\/no\/wp-json\/wp\/v2\/posts"}],"about":[{"href":"https:\/\/www.europesays.com\/no\/wp-json\/wp\/v2\/types\/post"}],"author":[{"embeddable":true,"href":"https:\/\/www.europesays.com\/no\/wp-json\/wp\/v2\/users\/2"}],"replies":[{"embeddable":true,"href":"https:\/\/www.europesays.com\/no\/wp-json\/wp\/v2\/comments?post=103131"}],"version-history":[{"count":0,"href":"https:\/\/www.europesays.com\/no\/wp-json\/wp\/v2\/posts\/103131\/revisions"}],"wp:featuredmedia":[{"embeddable":true,"href":"https:\/\/www.europesays.com\/no\/wp-json\/wp\/v2\/media\/103132"}],"wp:attachment":[{"href":"https:\/\/www.europesays.com\/no\/wp-json\/wp\/v2\/media?parent=103131"}],"wp:term":[{"taxonomy":"category","embeddable":true,"href":"https:\/\/www.europesays.com\/no\/wp-json\/wp\/v2\/categories?post=103131"},{"taxonomy":"post_tag","embeddable":true,"href":"https:\/\/www.europesays.com\/no\/wp-json\/wp\/v2\/tags?post=103131"}],"curies":[{"name":"wp","href":"https:\/\/api.w.org\/{rel}","templated":true}]}}