{"id":103135,"date":"2025-12-03T12:16:18","date_gmt":"2025-12-03T12:16:18","guid":{"rendered":"https:\/\/www.europesays.com\/no\/103135\/"},"modified":"2025-12-03T12:16:18","modified_gmt":"2025-12-03T12:16:18","slug":"skattelistene-2024-sjekk-topplista-i-din-kommune-ringerikes-blad","status":"publish","type":"post","link":"https:\/\/www.europesays.com\/no\/103135\/","title":{"rendered":"Skattelistene 2024: Sjekk topplista i din kommune &#8211; Ringerikes Blad"},"content":{"rendered":"<ol>\n<li><a href=\"https:\/\/news.google.com\/rss\/articles\/CBMikAFBVV95cUxNOWp3MEpLQjIxdDNvQl9RRkxLeC1pMkNXM25KR0RhN1NEdnJZNnJJSmdMX3djaFYwSllhQUstUUIwMUpUY3FKX2NjdnF1RlFGeWNtS1ZWN2xUWDZSWHdUczFOdHkxWjNXdngwTHBnOXNqaDRkT0FMTGlfa05oMmowMXJBeFAzM2FQWngxMFNNV1c?oc=5\" target=\"_blank\" rel=\"nofollow noopener\">Skattelistene 2024: Sjekk topplista i din kommune<\/a>&nbsp;&nbsp;Ringerikes Blad<\/li>\n<li><a href=\"https:\/\/news.google.com\/rss\/articles\/CBMickFVX3lxTE1KbWt3TjZwLVdzSzFXZkUyNnl2RUExR0JSZXNqTGs3R2ZSZkRfUFdXTDFrd1NxbURzMmlVbWlCVzhNYWRLWk9pVVRNbHUzV0tTX091Rk54NjdDMnI0YzREbWw0VzV2ZzlMd0poLW5DbXc1dw?oc=5\" target=\"_blank\" rel=\"nofollow noopener\">Hadde et av sine beste \u00e5r<\/a>&nbsp;&nbsp;mn24.no<\/li>\n<li><a href=\"https:\/\/news.google.com\/rss\/articles\/CBMiygFBVV95cUxQWV8xLW9JWkYzNy04YWtBTlp5UE9DQmZrTW1jd1F4ZGM0TTZiTTR1WWx0VXF0NmVjWHZEalRVOFFuREZzUUFOMWxSUUdDVEFPSG9Uckd5ZjctclptTnBER0NVZmZnVWhYM2R3SHBoeFZqQVo1bUMzd0lOemEzTDI3Q29icXFGcHhmZDdYZ1hXYUZISU9MNnJCVHE2UFVJeENCVFktT2o5UE5vQi0tTnZKT2pXS05BQTVBVmZ1RUpFYmxHT1ZCSkpNYXRB?oc=5\" target=\"_blank\" rel=\"nofollow noopener\">P\u00e5 skatte- og formuetoppen i Br\u00f8nn\u00f8y: \u2013 Bare \u00e5 h\u00e5pe at de bruker pengene p\u00e5 fornuftig vis<\/a>&nbsp;&nbsp;banett.no<\/li>\n<li><a href=\"https:\/\/news.google.com\/rss\/articles\/CBMimwFBVV95cUxQVWZDcEpoclZGWERwTkZadTlqdGM4Q3JBT3cyb293QzIyYUZHX1k0cWdLay1VRWFuZGVFaE1GMjE0S2xXd3otWXlrNnJicngwX1Y3aEZpTjdPMl91UXk1UVAxWEVlN0xhLVZjRV9ibGdZMTUxMXdYOE93TjZFRHNuQm5fQUc0OC1ydGV2cmtwQnVPSDQwWmF6aTU4SQ?oc=5\" target=\"_blank\" rel=\"nofollow noopener\">Disse hadde h\u00f8yest inntekt i fjor: Carl (34) tjente 1,8 mrd.<\/a>&nbsp;&nbsp;E24<\/li>\n<li><a href=\"https:\/\/news.google.com\/rss\/articles\/CBMihgFBVV95cUxQWGZFYWVkclR5LXlNMnQ5Zk1vRDExUGZXSGd6TW16bWdLOXlkcDhGbVh5Ui1YSFlDTU82M2JnN0luYlhZZFVJQVZ2YmFfeFh1b3d4b1hJNDRvdVZxeUxlM0lEWm9oZ3FvRFhXR0NYSHMtQVU0TFo0cXNESUlKallqTmpnbGdTZw?oc=5\" target=\"_blank\" rel=\"nofollow noopener\">(+) Disse skattet mest i Aust-Agder<\/a>&nbsp;&nbsp;agderposten.no<\/li>\n<\/ol>\n","protected":false},"excerpt":{"rendered":"Skattelistene 2024: Sjekk topplista i din kommune&nbsp;&nbsp;Ringerikes Blad Hadde et av sine beste \u00e5r&nbsp;&nbsp;mn24.no P\u00e5 skatte- og formuetoppen&hellip;\n","protected":false},"author":2,"featured_media":6127,"comment_status":"","ping_status":"","sticky":false,"template":"","format":"standard","meta":{"footnotes":""},"categories":[10],"tags":[20,21,24,25,15,22,23,13,30,28,29,14,16,26,27],"class_list":{"0":"post-103135","1":"post","2":"type-post","3":"status-publish","4":"format-standard","5":"has-post-thumbnail","7":"category-norge","8":"tag-breaking-news","9":"tag-breakingnews","10":"tag-featured-news","11":"tag-featurednews","12":"tag-headlines","13":"tag-latest-news","14":"tag-latestnews","15":"tag-news","16":"tag-no","17":"tag-norge","18":"tag-norway","19":"tag-nyheter","20":"tag-overskrifter","21":"tag-top-stories","22":"tag-topstories"},"share_on_mastodon":{"url":"https:\/\/pubeurope.com\/@no\/115655592150113076","error":""},"_links":{"self":[{"href":"https:\/\/www.europesays.com\/no\/wp-json\/wp\/v2\/posts\/103135","targetHints":{"allow":["GET"]}}],"collection":[{"href":"https:\/\/www.europesays.com\/no\/wp-json\/wp\/v2\/posts"}],"about":[{"href":"https:\/\/www.europesays.com\/no\/wp-json\/wp\/v2\/types\/post"}],"author":[{"embeddable":true,"href":"https:\/\/www.europesays.com\/no\/wp-json\/wp\/v2\/users\/2"}],"replies":[{"embeddable":true,"href":"https:\/\/www.europesays.com\/no\/wp-json\/wp\/v2\/comments?post=103135"}],"version-history":[{"count":0,"href":"https:\/\/www.europesays.com\/no\/wp-json\/wp\/v2\/posts\/103135\/revisions"}],"wp:featuredmedia":[{"embeddable":true,"href":"https:\/\/www.europesays.com\/no\/wp-json\/wp\/v2\/media\/6127"}],"wp:attachment":[{"href":"https:\/\/www.europesays.com\/no\/wp-json\/wp\/v2\/media?parent=103135"}],"wp:term":[{"taxonomy":"category","embeddable":true,"href":"https:\/\/www.europesays.com\/no\/wp-json\/wp\/v2\/categories?post=103135"},{"taxonomy":"post_tag","embeddable":true,"href":"https:\/\/www.europesays.com\/no\/wp-json\/wp\/v2\/tags?post=103135"}],"curies":[{"name":"wp","href":"https:\/\/api.w.org\/{rel}","templated":true}]}}