{"id":103174,"date":"2025-12-03T13:16:10","date_gmt":"2025-12-03T13:16:10","guid":{"rendered":"https:\/\/www.europesays.com\/no\/103174\/"},"modified":"2025-12-03T13:16:10","modified_gmt":"2025-12-03T13:16:10","slug":"seriedrapsdomte-arnfinn-nesset-er-dod","status":"publish","type":"post","link":"https:\/\/www.europesays.com\/no\/103174\/","title":{"rendered":"Seriedrapsd\u00f8mte Arnfinn Nesset er d\u00f8d"},"content":{"rendered":"<p class=\"extendedContent hyperion-css-eyn926\" data-test-tag=\"lead-text\">Nesset ble 89 \u00e5r gammel. <\/p>\n<p><img decoding=\"async\" class=\"image-asset hyperion-css-u06ts1\" data-test-tag=\"image-asset\" src=\"https:\/\/www.europesays.com\/no\/wp-content\/uploads\/2025\/12\/3ec7b349-8fe9-4b17-b12c-d8ccba79259c\"  alt=\"Sykehjemsbestyrer Arnfinn Nesset (\u00f8verst til h\u00f8yre) i retten i Trondheim i 1982. Han var da 46 \u00e5r gammel. \"  loading=\"eager\" fetchpriority=\"high\" style=\"aspect-ratio:2048 \/ 1365\"\/>Sykehjemsbestyrer Arnfinn Nesset (\u00f8verst til h\u00f8yre) i retten i Trondheim i 1982. Han var da 46 \u00e5r gammel. Foto: Erik Thorberg \/ NTB<\/p>\n<p class=\"paywall hyperion-css-1j42uic\">D\u00f8dsfallet bekreftes av Nessets advokat, Per-Arne Skog, overfor <a aria-label=\"VG\" class=\"breaking-short hyperion-css-1raymq9\" href=\"https:\/\/www.vg.no\/nyheter\/i\/k0Wlxv\/den-norske-seriemorderen-arnfinn-nesset-er-doed\" target=\"_blank\" rel=\"noopener nofollow noreferrer\" data-test-tag=\"external-link\">VG<\/a>.<\/p>\n<p class=\"paywall hyperion-css-1j42uic\">\u2013 Jeg kan bekrefte at Arnfinn Nesset d\u00f8de tirsdag. Han sovnet fredfullt inn p\u00e5 et sykehjem, sier Skog.<\/p>\n<p class=\"paywall hyperion-css-1j42uic\">Nesset var kjent fra en av Norgeshistoriens st\u00f8rste kriminalsaker. I 1983 ble han d\u00f8mt for \u00e5 ha drept 22 pasienter p\u00e5 et sykehjem i Orkdal.<\/p>\n<p class=\"paywall hyperion-css-1j42uic\">Alle de drepte var pasienter p\u00e5 sykehjemmet. Og alle ble drept med giften curacit, if\u00f8lge dommen fra Frostating lagmannsretten, som falt i 1983.<\/p>\n<p class=\"paywall hyperion-css-1j42uic\">Nesset ble d\u00f8mt til 21 \u00e5rs fengsel og ti \u00e5rs sikring. I 1993 ble han overf\u00f8rt til fri soning og i 2004 ble han l\u00f8slatt. <\/p>\n<p class=\"paywall hyperion-css-1j42uic\">I etterforskningen av drapene innr\u00f8mmet Nesset i politiavh\u00f8r at han hadde brukt Curacit til \u00e5 ta liv. Men Nesset trakk alle tilst\u00e5elsene like f\u00f8r rettssaken. De senere \u00e5r nektet Nesset for \u00e5 ha drept noen og hevdet at han var utsatt for et justismord. <\/p>\n<p class=\"paywall hyperion-css-1j42uic\">Forfatter og journalist Simen S\u00e6tre har <a data-test-tag=\"internal-link\" href=\"https:\/\/www.aftenposten.no\/meninger\/debatt\/i\/jQVypA\/han-ble-kjent-som-norges-verste-seriemorder-naa-boer-saken-mot-arnfinn-nesset-gjenopptas\" class=\"hyperion-css-1raymq9\" rel=\"nofollow noopener\" target=\"\" aria-label=\"tatt til orde\" theme=\"breaking-short\">tatt til orde<\/a> for at saken mot Arnfinn Nesset b\u00f8r gjenopptas. <\/p>\n","protected":false},"excerpt":{"rendered":"Nesset ble 89 \u00e5r gammel. Sykehjemsbestyrer Arnfinn Nesset (\u00f8verst til h\u00f8yre) i retten i Trondheim i 1982. Han&hellip;\n","protected":false},"author":2,"featured_media":103175,"comment_status":"","ping_status":"","sticky":false,"template":"","format":"standard","meta":{"footnotes":""},"categories":[10],"tags":[20,21,24,25,15,22,23,13,30,28,29,14,16,26,27],"class_list":{"0":"post-103174","1":"post","2":"type-post","3":"status-publish","4":"format-standard","5":"has-post-thumbnail","7":"category-norge","8":"tag-breaking-news","9":"tag-breakingnews","10":"tag-featured-news","11":"tag-featurednews","12":"tag-headlines","13":"tag-latest-news","14":"tag-latestnews","15":"tag-news","16":"tag-no","17":"tag-norge","18":"tag-norway","19":"tag-nyheter","20":"tag-overskrifter","21":"tag-top-stories","22":"tag-topstories"},"share_on_mastodon":{"url":"https:\/\/pubeurope.com\/@no\/115655828210503647","error":""},"_links":{"self":[{"href":"https:\/\/www.europesays.com\/no\/wp-json\/wp\/v2\/posts\/103174","targetHints":{"allow":["GET"]}}],"collection":[{"href":"https:\/\/www.europesays.com\/no\/wp-json\/wp\/v2\/posts"}],"about":[{"href":"https:\/\/www.europesays.com\/no\/wp-json\/wp\/v2\/types\/post"}],"author":[{"embeddable":true,"href":"https:\/\/www.europesays.com\/no\/wp-json\/wp\/v2\/users\/2"}],"replies":[{"embeddable":true,"href":"https:\/\/www.europesays.com\/no\/wp-json\/wp\/v2\/comments?post=103174"}],"version-history":[{"count":0,"href":"https:\/\/www.europesays.com\/no\/wp-json\/wp\/v2\/posts\/103174\/revisions"}],"wp:featuredmedia":[{"embeddable":true,"href":"https:\/\/www.europesays.com\/no\/wp-json\/wp\/v2\/media\/103175"}],"wp:attachment":[{"href":"https:\/\/www.europesays.com\/no\/wp-json\/wp\/v2\/media?parent=103174"}],"wp:term":[{"taxonomy":"category","embeddable":true,"href":"https:\/\/www.europesays.com\/no\/wp-json\/wp\/v2\/categories?post=103174"},{"taxonomy":"post_tag","embeddable":true,"href":"https:\/\/www.europesays.com\/no\/wp-json\/wp\/v2\/tags?post=103174"}],"curies":[{"name":"wp","href":"https:\/\/api.w.org\/{rel}","templated":true}]}}