{"id":103176,"date":"2025-12-03T13:17:10","date_gmt":"2025-12-03T13:17:10","guid":{"rendered":"https:\/\/www.europesays.com\/no\/103176\/"},"modified":"2025-12-03T13:17:10","modified_gmt":"2025-12-03T13:17:10","slug":"russland-trondheim-russland-forvirring-en-e-post-kan-endre-alt","status":"publish","type":"post","link":"https:\/\/www.europesays.com\/no\/103176\/","title":{"rendered":"Russland, Trondheim | Russland-forvirring: \u00c9n e-post kan endre alt"},"content":{"rendered":"\n<p>Tirsdag ble det klart at Russland vant fram i CAS, og dermed kan russiske ut\u00f8vere som blir regnet som n\u00f8ytrale delta i verdenscupen og OL denne sesongen. <\/p>\n<p>F\u00f8rste mulighet i verdenscupen er rennene i Trondheim denne uken. Fredag, l\u00f8rdag og s\u00f8ndag er det verdenscuprenn i langrenn og kombinert i VM-arenaen i Gran\u00e5sen. <\/p>\n<p>Det er imidlertid mye som skal klaffe om de aktuelle russiske ut\u00f8verne skal kunne konkurrere i Trondheim. <\/p>\n<p>Den russiske skil\u00f8peren Sergej Volkov har ikke noe tro p\u00e5 at det blir noen russere i Trondheim. <\/p>\n<p>\u2013 Det blir ingen russiske skil\u00f8pere i Trondheim, det er det ingen sjanse for, sier han til <a href=\"https:\/\/www.adressa.no\/sport\/langrenn\/i\/9pljbE\/russisk-skiloeper-blir-ingen-russere-i-trondheim\" rel=\"Follow nofollow noopener\" target=\"_blank\">Adresseavisen.<\/a><\/p>\n<p>Dette har imidlertid ikke blitt bekreftet fra offisielt hold enn\u00e5. <\/p>\n<p>Har ikke f\u00e5tt e-post fra FIS<\/p>\n<p>Det internasjonale skiforbundet (FIS) har \u00e5pnet for at ut\u00f8vere kan sende inn s\u00f8knad for \u00e5 f\u00e5 konkurrere under n\u00f8ytralt flagg. Da m\u00e5 ut\u00f8verne oppfylle flere krav.<\/p>\n<p>FIS har nedsatt et panel som skal vurdere s\u00f8knadene, men det sp\u00f8rs om disse s\u00f8knadene blir ferdig behandlet i tide for rennene i Trondheim. <\/p>\n<p>Om s\u00f8knadene i s\u00e5 fall blir ferdig behandlet i tide, skal arrang\u00f8rene for verdenscuprennene i Trondheim f\u00e5 en e-post fra FIS om dette. <\/p>\n<p>Arrangementsjef i Norges Skiforbund, Terje Lund, opplyser til Nettavisen onsdag formiddag at de forel\u00f8pig ikke har mottatt en slik e-post. <\/p>\n<p>Lund ansl\u00e5r at alt m\u00e5 v\u00e6re p\u00e5 plass innen laglederm\u00f8tet torsdag kveld om det skal bli noe russisk deltakelse i Trondheim. <\/p>\n<p>En av de russiske l\u00f8perne som i utgangspunktet er aktuell for verdenscuprennene i Trondheim er Savelij Korostelev. Han var blant ut\u00f8verne som sto bak CAS-anken. <\/p>\n<p>Han har null tro p\u00e5 at han kommer til \u00e5 g\u00e5 rennene i Trondheim. <\/p>\n<p>\u2013 Det er ikke nok tid til \u00e5 f\u00e5 n\u00f8ytral status, skriver han i en melding til Nettavisen. <\/p>\n<p>Han h\u00e5per \u00e5 v\u00e6re klar til verdenscuprennene i Davos 12. &#8211; 14. desember. <\/p>\n<p>Dette er kravene<\/p>\n<p>I tillegg til FIS-s\u00f8knaden m\u00e5 aktuelle russiske ut\u00f8vere f\u00e5 innvilget visum til Norge om de skal konkurrere i Trondheim. Det er ogs\u00e5 <a href=\"https:\/\/www.nettavisen.no\/sport\/udi-disse-russerne-kan-fa-unntak\/s\/5-95-2759039\" rel=\"Follow nofollow noopener\" target=\"_blank\">usikkerhet rundt om det i s\u00e5 fall vil bli ordnet i tide. <\/a><\/p>\n<p>Nettavisen har spurt FIS om det er noen sjanse for at det blir russere p\u00e5 startstreken i Trondheim, men de har forel\u00f8pig ikke svart p\u00e5 henvendelsen. <\/p>\n<p>Russere som \u00f8nsker \u00e5 delta i FIS-konkurranser i tiden som kommer m\u00e5 oppfylle f\u00f8lgende vilk\u00e5r:<\/p>\n<ul>\n<li>Ingen frivillig forbindelse med det russiske eller belarusiske milit\u00e6ret eller med noen annen nasjonal sikkerhetsorganisasjon.<\/li>\n<li>Ingen kommunikasjon knyttet til Russland eller Belarus.<\/li>\n<li>Ingen st\u00f8tte til krigen i Ukraina.<\/li>\n<\/ul>\n","protected":false},"excerpt":{"rendered":"Tirsdag ble det klart at Russland vant fram i CAS, og dermed kan russiske ut\u00f8vere som blir regnet&hellip;\n","protected":false},"author":2,"featured_media":103177,"comment_status":"","ping_status":"","sticky":false,"template":"","format":"standard","meta":{"footnotes":""},"categories":[5],"tags":[20,21,24,25,15,19,22,23,17,18,13,30,28,29,14,16,26,27],"class_list":{"0":"post-103176","1":"post","2":"type-post","3":"status-publish","4":"format-standard","5":"has-post-thumbnail","7":"category-overskrifter","8":"tag-breaking-news","9":"tag-breakingnews","10":"tag-featured-news","11":"tag-featurednews","12":"tag-headlines","13":"tag-hovedoppslag","14":"tag-latest-news","15":"tag-latestnews","16":"tag-main-news","17":"tag-mainnews","18":"tag-news","19":"tag-no","20":"tag-norge","21":"tag-norway","22":"tag-nyheter","23":"tag-overskrifter","24":"tag-top-stories","25":"tag-topstories"},"share_on_mastodon":{"url":"https:\/\/pubeurope.com\/@no\/115655831997876747","error":""},"_links":{"self":[{"href":"https:\/\/www.europesays.com\/no\/wp-json\/wp\/v2\/posts\/103176","targetHints":{"allow":["GET"]}}],"collection":[{"href":"https:\/\/www.europesays.com\/no\/wp-json\/wp\/v2\/posts"}],"about":[{"href":"https:\/\/www.europesays.com\/no\/wp-json\/wp\/v2\/types\/post"}],"author":[{"embeddable":true,"href":"https:\/\/www.europesays.com\/no\/wp-json\/wp\/v2\/users\/2"}],"replies":[{"embeddable":true,"href":"https:\/\/www.europesays.com\/no\/wp-json\/wp\/v2\/comments?post=103176"}],"version-history":[{"count":0,"href":"https:\/\/www.europesays.com\/no\/wp-json\/wp\/v2\/posts\/103176\/revisions"}],"wp:featuredmedia":[{"embeddable":true,"href":"https:\/\/www.europesays.com\/no\/wp-json\/wp\/v2\/media\/103177"}],"wp:attachment":[{"href":"https:\/\/www.europesays.com\/no\/wp-json\/wp\/v2\/media?parent=103176"}],"wp:term":[{"taxonomy":"category","embeddable":true,"href":"https:\/\/www.europesays.com\/no\/wp-json\/wp\/v2\/categories?post=103176"},{"taxonomy":"post_tag","embeddable":true,"href":"https:\/\/www.europesays.com\/no\/wp-json\/wp\/v2\/tags?post=103176"}],"curies":[{"name":"wp","href":"https:\/\/api.w.org\/{rel}","templated":true}]}}