{"id":103193,"date":"2025-12-03T13:34:12","date_gmt":"2025-12-03T13:34:12","guid":{"rendered":"https:\/\/www.europesays.com\/no\/103193\/"},"modified":"2025-12-03T13:34:12","modified_gmt":"2025-12-03T13:34:12","slug":"dette-er-stale-solbakkens-tre-vm-hjelpere-mine-naermeste","status":"publish","type":"post","link":"https:\/\/www.europesays.com\/no\/103193\/","title":{"rendered":"Dette er St\u00e5le Solbakkens tre VM-hjelpere: \u2013 Mine n\u00e6rmeste"},"content":{"rendered":"\n<p class=\"_lead_o9xde_2 _lead_xtcu6_50 layout-component text-serif-m layout-normal text-serif-l layout-component layout-wide layout-padded _wide_17hqh_1 layout-padded\">St\u00e5le Solbakkens h\u00e5ndplukkede VM-gruppe er p\u00e5 vei til USA. Slik skal landslagssjefen skjermes fra de praktiske forberedelsene<\/p>\n<p><img alt=\" Foto: Bj\u00f8rn S. Delebekk \/ VG\" class=\"_image_qp4xg_65 layout-component layout-wide\" data-fullscreen- data-track-element-type=\"Article image fullscreen\" data-track-name=\"ImageFullscreen\" fetchpriority=\"high\" decoding=\"sync\" loading=\"eager\" height=\"5504\" itemprop=\"image\"  src=\"https:\/\/www.europesays.com\/no\/wp-content\/uploads\/2025\/12\/b00c0c31-11ad-455c-a423-3633359b7e8a\"  style=\"object-position:0% 0%\" width=\"8256\"\/> Foto: Bj\u00f8rn S. Delebekk \/ VGK\u00f8benhavn Lufthavn \/ Oslo Oppdatert onsdag 3. desember kl. 14:29    <\/p>\n<ul class=\"_list_o9xde_3 _list_64s2r_85 _unordered_o9xde_106 text-sans-m\">\n<li class=\"_item_o9xde_30\">St\u00e5le Solbakken har h\u00e5ndplukket Truls D\u00e6hli, Are Hokstad og Andr\u00e9 Flem til \u00e5 bli hans n\u00e6rmeste i VM-forberedelsene.<\/li>\n<li class=\"_item_o9xde_30\">Truls D\u00e6hli er hentet inn som sportslig prosjektleder for VM 2026.<\/li>\n<li class=\"_item_o9xde_30\">Gruppen skal reise til USA for \u00e5 planlegge Norges f\u00f8rste mesterskap p\u00e5 26 \u00e5r.<\/li>\n<\/ul>\n<p>Vis mer <\/p>\n<p class=\"_paragraph_o9xde_4 _paragraph_xtcu6_10 layout-component text-serif-m layout-normal text-serif-m layout-padded\">\u2013 Truls, Are og Andr\u00e9 blir mine n\u00e6rmeste, sier Norges landslagssjef <a href=\"https:\/\/www.vg.no\/tag\/staale-solbakken?utm_source=vg-article&amp;utm_medium=auto-tagger&amp;utm_campaign=y51LQr\" class=\"_link_o9xde_39\" rel=\"nofollow noopener\" target=\"_blank\">St\u00e5le Solbakken<\/a> til VG.<\/p>\n<p class=\"_paragraph_o9xde_4 _paragraph_xtcu6_10 layout-component text-serif-m layout-normal text-serif-m layout-padded\">Han snakker da om Truls D\u00e6hli, Are Hokstad og Andr\u00e9 Flem. Tre n\u00f8kkelpersoner i planleggingen av Norges f\u00f8rste mesterskap p\u00e5 26 \u00e5r.<\/p>\n<p class=\"_paragraph_o9xde_4 _paragraph_xtcu6_10 layout-component text-serif-m layout-normal text-serif-m layout-padded\">\u2013 Alle tre er ekstremt ryddige og p\u00e5litelige. Det er hardtarbeidende og selvstendige, det siste blir veldig viktig da dette er et helt nytt ballgame for alle, sier Solbakken videre.<\/p>\n<p class=\"_paragraph_o9xde_4 _paragraph_xtcu6_10 layout-component text-serif-m layout-normal text-serif-m layout-padded\">Fredag trekkes VM-gruppene. Da blir rammene lagt for hvor og n\u00e5r kampene til Norge spilles.<\/p>\n<p class=\"_paragraph_o9xde_4 _paragraph_xtcu6_10 layout-component text-serif-m layout-normal text-serif-m layout-padded\">Trekningen kan du f\u00f8lge p\u00e5 VG.<\/p>\n<p class=\"_paragraph_o9xde_4 _paragraph_xtcu6_10 layout-component text-serif-m layout-normal text-serif-m layout-padded\">Tidligere VG-kommentator og NFF-topp, Truls D\u00e6hli er <a href=\"https:\/\/www.vg.no\/sport\/i\/zO5eBv\/faar-noekkelrolle-i-vm-planleggingen\" data-track-element-type=\"Link\" data-track-id=\"link:zO5eBv\" class=\"_link_o9xde_39\" rel=\"nofollow noopener\" target=\"_blank\">hentet tilbake til forbundet som sportslig prosjektleder<\/a> for VM 2026. <\/p>\n<p class=\"_paragraph_o9xde_4 _paragraph_xtcu6_10 layout-component text-serif-m layout-normal text-serif-m layout-padded\">Han er allerede i gang med planleggingen, men legger ikke skjul p\u00e5 at det er vanskelig f\u00f8r man vet rammene for mesterskapet.<\/p>\n<p class=\"_paragraph_o9xde_4 _paragraph_xtcu6_10 layout-component text-serif-m layout-normal text-serif-m layout-padded\">\u2013 Forskjellen er jo enorm. Akkurat n\u00e5 g\u00e5r vi bare rundt og suser, og plutselig s\u00e5 er alt helt konkret. Hvem vi skal spille mot, n\u00e5r vi skal spille, hvor vi skal spille, og alt dette er, og da er jo VM i gang, sier D\u00e6hli (69) til VG \u2013 like f\u00f8r boarding av SK 925 til Washington og VM-trekning.<\/p>\n<p><img alt=\"Truls D\u00e6hli leder Norges \u00abtask force\u00bb inn mot VM 2026. Her p\u00e5 plass i K\u00f8benhavn.  Foto: Vegard Aulstad\" class=\"_image_qp4xg_65 layout-component layout-normal\" data-fullscreen- data-track-element-type=\"Article image fullscreen\" data-track-name=\"ImageFullscreen\" decoding=\"async\" loading=\"lazy\" height=\"4284\" itemprop=\"image\"  src=\"https:\/\/www.europesays.com\/no\/wp-content\/uploads\/2025\/12\/a52b16e0-8f63-4f7b-af8a-462ee9f66afe\"  style=\"object-position:0% 0%\" width=\"5712\"\/>Truls D\u00e6hli leder Norges \u00abtask force\u00bb inn mot VM 2026. Her p\u00e5 plass i K\u00f8benhavn.  Foto: Vegard Aulstad<\/p>\n<p class=\"_paragraph_o9xde_4 _paragraph_xtcu6_10 layout-component text-serif-m layout-normal text-serif-m layout-padded\">Solbakken reiser til USA torsdag \u2013 sammen med fotballpresident Lise Klaveness og generalsekret\u00e6r Karl-Petter L\u00f8ken.<\/p>\n<p class=\"_paragraph_o9xde_4 _paragraph_xtcu6_10 layout-component text-serif-m layout-normal text-serif-m layout-padded\">Landslagets nye team er kommet sammen p\u00e5 personlig \u00f8nske fra landslagssjefen.<\/p>\n<p class=\"_paragraph_o9xde_4 _paragraph_xtcu6_10 layout-component text-serif-m layout-normal text-serif-m layout-padded\">\u2013 De er h\u00e5ndplukket av meg. Jeg har jobbet tett med alle, sier Solbakken.<\/p>\n<p class=\"_paragraph_o9xde_4 _paragraph_xtcu6_10 layout-component text-serif-m layout-normal text-serif-m layout-padded\">Sammen med Flem og Hokstad skal han s\u00f8rge for at landslagssjefen f\u00e5r et mer komfortabelt halv\u00e5r f\u00f8r VM starter.<\/p>\n<p class=\"_paragraph_o9xde_4 _paragraph_xtcu6_10 layout-component text-serif-m layout-normal text-serif-m layout-padded\">\u2013 St\u00e5le kan ikke drive med ting som egentlig han ikke skal drive med. Han skal skjermes s\u00e5 langt det g\u00e5r, fordi han skal drive med det han er sjef for, som er fotball, p\u00e5 landslaget. Det er grunnen, forklarer D\u00e6hli.<\/p>\n<p class=\"_paragraph_o9xde_4 _paragraph_xtcu6_10 layout-component text-serif-m layout-normal text-serif-m layout-padded\">\u2013 Poenget er jo at vi som driver sporten skal bruke 99 prosent av tiden p\u00e5 det, svarer Solbakken.<\/p>\n<p class=\"_paragraph_o9xde_4 _paragraph_xtcu6_10 layout-component text-serif-m layout-normal text-serif-m layout-padded\">Landslaget \u00f8nsker \u00e5 holde \u00abden innerste kretsen\u00bb s\u00e5 liten som mulig. Men den sirkelen, som best\u00e5r blant annet av landslagets st\u00f8tteapparat, er for liten.<\/p>\n<p class=\"_paragraph_o9xde_4 _paragraph_xtcu6_10 layout-component text-serif-m layout-normal text-serif-m layout-padded\">\u2013 N\u00e5 m\u00e5 det utvides. Det er alle innforst\u00e5tt med. Men det gjelder \u00e5 utvide p\u00e5 en m\u00e5te slik at det blir best mulig og slik at St\u00e5le er mest mulig forn\u00f8yd, forklarer D\u00e6hli.<\/p>\n<p><img alt=\"Truls D\u00e6hli, Are Hokstad og Andr\u00e9 Flem.  Foto: NTB og NFF\" class=\"_image_qp4xg_65 layout-component layout-normal\" data-fullscreen- data-track-element-type=\"Article image fullscreen\" data-track-name=\"ImageFullscreen\" decoding=\"async\" loading=\"lazy\" height=\"1668\" itemprop=\"image\"  src=\"https:\/\/www.europesays.com\/no\/wp-content\/uploads\/2025\/12\/e487071d-7fab-4c1b-a115-58597e3a4add\"  style=\"object-position:0% 0%\" width=\"2500\"\/>Truls D\u00e6hli, Are Hokstad og Andr\u00e9 Flem.  Foto: NTB og NFF<\/p>\n<p class=\"_paragraph_o9xde_4 _paragraph_xtcu6_10 layout-component text-serif-m layout-normal text-serif-m layout-padded\">N\u00e5 er USA neste destinasjon. D\u00e6hli blir v\u00e6rende over dammen etter trekningen. Der skal man komme til bunns i hvor Norge skal bo, og sjekklisten er klar.<\/p>\n<p class=\"_paragraph_o9xde_4 _paragraph_xtcu6_10 layout-component text-serif-m layout-normal text-serif-m layout-padded\">D\u00e6hli og teamet skal vurdere:<\/p>\n<ul class=\"_list_o9xde_3 _list_xtcu6_9 _unordered_o9xde_106 layout-component text-serif-m layout-normal text-serif-m layout-padded\">\n<li class=\"_item_o9xde_30\">Hvordan hotellet er og hvordan det er \u00e5 bo.<\/li>\n<li class=\"_item_o9xde_30\">Hvilke friheter og muligheter man har.<\/li>\n<li class=\"_item_o9xde_30\">Avstand<\/li>\n<li class=\"_item_o9xde_30\">Kvalitet p\u00e5 treningsanlegg<\/li>\n<\/ul>\n<p class=\"_paragraph_o9xde_4 _paragraph_xtcu6_10 layout-component text-serif-m layout-normal text-serif-m layout-padded\">De velger oppholdssted etter FIFA-katalogen. <\/p>\n<p class=\"_paragraph_o9xde_4 _paragraph_xtcu6_10 layout-component text-serif-m layout-normal text-serif-m layout-padded\">\u2013 Det er en del vi kan velge fra ulike kategorier. S\u00e5 setter vi opp en \u00f8nskeliste. Kanskje f\u00e5r vi nummer \u00e9n, kanskje f\u00e5r vi nummer to, sier D\u00e6hli.<\/p>\n<p class=\"_paragraph_o9xde_4 _paragraph_xtcu6_10 layout-component text-serif-m layout-normal text-serif-m layout-padded\">Her kan du lese mer om hotellene og treningsanleggene Norge kan velge i:<\/p>\n<p class=\"_paragraph_o9xde_4 _paragraph_xtcu6_10 layout-component text-serif-m layout-normal layout-padded\"><strong class=\"_strong_o9xde_25\">Les ogs\u00e5:<\/strong> <a href=\"https:\/\/www.vg.no\/i\/GyzX46\" data-track-element-type=\"Link\" data-track-id=\"link:GyzX46\" class=\"_link_o9xde_39\" rel=\"nofollow noopener\" target=\"_blank\">Alt du m\u00e5 vite om fotball-VM i 2026<\/a><\/p>\n","protected":false},"excerpt":{"rendered":"St\u00e5le Solbakkens h\u00e5ndplukkede VM-gruppe er p\u00e5 vei til USA. Slik skal landslagssjefen skjermes fra de praktiske forberedelsene Foto:&hellip;\n","protected":false},"author":2,"featured_media":103194,"comment_status":"","ping_status":"","sticky":false,"template":"","format":"standard","meta":{"footnotes":""},"categories":[59],"tags":[92,3163,30,28,29,83,82,1387],"class_list":{"0":"post-103193","1":"post","2":"type-post","3":"status-publish","4":"format-standard","5":"has-post-thumbnail","7":"category-sport","8":"tag-fotball","9":"tag-herrelandslaget-fotball","10":"tag-no","11":"tag-norge","12":"tag-norway","13":"tag-sport","14":"tag-sports","15":"tag-stale-solbakken"},"share_on_mastodon":{"url":"https:\/\/pubeurope.com\/@no\/115655899509718074","error":""},"_links":{"self":[{"href":"https:\/\/www.europesays.com\/no\/wp-json\/wp\/v2\/posts\/103193","targetHints":{"allow":["GET"]}}],"collection":[{"href":"https:\/\/www.europesays.com\/no\/wp-json\/wp\/v2\/posts"}],"about":[{"href":"https:\/\/www.europesays.com\/no\/wp-json\/wp\/v2\/types\/post"}],"author":[{"embeddable":true,"href":"https:\/\/www.europesays.com\/no\/wp-json\/wp\/v2\/users\/2"}],"replies":[{"embeddable":true,"href":"https:\/\/www.europesays.com\/no\/wp-json\/wp\/v2\/comments?post=103193"}],"version-history":[{"count":0,"href":"https:\/\/www.europesays.com\/no\/wp-json\/wp\/v2\/posts\/103193\/revisions"}],"wp:featuredmedia":[{"embeddable":true,"href":"https:\/\/www.europesays.com\/no\/wp-json\/wp\/v2\/media\/103194"}],"wp:attachment":[{"href":"https:\/\/www.europesays.com\/no\/wp-json\/wp\/v2\/media?parent=103193"}],"wp:term":[{"taxonomy":"category","embeddable":true,"href":"https:\/\/www.europesays.com\/no\/wp-json\/wp\/v2\/categories?post=103193"},{"taxonomy":"post_tag","embeddable":true,"href":"https:\/\/www.europesays.com\/no\/wp-json\/wp\/v2\/tags?post=103193"}],"curies":[{"name":"wp","href":"https:\/\/api.w.org\/{rel}","templated":true}]}}