{"id":103195,"date":"2025-12-03T13:35:34","date_gmt":"2025-12-03T13:35:34","guid":{"rendered":"https:\/\/www.europesays.com\/no\/103195\/"},"modified":"2025-12-03T13:35:34","modified_gmt":"2025-12-03T13:35:34","slug":"om-a-vokse-opp-med-tre-eldre-sostre","status":"publish","type":"post","link":"https:\/\/www.europesays.com\/no\/103195\/","title":{"rendered":"Om \u00e5 vokse opp med tre eldre s\u00f8stre."},"content":{"rendered":"<p class=\"kicker \" style=\"\">Kjendisbarn<\/p>\n<p>  &#8211; Forh\u00e5pentligvis l\u00e6rer de deg \u00e5 bli en gentleman, skriver moren om de tre stores\u00f8strene p\u00e5virkning p\u00e5 ham.<\/p>\n<p>\n    HERDET: Moren mener det ikke er bare bare \u00e5 vokse opp med tre stores\u00f8sken. FOTO: NTB\n  <\/p>\n<p>Fra rundt millenniumsskiftet var det knapt mulig \u00e5 skru p\u00e5 TV-en eller \u00e5pne en avis, uten at denne karens far dukket opp. Og snart skulle v\u00e5r unge venns far ogs\u00e5 gj\u00f8re sitt inntog i bybildet, med stadig nye etablissementer innenlands og utenlands. For ikke \u00e5 snakke om alle julaftener han reddet, med stadig nye utgivelser som egnet seg under treet.\u00a0<\/p>\n<p>Selv kom v\u00e5r unge venn til verden i 2010, som den til da yngste i s\u00f8skenflokken. Der de tre stores\u00f8strene har navn som hentet fra en heller s\u00f8tladen blomsterverden, sender v\u00e5r venns navn tankene i retning vennskap, for ikke \u00e5 si en riktig bj\u00f8rneklem.\u00a0<\/p>\n<p>Seks \u00e5r senere kom enda en lillebror, ogs\u00e5 han med et navn fra naturen, om enn fra det v\u00e5te element, snarere enn fra floraen.\u00a0<\/p>\n<p>    <a itemprop=\"url\" href=\"https:\/\/www.kk.no\/livet\/emma-husker-fortsatt-folelsen-av-a-fa-spille-pa-jentelaget\/83878792\" rel=\"nofollow noopener\" target=\"_blank\"><\/p>\n<p>      <img loading=\"lazy\" decoding=\"async\" src=\"https:\/\/www.europesays.com\/no\/wp-content\/uploads\/2025\/12\/83908900.webp\" width=\"147\" height=\"98\" title=\"Emma Ellingsen: - Redd for at noen er sammen med meg av nysgjerrighet\" alt=\"\" class=\"lazyload\" style=\"--aspect-ratio-image: 1.50; \"\/><\/p>\n<p>        Emma Ellingsen: &#8211; Redd for at noen er sammen med meg av nysgjerrighet<\/p>\n<p>    <\/a><\/p>\n<p>Pastell-bryllup\t<\/p>\n<p>\u00c5ret var 2000 da pappa giftet seg med modell Juliette Norton, og mange husker kanskje brudgommens rocka kinnskjegg og pastellfargede antrekk vel s\u00e5 godt som Y2K og badekar fulle av vann i tilfelle datasammenbrudd.\u00a0<\/p>\n<p>Pappa har mellomnavnet Trevor, men det er snarere etternavnet som er blitt merkevaren som har satt ham s\u00e5 til de grader p\u00e5 kartet. Mellomnavn Trevor vokste opp i Essex i England, der foreldrene drev pub, og her l\u00e6rte han grunnleggende kj\u00f8kkenferdigheter, og ble etter hvert inspirert til kokkeyrket. Lenge assosierte mange ham med kj\u00f8kkentjeneste i bare nettoen, noe som for\u00f8vrig var en sannhet med modifikasjon. \u00abNakenheten\u00bb spilte snarere p\u00e5 den fremadstormende kokkens filosofi om \u00e5 kutte ned p\u00e5 fiksfakserier i kj\u00f8kkenveien, og lage mat p\u00e5 den enkle og gode m\u00e5ten.\u00a0<\/p>\n<p>Har du skj\u00f8nt hvem vi er ute etter? La oss ta et par hint til.\u00a0<\/p>\n<p>    <a itemprop=\"url\" href=\"https:\/\/www.kk.no\/mote\/de-er-svaere-og-tjukke-men-verdt-a-bruke-tiden-pa\/83906875\" rel=\"nofollow noopener\" target=\"_blank\"><\/p>\n<p>      <img loading=\"lazy\" decoding=\"async\" src=\"https:\/\/www.europesays.com\/no\/wp-content\/uploads\/2025\/12\/1764768925_557_83907677.webp\" width=\"147\" height=\"98\" title=\"- De er sv\u00e6re og tjukke, men verdt \u00e5 bruke tiden p\u00e5\" alt=\"\" class=\"lazyload\" style=\"--aspect-ratio-image: 1.50; \"\/><\/p>\n<p>        &#8211; De er sv\u00e6re og tjukke, men verdt \u00e5 bruke tiden p\u00e5<\/p>\n<p>    <\/a><\/p>\n<p>Gikk konkurs\t<\/p>\n<p>Om en ballong blir stor nok, fortsetter den enten \u00e5 stige, eller den sprekker. Det var ogs\u00e5 det som skjedde med mellomnavn Trevors storsatsninng. I 2019 kom meldingen om at restaurantkjeden hans var konkurs, og at over 1000 ansatte sto i fare for \u00e5 miste jobben.\u00a0<\/p>\n<p>Jepp! Vi snakker selvsagt om kokke-ikonet Jamie Oliver &#8211; og hans s\u00f8nn Buddy Bear Maurice Oliver (15).\u00a0<\/p>\n<p>          <img loading=\"lazy\" decoding=\"async\" src=\"https:\/\/www.europesays.com\/no\/wp-content\/uploads\/2025\/12\/83922929.webp\" width=\"686\" height=\"865\" title=\"VELKOMMEN: Jamie Oliver med sin nyf\u00f8dte s\u00f8nn Buddy Bear Maurice Oliver i september 2010. FOTO: NTB\" alt=\"\" class=\"\" style=\"--aspect-ratio-image: 0.79; \"\/><\/p>\n<p>\n          VELKOMMEN: Jamie Oliver med sin nyf\u00f8dte s\u00f8nn Buddy Bear Maurice Oliver i september 2010. FOTO: NTB\n      <\/p>\n<p>I 2025 var Buddy \u00e5 se p\u00e5 den r\u00f8de l\u00f8peren, sammen med mamma Jools og stores\u00f8ster\u00a0Poppy Honey Rosie Oliver, p\u00e5 Gala-fremvisningen av filmen \u00abCaught Stealing\u00bb.\u00a0\u00a0<\/p>\n<p>          <img loading=\"lazy\" decoding=\"async\" src=\"https:\/\/www.europesays.com\/no\/wp-content\/uploads\/2025\/12\/83922834.webp\" width=\"686\" height=\"899\" title=\"P\u00c5 KINO: Buddy Bear p\u00e5 film-premiere sammen med mamma Jools Oliver og stores\u00f8ster Poppy Honey i London i 2025 FOTO: NTB\" alt=\"\" class=\"\" style=\"--aspect-ratio-image: 0.76; \"\/><\/p>\n<p>\n          P\u00c5 KINO: Buddy Bear p\u00e5 film-premiere sammen med mamma Jools Oliver og stores\u00f8ster Poppy Honey i London i 2025 FOTO: NTB\n      <\/p>\n<p>De \u00f8vrige s\u00f8sknene heter\u00a0Daisy Boo Pamela Oliver (2003), Petal Blossom Rainbow Oliver (2009), og River Rocket Oliver (2016).<\/p>\n<p>Men om deler av Jamie Olivers virksomheten er lagt ned, har han likefullt hatt &#8211; og har &#8211; en eventyrlig karriere. Gjennom restauranten Fifteen i London, har han tatt inn vanskeligstilt ungdom for oppl\u00e6ring i matbransjen, og i 2003 fikk han\u00a0Order of the British empire, for sin innsats for \u00e5\u00a0bedre matforholdene i skolene i England og USA, et prosjekt det ogs\u00e5 har blitt laget TV av.\u00a0<\/p>\n<p>    <a itemprop=\"url\" href=\"https:\/\/www.kk.no\/mote\/selv-om-det-ikke-finnes-lenger-sa-elsker-jeg-det\/83904041\" rel=\"nofollow noopener\" target=\"_blank\"><\/p>\n<p>      <img loading=\"lazy\" decoding=\"async\" src=\"https:\/\/www.europesays.com\/no\/wp-content\/uploads\/2025\/12\/1764768930_524_83906497.webp\" width=\"147\" height=\"98\" title=\"- Selv om det ikke finnes lenger, s\u00e5 elsker jeg det\" alt=\"\" class=\"lazyload\" style=\"--aspect-ratio-image: 1.50; \"\/><\/p>\n<p>        &#8211; Selv om det ikke finnes lenger, s\u00e5 elsker jeg det<\/p>\n<p>    <\/a><\/p>\n<p>Hyller kona\t<\/p>\n<p>Instagramkontoen hans har over ti millioner f\u00f8lgere, og hans nyeste kokebok \u00abEat youself Healthy\u00bb, har oppskriftersom skal v\u00e6re b\u00e5de sunne, velsmakende og enkle.\u00a0<\/p>\n<p>Da Jamie og Jools feiret 25-\u00e5rs bryllupsdag i 2025, la han ut brudebildet p\u00e5 Instagram og kunne ikke f\u00e5 fullrost kona:\u00a0<\/p>\n<p class=\"font-weight-bold m-font-weight-bold\" data-lab-font_weight=\"font-weight-bold\">&#8211; Jools, du er min klipp. Snill, morsom, alltid der for meg og barna. Helt \u00e6rlig, uten deg kunne jeg aldri f\u00e5tt til noe jeg er stolt over.\u00a0<\/p>\n<p>          <img loading=\"lazy\" decoding=\"async\" src=\"https:\/\/www.europesays.com\/no\/wp-content\/uploads\/2025\/12\/83922847.webp\" width=\"686\" height=\"892\" title=\"SNART KLAR: Stjernekokken Jamie Oliver og kona Jools da de giftet seg i All Saints Church i Rickling i England i \u00e5r 2000. FOTO: NTB\" alt=\"\" class=\"\" style=\"--aspect-ratio-image: 0.77; \"\/><\/p>\n<p>\n          SNART KLAR: Stjernekokken Jamie Oliver og kona Jools da de giftet seg i All Saints Church i Rickling i England i \u00e5r 2000. FOTO: NTB\n      <\/p>\n<p>Han skriver videre at det er et privilegium \u00e5 bli eldre sammen med henne:\u00a0<\/p>\n<p>&#8211; Jeg synes fortsatt du er like nydelig som da vi var 18 \u00e5r. Selv om du ikke tror det, s\u00e5 er du det!<\/p>\n<p>    <a itemprop=\"url\" href=\"https:\/\/www.kk.no\/underholdning\/ser-du-hvem-hun-er-datteren-til\/83693412\" rel=\"nofollow noopener\" target=\"_blank\"><\/p>\n<p>      <img loading=\"lazy\" decoding=\"async\" src=\"https:\/\/www.europesays.com\/no\/wp-content\/uploads\/2025\/12\/83694421.webp\" width=\"147\" height=\"98\" title=\"Ser du hvem hun er datteren til?\" alt=\"\" class=\"lazyload\" style=\"--aspect-ratio-image: 1.50; \"\/><\/p>\n<p>        Ser du hvem hun er datteren til?<\/p>\n<p>    <\/a><\/p>\n<p>S\u00f8nnen godt herdet\t<\/p>\n<p>Heller ikke Jools er fremmed for \u00e5 ty til sosiale medier for \u00e5 hylle sine n\u00e6re og kj\u00e6re. Da Buddy Bear fylte 15 \u00e5r i 2025, la moren ut en bildekavalkade, med en kj\u00e6rlighetserkl\u00e6ring til s\u00f8nnen. Der beskriver hun hans gode hum\u00f8r og avslappede natur, og trekker s\u00e6rlig frem hans toleranse:\u00a0<\/p>\n<p>&#8211; \u00c5 ha tre eldre s\u00f8stre er ikke bare bare. Forh\u00e5pentligvis l\u00e6rer de deg \u00e5 bli en gentleman og et skj\u00f8nt menneske, skriver moren.\u00a0\u00a0<\/p>\n<p>\u00a0<\/p>\n<p>            <img loading=\"lazy\" decoding=\"async\" src=\"https:\/\/www.europesays.com\/no\/wp-content\/uploads\/2025\/12\/1764768934_803_80519927.webp\" width=\"216\" height=\"234\" title=\"Har du et tips?\" alt=\"\" class=\"\" style=\"--aspect-ratio-image: 0.92; \"\/><\/p>\n<p>        Har du et tips?<\/p>\n<p class=\"subtitle\">Hei, jeg heter Hege L\u00f8vstad Toverud og er journalist i KK.<br \/>\nHar du et tips, en historie du vil fortelle eller et felt du mener vi b\u00f8r skrive om?<\/p>\n","protected":false},"excerpt":{"rendered":"Kjendisbarn &#8211; Forh\u00e5pentligvis l\u00e6rer de deg \u00e5 bli en gentleman, skriver moren om de tre stores\u00f8strene p\u00e5virkning p\u00e5&hellip;\n","protected":false},"author":2,"featured_media":103196,"comment_status":"","ping_status":"","sticky":false,"template":"","format":"standard","meta":{"footnotes":""},"categories":[58],"tags":[13038,71,13037,13036,5610,3026,30,28,29,5467,5465,13039,72],"class_list":{"0":"post-103195","1":"post","2":"type-post","3":"status-publish","4":"format-standard","5":"has-post-thumbnail","7":"category-underholdning","8":"tag-buddy-bear","9":"tag-entertainment","10":"tag-jamie-oliver","11":"tag-jools-oliver","12":"tag-kjendisbarn","13":"tag-navn","14":"tag-no","15":"tag-norge","16":"tag-norway","17":"tag-sjeldne-guttenavn","18":"tag-sjeldne-navn","19":"tag-the-naked-chef","20":"tag-underholdning"},"share_on_mastodon":{"url":"https:\/\/pubeurope.com\/@no\/115655903106809398","error":""},"_links":{"self":[{"href":"https:\/\/www.europesays.com\/no\/wp-json\/wp\/v2\/posts\/103195","targetHints":{"allow":["GET"]}}],"collection":[{"href":"https:\/\/www.europesays.com\/no\/wp-json\/wp\/v2\/posts"}],"about":[{"href":"https:\/\/www.europesays.com\/no\/wp-json\/wp\/v2\/types\/post"}],"author":[{"embeddable":true,"href":"https:\/\/www.europesays.com\/no\/wp-json\/wp\/v2\/users\/2"}],"replies":[{"embeddable":true,"href":"https:\/\/www.europesays.com\/no\/wp-json\/wp\/v2\/comments?post=103195"}],"version-history":[{"count":0,"href":"https:\/\/www.europesays.com\/no\/wp-json\/wp\/v2\/posts\/103195\/revisions"}],"wp:featuredmedia":[{"embeddable":true,"href":"https:\/\/www.europesays.com\/no\/wp-json\/wp\/v2\/media\/103196"}],"wp:attachment":[{"href":"https:\/\/www.europesays.com\/no\/wp-json\/wp\/v2\/media?parent=103195"}],"wp:term":[{"taxonomy":"category","embeddable":true,"href":"https:\/\/www.europesays.com\/no\/wp-json\/wp\/v2\/categories?post=103195"},{"taxonomy":"post_tag","embeddable":true,"href":"https:\/\/www.europesays.com\/no\/wp-json\/wp\/v2\/tags?post=103195"}],"curies":[{"name":"wp","href":"https:\/\/api.w.org\/{rel}","templated":true}]}}